{"id":6397,"date":"2015-12-14T22:45:18","date_gmt":"2015-12-15T02:45:18","guid":{"rendered":"http:\/\/delamanodemaria.com\/?p=6397"},"modified":"2015-12-14T22:45:18","modified_gmt":"2015-12-15T02:45:18","slug":"reflexion-para-el-martes-de-la-tercera-semana-de-adviento-15-12-15-2","status":"publish","type":"post","link":"http:\/\/delamanodemaria.com\/?p=6397","title":{"rendered":"REFLEXI\u00d3N PARA EL MARTES DE LA TERCERA SEMANA DE ADVIENTO 15-12-15"},"content":{"rendered":"<p><img decoding=\"async\" loading=\"lazy\" class=\"alignnone size-full wp-image-4627\" src=\"http:\/\/delamanodemaria.com\/wp-content\/uploads\/2014\/12\/Mt-21-28.jpg\" alt=\"Mt 21-28\" width=\"602\" height=\"364\" srcset=\"http:\/\/delamanodemaria.com\/wp-content\/uploads\/2014\/12\/Mt-21-28.jpg 602w, http:\/\/delamanodemaria.com\/wp-content\/uploads\/2014\/12\/Mt-21-28-300x181.jpg 300w, http:\/\/delamanodemaria.com\/wp-content\/uploads\/2014\/12\/Mt-21-28-496x300.jpg 496w\" sizes=\"(max-width: 602px) 100vw, 602px\" \/><\/p>\n<p>La lectura evang\u00e9lica que nos propone la liturgia para este martes de la tercera semana de Adviento (Mt 21,28-32), que es continuaci\u00f3n de la que le\u00edamos ayer, termina con una de esas sentencias \u201cfuertes\u201d de Jes\u00fas que nos estremecen: \u201cOs aseguro que los publicanos y las prostitutas os llevan la delantera en el camino del Reino de Dios. Porque vino Juan a vosotros ense\u00f1\u00e1ndoos el camino de la justicia, y no le cre\u00edsteis; en cambio, los publicanos y prostitutas le creyeron. Y, aun despu\u00e9s de ver esto, vosotros no recapacitasteis ni le cre\u00edsteis\u201d. Y en el meollo de todo est\u00e1 la frase \u201cle creyeron\u201d. Como hemos repetido en tantas ocasiones, la fe implica, no solo \u201ccreer\u201d en Jes\u00fas, sino en \u201ccreerle\u201d a Jes\u00fas, creer en su Palabra salv\u00edfica. Y ese creer en Jes\u00fas se manifiesta al poner en pr\u00e1ctica, actuar acorde a esa Palabra, a dar TESTIMONIO. Es la culminaci\u00f3n del proceso de conversi\u00f3n a que la Iglesia nos exhorta en este tiempo especial de Adviento.<\/p>\n<p>La lectura nos presenta a dos hijos que escuchan las mismas palabras del padre. Uno le dice que no, pero luego recapacita y va a hacer lo que el padre le pidi\u00f3. El otro se muestra \u201cobediente\u201d y le dice que s\u00ed, pero luego no lo hace. Con esta par\u00e1bola Jes\u00fas est\u00e1 \u201cretratando\u201d a los sumos sacerdotes y ancianos, quienes daban \u201ccumplimiento\u201d (\u201ccumplo\u201d y \u201cmiento\u201d) exterior a la Ley, ofreciendo toda clase de sacrificios y holocaustos, mientras en sus corazones se cre\u00edan superiores a los dem\u00e1s y no practicaban la misericordia (\u201cPorque yo quiero misericordia, no sacrificio\u2026\u201d &#8211; Os 6,6). \u00bfA cu\u00e1ntos de nosotros estar\u00e1 \u201cretratando\u201d Jes\u00fas?<\/p>\n<p>En la primera lectura (So 3,1-2.9-13) el profeta denuncia la incredulidad, la falta de fe y la soberbia del pueblo: \u201c\u00a1Ay de la ciudad rebelde, manchada y opresora! No obedeci\u00f3 ni escarment\u00f3, no aceptaba la instrucci\u00f3n, no confiaba en el Se\u00f1or, no se acercaba a su Dios\u201d. Entonces anuncia que la Palabra de Dios ser\u00e1 acogida por otros pueblos: \u201c[d]ar\u00e9 a los pueblos labios puros, para que invoquen todos el nombre del Se\u00f1or, para que le sirvan un\u00e1nimes. Desde m\u00e1s all\u00e1 de los r\u00edos de Etiop\u00eda, mis fieles dispersos me traer\u00e1n ofrendas\u201d.<\/p>\n<p>No obstante, el profeta suscita la esperanza de una restauraci\u00f3n del pueblo de Israel en la persona de los humildes, de aquellos que conf\u00edan en el Se\u00f1or, los \u201cpobres de esp\u00edritu&#8221; (<em>Cfr.<\/em> Bienaventuranzas): \u201cDejar\u00e9 en medio de ti un pueblo pobre y humilde, que confiar\u00e1 en el nombre del Se\u00f1or\u201d.<\/p>\n<p>De todos los atributos de Dios el que m\u00e1s sobresale es la Misericordia, producto de su Amor incondicional de <em>Dios-Madre<\/em>, que hace que nunca nos rechace cuando nos acercamos a \u00c9l con el coraz\u00f3n contrito y humillado (Sal 50,19), no importa cu\u00e1n grande sea nuestro pecado. Y ese d\u00eda habr\u00e1 fiesta en la Casa del Padre (Lc 15,22-24).<\/p>\n<p>Las lecturas de hoy nos invitan una vez m\u00e1s a la conversi\u00f3n. Si a\u00fan no te has reconciliado, todav\u00eda est\u00e1s a tiempo. Recuerda, no importa tu pecado, \u00c9l te recibir\u00e1 con el abrazo m\u00e1s tierno que hayas experimentado. \u201cSi el afligido invoca al Se\u00f1or, \u00e9l lo escucha\u2026\u201d (Sal 33).<\/p>\n<div style=\"padding-bottom:20px; padding-top:10px;\" class=\"hupso-share-buttons\"><!-- Hupso Share Buttons - https:\/\/www.hupso.com\/share\/ --><a class=\"hupso_toolbar\" href=\"https:\/\/www.hupso.com\/share\/\"><img src=\"http:\/\/static.hupso.com\/share\/buttons\/lang\/es\/share-medium.png\" style=\"border:0px; padding-top: 5px; float:left;\" alt=\"Share Button\"\/><\/a><script type=\"text\/javascript\">var hupso_services_t=new Array(\"Twitter\",\"Facebook\",\"Google Plus\",\"Pinterest\",\"Linkedin\",\"Email\",\"Print\");var hupso_background_t=\"#EAF4FF\";var hupso_border_t=\"#66CCFF\";var hupso_toolbar_size_t=\"medium\";var hupso_image_folder_url = \"\";var hupso_twitter_via=\"hectorops\";var hupso_url_t=\"\";var hupso_title_t=\"REFLEXI%C3%93N%20PARA%20EL%20MARTES%20DE%20LA%20TERCERA%20SEMANA%20DE%20ADVIENTO%2015-12-15\";<\/script><script type=\"text\/javascript\" src=\"http:\/\/static.hupso.com\/share\/js\/share_toolbar.js\"><\/script><!-- Hupso Share Buttons --><\/div>","protected":false},"excerpt":{"rendered":"<p>La lectura evang\u00e9lica que nos propone la liturgia para este martes de la tercera semana de Adviento (Mt 21,28-32), que es continuaci\u00f3n de la que le\u00edamos ayer, termina con una de esas sentencias \u201cfuertes\u201d de Jes\u00fas que nos estremecen: \u201cOs &hellip; <a href=\"http:\/\/delamanodemaria.com\/?p=6397\">Continue reading <span class=\"meta-nav\">&rarr;<\/span><\/a><\/p>\n<div style=\"padding-bottom:20px; padding-top:10px;\" class=\"hupso-share-buttons\"><!-- Hupso Share Buttons - https:\/\/www.hupso.com\/share\/ --><a class=\"hupso_toolbar\" href=\"https:\/\/www.hupso.com\/share\/\"><img src=\"http:\/\/static.hupso.com\/share\/buttons\/lang\/es\/share-medium.png\" style=\"border:0px; padding-top: 5px; float:left;\" alt=\"Share Button\"\/><\/a><script type=\"text\/javascript\">var hupso_services_t=new Array(\"Twitter\",\"Facebook\",\"Google Plus\",\"Pinterest\",\"Linkedin\",\"Email\",\"Print\");var hupso_background_t=\"#EAF4FF\";var hupso_border_t=\"#66CCFF\";var hupso_toolbar_size_t=\"medium\";var hupso_image_folder_url = \"\";var hupso_twitter_via=\"hectorops\";var hupso_url_t=\"\";var hupso_title_t=\"REFLEXI%C3%93N%20PARA%20EL%20MARTES%20DE%20LA%20TERCERA%20SEMANA%20DE%20ADVIENTO%2015-12-15\";<\/script><script type=\"text\/javascript\" src=\"http:\/\/static.hupso.com\/share\/js\/share_toolbar.js\"><\/script><!-- Hupso Share Buttons --><\/div>","protected":false},"author":1,"featured_media":0,"comment_status":"open","ping_status":"open","sticky":false,"template":"","format":"standard","meta":{"jetpack_post_was_ever_published":false,"_jetpack_newsletter_access":"","_jetpack_newsletter_tier_id":0,"jetpack_publicize_message":"","jetpack_is_tweetstorm":false,"jetpack_publicize_feature_enabled":true,"jetpack_social_post_already_shared":true,"jetpack_social_options":{"image_generator_settings":{"template":"highway","enabled":false}}},"categories":[1],"tags":[330,1069,12,485,22,19,1073,1155,1153,333,2,1154,127],"jetpack_publicize_connections":[],"jetpack_featured_media_url":"","jetpack_shortlink":"https:\/\/wp.me\/p3bBgS-1Fb","jetpack_sharing_enabled":true,"jetpack_likes_enabled":true,"_links":{"self":[{"href":"http:\/\/delamanodemaria.com\/index.php?rest_route=\/wp\/v2\/posts\/6397"}],"collection":[{"href":"http:\/\/delamanodemaria.com\/index.php?rest_route=\/wp\/v2\/posts"}],"about":[{"href":"http:\/\/delamanodemaria.com\/index.php?rest_route=\/wp\/v2\/types\/post"}],"author":[{"embeddable":true,"href":"http:\/\/delamanodemaria.com\/index.php?rest_route=\/wp\/v2\/users\/1"}],"replies":[{"embeddable":true,"href":"http:\/\/delamanodemaria.com\/index.php?rest_route=%2Fwp%2Fv2%2Fcomments&post=6397"}],"version-history":[{"count":2,"href":"http:\/\/delamanodemaria.com\/index.php?rest_route=\/wp\/v2\/posts\/6397\/revisions"}],"predecessor-version":[{"id":6399,"href":"http:\/\/delamanodemaria.com\/index.php?rest_route=\/wp\/v2\/posts\/6397\/revisions\/6399"}],"wp:attachment":[{"href":"http:\/\/delamanodemaria.com\/index.php?rest_route=%2Fwp%2Fv2%2Fmedia&parent=6397"}],"wp:term":[{"taxonomy":"category","embeddable":true,"href":"http:\/\/delamanodemaria.com\/index.php?rest_route=%2Fwp%2Fv2%2Fcategories&post=6397"},{"taxonomy":"post_tag","embeddable":true,"href":"http:\/\/delamanodemaria.com\/index.php?rest_route=%2Fwp%2Fv2%2Ftags&post=6397"}],"curies":[{"name":"wp","href":"https:\/\/api.w.org\/{rel}","templated":true}]}}