{"id":6403,"date":"2015-12-16T23:11:29","date_gmt":"2015-12-17T03:11:29","guid":{"rendered":"http:\/\/delamanodemaria.com\/?p=6403"},"modified":"2015-12-16T23:11:29","modified_gmt":"2015-12-17T03:11:29","slug":"reflexion-para-el-jueves-de-la-tercera-semana-de-adviento-17-12-15","status":"publish","type":"post","link":"http:\/\/delamanodemaria.com\/?p=6403","title":{"rendered":"REFLEXI\u00d3N PARA EL JUEVES DE LA TERCERA SEMANA DE ADVIENTO 17-12-15"},"content":{"rendered":"<p><img decoding=\"async\" loading=\"lazy\" class=\"alignnone size-full wp-image-6404\" src=\"http:\/\/delamanodemaria.com\/wp-content\/uploads\/2015\/12\/calendario-de-adviento-finestres-obertes-ventanas-abiertas-med.jpg\" alt=\"calendario-de-adviento-finestres-obertes-ventanas-abiertas med\" width=\"640\" height=\"319\" srcset=\"http:\/\/delamanodemaria.com\/wp-content\/uploads\/2015\/12\/calendario-de-adviento-finestres-obertes-ventanas-abiertas-med.jpg 640w, http:\/\/delamanodemaria.com\/wp-content\/uploads\/2015\/12\/calendario-de-adviento-finestres-obertes-ventanas-abiertas-med-300x150.jpg 300w, http:\/\/delamanodemaria.com\/wp-content\/uploads\/2015\/12\/calendario-de-adviento-finestres-obertes-ventanas-abiertas-med-500x249.jpg 500w\" sizes=\"(max-width: 640px) 100vw, 640px\" \/><\/p>\n<p>Estamos en la segunda parte del Adviento. Ya se divisa a lo lejos la estrella de Bel\u00e9n que anunciar\u00e1 la llegada del Mes\u00edas esperado. Es el tiempo del \u201caviso\u201d. Nos levantamos m\u00e1s temprano que de costumbre para acudir al Templo para las tradicionales misas de aguinaldo. Durante esta novena que antecede a la Navidad, la liturgia nos va llevando de la mano en forma progresiva hasta la gran vigilia de la Natividad del Se\u00f1or, desembocando en la Fiesta de Fiestas, la Solemnidad de la Natividad del Se\u00f1or.<\/p>\n<p>En este tiempo se incrementa la intensidad del anuncio, comenzando con la primera lectura de hoy (Gn 49,1-2.8-10), que nos presenta a un anciano Jacob, quien ve cercana su muerte y re\u00fane a sus hijos para impartirles su bendici\u00f3n, que constituye su herencia. All\u00ed, inspirado por el mismo Dios, pasa por alto a Rub\u00e9n (el primog\u00e9nito), le niega la sucesi\u00f3n a Sime\u00f3n y Lev\u00ed por sus actos de violencia, y declara que su cuarto hijo, Jud\u00e1, ser\u00e1 el heredero de la promesa. Ser\u00e1 de la tribu de Jud\u00e1 de la cual nacer\u00e1 Jes\u00fas, el Mes\u00edas, quien reinar\u00e1, no solo sobre el pueblo de Israel, sino sobre todas las naciones. La bendici\u00f3n de Jacob prefiriendo a Jud\u00e1 por encima de sus otros hermanos, tiene un significado: <strong><em>es Dios quien elige<\/em><\/strong>.<\/p>\n<p>Esa promesa se recoger\u00e1 en el anuncio del \u00e1ngel a Mar\u00eda: \u201cEl ser\u00e1 grande y ser\u00e1 llamado Hijo del Alt\u00edsimo y el Se\u00f1or Dios le dar\u00e1 el trono de David, su Padre: reinar\u00e1 sobre la casa de Jacob por los siglos y su reino no tendr\u00e1 fin\u201d (Lc 1,32-33). Posteriormente, cuando Herodes consult\u00f3 a los sacerdotes y escribas, para saber d\u00f3nde nacer\u00eda el Mes\u00edas, estos le contestaron: \u201cen Bel\u00e9n de Judea, porque as\u00ed est\u00e1 escrito: Y t\u00fa Bel\u00e9n, tierra de Jud\u00e1, no eres la menor entre las principales tribus de Jud\u00e1, porque de ti saldr\u00e1 un caudillo que ser\u00e1 pastor de mi pueblo Israel\u201d (Mt 2,5-6). Y al final de los tiempos, se oir\u00e1 decir a uno de los ancianos: \u201cHa triunfado el Le\u00f3n de la tribu de Jud\u00e1, el Reto\u00f1o de David\u201d (Ap 5,5).<\/p>\n<p>El Evangelio para hoy es tomado de Mateo (1,1-17), quien escribe su relato evang\u00e9lico para los jud\u00edos de la Palestina convertidos al cristianismo, con el prop\u00f3sito de probar que Jes\u00fas es el Mes\u00edas esperado. Por eso dedica los primeros 17 vers\u00edculos, a manera de introducci\u00f3n, a la genealog\u00eda de Jes\u00fas, desde Abrah\u00e1n, pasando por Jud\u00e1, hasta \u201cJos\u00e9, esposo de Mar\u00eda, de la que naci\u00f3 Jes\u00fas, llamado Cristo\u201d (v. 16). Vemos en este relato el cumplimiento de la promesa contenida en el \u201ctestamento de Jacob\u201d.<\/p>\n<p>No hay duda, luego de a\u00f1os de vicisitudes y fracasos del pueblo de Israel, la sentencia prof\u00e9tica de Jacob se mantuvo y se cumpli\u00f3. Ha nacido un descendiente de Jud\u00e1 que reina, no solo sobre todas las tribus de Israel, sino sobre todas las naciones. Hablamos de un Reino que ya ha comenzado, pero que no tiene fin. Esa misma promesa nos hace aspirar a la plena realizaci\u00f3n del Reino. \u201cVenga a nosotros tu Reino\u2026\u201d Todos estamos invitados a ser \u201cciudadanos\u201d del Reino. M\u00e1s a\u00fan, estamos llamados a reinar junto a Dios y al Cordero por toda la eternidad (Ap 22,5).<\/p>\n<p>La promesa y la invitaci\u00f3n est\u00e1n ah\u00ed. \u00bfLa aceptas? Durante este tiempo de Adviento, pidamos al Se\u00f1or que abra nuestros corazones para que el Ni\u00f1o Dios nazca en ellos, y seamos acreedores de las promesas del Reino.<\/p>\n<div style=\"padding-bottom:20px; padding-top:10px;\" class=\"hupso-share-buttons\"><!-- Hupso Share Buttons - https:\/\/www.hupso.com\/share\/ --><a class=\"hupso_toolbar\" href=\"https:\/\/www.hupso.com\/share\/\"><img src=\"http:\/\/static.hupso.com\/share\/buttons\/lang\/es\/share-medium.png\" style=\"border:0px; padding-top: 5px; float:left;\" alt=\"Share Button\"\/><\/a><script type=\"text\/javascript\">var hupso_services_t=new Array(\"Twitter\",\"Facebook\",\"Google Plus\",\"Pinterest\",\"Linkedin\",\"Email\",\"Print\");var hupso_background_t=\"#EAF4FF\";var hupso_border_t=\"#66CCFF\";var hupso_toolbar_size_t=\"medium\";var hupso_image_folder_url = \"\";var hupso_twitter_via=\"hectorops\";var hupso_url_t=\"\";var hupso_title_t=\"REFLEXI%C3%93N%20PARA%20EL%20JUEVES%20DE%20LA%20TERCERA%20SEMANA%20DE%20ADVIENTO%2017-12-15\";<\/script><script type=\"text\/javascript\" src=\"http:\/\/static.hupso.com\/share\/js\/share_toolbar.js\"><\/script><!-- Hupso Share Buttons --><\/div>","protected":false},"excerpt":{"rendered":"<p>Estamos en la segunda parte del Adviento. Ya se divisa a lo lejos la estrella de Bel\u00e9n que anunciar\u00e1 la llegada del Mes\u00edas esperado. Es el tiempo del \u201caviso\u201d. Nos levantamos m\u00e1s temprano que de costumbre para acudir al Templo &hellip; <a href=\"http:\/\/delamanodemaria.com\/?p=6403\">Continue reading <span class=\"meta-nav\">&rarr;<\/span><\/a><\/p>\n<div style=\"padding-bottom:20px; padding-top:10px;\" class=\"hupso-share-buttons\"><!-- Hupso Share Buttons - https:\/\/www.hupso.com\/share\/ --><a class=\"hupso_toolbar\" href=\"https:\/\/www.hupso.com\/share\/\"><img src=\"http:\/\/static.hupso.com\/share\/buttons\/lang\/es\/share-medium.png\" style=\"border:0px; padding-top: 5px; float:left;\" alt=\"Share Button\"\/><\/a><script type=\"text\/javascript\">var hupso_services_t=new Array(\"Twitter\",\"Facebook\",\"Google Plus\",\"Pinterest\",\"Linkedin\",\"Email\",\"Print\");var hupso_background_t=\"#EAF4FF\";var hupso_border_t=\"#66CCFF\";var hupso_toolbar_size_t=\"medium\";var hupso_image_folder_url = \"\";var hupso_twitter_via=\"hectorops\";var hupso_url_t=\"\";var hupso_title_t=\"REFLEXI%C3%93N%20PARA%20EL%20JUEVES%20DE%20LA%20TERCERA%20SEMANA%20DE%20ADVIENTO%2017-12-15\";<\/script><script type=\"text\/javascript\" src=\"http:\/\/static.hupso.com\/share\/js\/share_toolbar.js\"><\/script><!-- Hupso Share Buttons --><\/div>","protected":false},"author":1,"featured_media":0,"comment_status":"open","ping_status":"open","sticky":false,"template":"","format":"standard","meta":{"jetpack_post_was_ever_published":false,"_jetpack_newsletter_access":"","_jetpack_newsletter_tier_id":0,"jetpack_publicize_message":"","jetpack_is_tweetstorm":false,"jetpack_publicize_feature_enabled":true,"jetpack_social_post_already_shared":true,"jetpack_social_options":{"image_generator_settings":{"template":"highway","enabled":false}}},"categories":[1],"tags":[330,509,468,212,385,386,238,1126,2,97],"jetpack_publicize_connections":[],"jetpack_featured_media_url":"","jetpack_shortlink":"https:\/\/wp.me\/p3bBgS-1Fh","jetpack_sharing_enabled":true,"jetpack_likes_enabled":true,"_links":{"self":[{"href":"http:\/\/delamanodemaria.com\/index.php?rest_route=\/wp\/v2\/posts\/6403"}],"collection":[{"href":"http:\/\/delamanodemaria.com\/index.php?rest_route=\/wp\/v2\/posts"}],"about":[{"href":"http:\/\/delamanodemaria.com\/index.php?rest_route=\/wp\/v2\/types\/post"}],"author":[{"embeddable":true,"href":"http:\/\/delamanodemaria.com\/index.php?rest_route=\/wp\/v2\/users\/1"}],"replies":[{"embeddable":true,"href":"http:\/\/delamanodemaria.com\/index.php?rest_route=%2Fwp%2Fv2%2Fcomments&post=6403"}],"version-history":[{"count":1,"href":"http:\/\/delamanodemaria.com\/index.php?rest_route=\/wp\/v2\/posts\/6403\/revisions"}],"predecessor-version":[{"id":6405,"href":"http:\/\/delamanodemaria.com\/index.php?rest_route=\/wp\/v2\/posts\/6403\/revisions\/6405"}],"wp:attachment":[{"href":"http:\/\/delamanodemaria.com\/index.php?rest_route=%2Fwp%2Fv2%2Fmedia&parent=6403"}],"wp:term":[{"taxonomy":"category","embeddable":true,"href":"http:\/\/delamanodemaria.com\/index.php?rest_route=%2Fwp%2Fv2%2Fcategories&post=6403"},{"taxonomy":"post_tag","embeddable":true,"href":"http:\/\/delamanodemaria.com\/index.php?rest_route=%2Fwp%2Fv2%2Ftags&post=6403"}],"curies":[{"name":"wp","href":"https:\/\/api.w.org\/{rel}","templated":true}]}}