{"id":6406,"date":"2015-12-17T21:37:30","date_gmt":"2015-12-18T01:37:30","guid":{"rendered":"http:\/\/delamanodemaria.com\/?p=6406"},"modified":"2015-12-17T21:45:02","modified_gmt":"2015-12-18T01:45:02","slug":"reflexion-para-el-viernes-de-la-tercera-semana-de-adviento-18-12-15","status":"publish","type":"post","link":"http:\/\/delamanodemaria.com\/?p=6406","title":{"rendered":"REFLEXI\u00d3N PARA EL VIERNES DE LA TERCERA SEMANA DE ADVIENTO 18-12-15"},"content":{"rendered":"<p><img decoding=\"async\" loading=\"lazy\" class=\"alignnone size-full wp-image-6407\" src=\"http:\/\/delamanodemaria.com\/wp-content\/uploads\/2015\/12\/Adviento-cuna.jpg\" alt=\"Adviento cuna\" width=\"600\" height=\"473\" srcset=\"http:\/\/delamanodemaria.com\/wp-content\/uploads\/2015\/12\/Adviento-cuna.jpg 600w, http:\/\/delamanodemaria.com\/wp-content\/uploads\/2015\/12\/Adviento-cuna-300x237.jpg 300w, http:\/\/delamanodemaria.com\/wp-content\/uploads\/2015\/12\/Adviento-cuna-381x300.jpg 381w\" sizes=\"(max-width: 600px) 100vw, 600px\" \/><\/p>\n<p>Continuamos en esta tercera semana de Adviento con el anuncio de la encarnaci\u00f3n del Hijo de Dios.<\/p>\n<p>La primera lectura que nos presenta la liturgia para hoy (Jr 23,5-8) contin\u00faa con el anuncio prof\u00e9tico del Mes\u00edas que ha de venir a liberar a su pueblo y restaurar el derecho y la justicia. Si examinamos la historia de la monarqu\u00eda jud\u00eda, encontramos que los reyes no cumplieron su misi\u00f3n y se apartaron de la Alianza. Por eso Yahv\u00e9, desde el mismo momento de la ca\u00edda (Gn 3,15), hab\u00eda decidido que \u00c9l mismo se har\u00eda cargo de su pueblo a trav\u00e9s de un Mes\u00edas. Fiel a todas las profec\u00edas mesi\u00e1nicas, la lectura de hoy anuncia al pueblo que ese rey nacer\u00e1 de la estirpe de David. \u201cSuscitar\u00e9 a David un v\u00e1stago leg\u00edtimo: reinar\u00e1 como rey prudente, har\u00e1 justicia y derecho en la tierra\u201d.<\/p>\n<p>El Evangelio (Mt 1,18-24), por su parte, nos presenta la versi\u00f3n de Mateo del Anuncio del \u00e1ngel, que en este caso, fiel a la cultura jud\u00eda, se le hace a Jos\u00e9, a quien tambi\u00e9n se le encomienda el ponerle el nombre al ni\u00f1o (\u201ct\u00fa le pondr\u00e1s por nombre Jes\u00fas, porque \u00e9l salvar\u00e1 a su pueblo de los pecados\u201d), funci\u00f3n reservada al padre en esa cultura (comparar con Lc 1,30-31).<\/p>\n<p>Mateo, fiel a su prop\u00f3sito de probar que Jes\u00fas es el Mes\u00edas prometido, en quien se cumplen todas las profec\u00edas del Antiguo Testamento, a\u00f1ade al final de este pasaje: \u201cTodo esto sucedi\u00f3 para que se cumpliese lo que hab\u00eda dicho el Se\u00f1or por el Profeta: \u2018Mirad: la Virgen concebir\u00e1 y dar\u00e1 a luz un hijo y le pondr\u00e1 por nombre Emmanuel, que significa \u00abDios-con-nosotros\u00bb\u2019\u201d (<em>Cfr<\/em>. Is 7,14).<\/p>\n<p>En este pasaje vemos la actitud de Jos\u00e9, quien ante la pre\u00f1ez inexplicable de su desposada, con quien no ha tenido relaciones, decide repudiarla en secreto. Pero se le aparece en sue\u00f1os un \u00e1ngel que le anuncia que el hijo que espera su mujer es fruto del Esp\u00edritu Santo y ser\u00e1 el que \u201csalvar\u00e1 a su pueblo de los pecados\u201d. El \u00e1ngel le pide que se la lleve a su casa y Jos\u00e9 as\u00ed lo hace. Por el saludo del \u00e1ngel: \u201cHijo de David\u201d, t\u00edtulo que el \u00e1ngel no utilizar\u00e1 en sus dem\u00e1s apariciones a Jos\u00e9, \u00e9l entendi\u00f3 que se trataba del Mes\u00edas anhelado y que era necesario que \u00e9l asumiera la paternidad legal del ni\u00f1o para que se cumpliese la profec\u00eda de que el Mes\u00edas nacer\u00eda de la estirpe de David. Es como si Dios le hubiese dicho: \u201cMira, Jos\u00e9 (a m\u00ed me gusta pensar que Dios nos habla as\u00ed, con la confianza de un amigo), este Ni\u00f1o que tu esposa va a tener, es mi Hijo, y yo necesito que t\u00fa asumas su paternidad legal, para darle un nombre y que sea \u2018Hijo de David\u2019 igual que t\u00fa\u201d. Y Jos\u00e9, un hombre respetuoso de la voluntad de Dios, la acept\u00f3 y asumi\u00f3 el papel que Dios le hab\u00eda encomendado: introducir a Jes\u00fas en el linaje de David. Ayer dec\u00edamos que es Dios quien elige. Jos\u00e9 lo entendi\u00f3.<\/p>\n<p>Dios quiere nuestra salvaci\u00f3n, quiere hacerse uno con nosotros, pero no puede hacerlo sin nuestra cooperaci\u00f3n. Como nos dice San Agust\u00edn: \u201cDios, que te cre\u00f3 sin ti, no te salvar\u00e1 sin ti\u201d. Y t\u00fa, \u00bfest\u00e1s dispuesto a asumir el papel que Dios te ha encomendado para tu salvaci\u00f3n y la de los tuyos?<\/p>\n<div style=\"padding-bottom:20px; padding-top:10px;\" class=\"hupso-share-buttons\"><!-- Hupso Share Buttons - https:\/\/www.hupso.com\/share\/ --><a class=\"hupso_toolbar\" href=\"https:\/\/www.hupso.com\/share\/\"><img src=\"http:\/\/static.hupso.com\/share\/buttons\/lang\/es\/share-medium.png\" style=\"border:0px; padding-top: 5px; float:left;\" alt=\"Share Button\"\/><\/a><script type=\"text\/javascript\">var hupso_services_t=new Array(\"Twitter\",\"Facebook\",\"Google Plus\",\"Pinterest\",\"Linkedin\",\"Email\",\"Print\");var hupso_background_t=\"#EAF4FF\";var hupso_border_t=\"#66CCFF\";var hupso_toolbar_size_t=\"medium\";var hupso_image_folder_url = \"\";var hupso_twitter_via=\"hectorops\";var hupso_url_t=\"\";var hupso_title_t=\"REFLEXI%C3%93N%20PARA%20EL%20VIERNES%20DE%20LA%20TERCERA%20SEMANA%20DE%20ADVIENTO%2018-12-15\";<\/script><script type=\"text\/javascript\" src=\"http:\/\/static.hupso.com\/share\/js\/share_toolbar.js\"><\/script><!-- Hupso Share Buttons --><\/div>","protected":false},"excerpt":{"rendered":"<p>Continuamos en esta tercera semana de Adviento con el anuncio de la encarnaci\u00f3n del Hijo de Dios. La primera lectura que nos presenta la liturgia para hoy (Jr 23,5-8) contin\u00faa con el anuncio prof\u00e9tico del Mes\u00edas que ha de venir &hellip; <a href=\"http:\/\/delamanodemaria.com\/?p=6406\">Continue reading <span class=\"meta-nav\">&rarr;<\/span><\/a><\/p>\n<div style=\"padding-bottom:20px; padding-top:10px;\" class=\"hupso-share-buttons\"><!-- Hupso Share Buttons - https:\/\/www.hupso.com\/share\/ --><a class=\"hupso_toolbar\" href=\"https:\/\/www.hupso.com\/share\/\"><img src=\"http:\/\/static.hupso.com\/share\/buttons\/lang\/es\/share-medium.png\" style=\"border:0px; padding-top: 5px; float:left;\" alt=\"Share Button\"\/><\/a><script type=\"text\/javascript\">var hupso_services_t=new Array(\"Twitter\",\"Facebook\",\"Google Plus\",\"Pinterest\",\"Linkedin\",\"Email\",\"Print\");var hupso_background_t=\"#EAF4FF\";var hupso_border_t=\"#66CCFF\";var hupso_toolbar_size_t=\"medium\";var hupso_image_folder_url = \"\";var hupso_twitter_via=\"hectorops\";var hupso_url_t=\"\";var hupso_title_t=\"REFLEXI%C3%93N%20PARA%20EL%20VIERNES%20DE%20LA%20TERCERA%20SEMANA%20DE%20ADVIENTO%2018-12-15\";<\/script><script type=\"text\/javascript\" src=\"http:\/\/static.hupso.com\/share\/js\/share_toolbar.js\"><\/script><!-- Hupso Share Buttons --><\/div>","protected":false},"author":1,"featured_media":0,"comment_status":"open","ping_status":"open","sticky":false,"template":"","format":"standard","meta":{"jetpack_post_was_ever_published":false,"_jetpack_newsletter_access":"","_jetpack_newsletter_tier_id":0,"jetpack_publicize_message":"","jetpack_is_tweetstorm":false,"jetpack_publicize_feature_enabled":true,"jetpack_social_post_already_shared":true,"jetpack_social_options":{"image_generator_settings":{"template":"highway","enabled":false}}},"categories":[1],"tags":[330,388,213,740,392,44,29,96,715,511,2,119],"jetpack_publicize_connections":[],"jetpack_featured_media_url":"","jetpack_shortlink":"https:\/\/wp.me\/p3bBgS-1Fk","jetpack_sharing_enabled":true,"jetpack_likes_enabled":true,"_links":{"self":[{"href":"http:\/\/delamanodemaria.com\/index.php?rest_route=\/wp\/v2\/posts\/6406"}],"collection":[{"href":"http:\/\/delamanodemaria.com\/index.php?rest_route=\/wp\/v2\/posts"}],"about":[{"href":"http:\/\/delamanodemaria.com\/index.php?rest_route=\/wp\/v2\/types\/post"}],"author":[{"embeddable":true,"href":"http:\/\/delamanodemaria.com\/index.php?rest_route=\/wp\/v2\/users\/1"}],"replies":[{"embeddable":true,"href":"http:\/\/delamanodemaria.com\/index.php?rest_route=%2Fwp%2Fv2%2Fcomments&post=6406"}],"version-history":[{"count":2,"href":"http:\/\/delamanodemaria.com\/index.php?rest_route=\/wp\/v2\/posts\/6406\/revisions"}],"predecessor-version":[{"id":6409,"href":"http:\/\/delamanodemaria.com\/index.php?rest_route=\/wp\/v2\/posts\/6406\/revisions\/6409"}],"wp:attachment":[{"href":"http:\/\/delamanodemaria.com\/index.php?rest_route=%2Fwp%2Fv2%2Fmedia&parent=6406"}],"wp:term":[{"taxonomy":"category","embeddable":true,"href":"http:\/\/delamanodemaria.com\/index.php?rest_route=%2Fwp%2Fv2%2Fcategories&post=6406"},{"taxonomy":"post_tag","embeddable":true,"href":"http:\/\/delamanodemaria.com\/index.php?rest_route=%2Fwp%2Fv2%2Ftags&post=6406"}],"curies":[{"name":"wp","href":"https:\/\/api.w.org\/{rel}","templated":true}]}}