{"id":6411,"date":"2015-12-18T09:38:42","date_gmt":"2015-12-18T13:38:42","guid":{"rendered":"http:\/\/delamanodemaria.com\/?p=6411"},"modified":"2015-12-18T09:38:42","modified_gmt":"2015-12-18T13:38:42","slug":"ya-es-oficial-la-madre-teresa-de-calcuta-sera-declarada-santa","status":"publish","type":"post","link":"http:\/\/delamanodemaria.com\/?p=6411","title":{"rendered":"Ya es oficial: La Madre Teresa de Calcuta ser\u00e1 declarada santa"},"content":{"rendered":"<p><img decoding=\"async\" loading=\"lazy\" class=\"alignnone size-full wp-image-6412\" src=\"http:\/\/delamanodemaria.com\/wp-content\/uploads\/2015\/12\/Teresa-de-Calcuta-2.jpg\" alt=\"Teresa de Calcuta 2\" width=\"591\" height=\"300\" srcset=\"http:\/\/delamanodemaria.com\/wp-content\/uploads\/2015\/12\/Teresa-de-Calcuta-2.jpg 591w, http:\/\/delamanodemaria.com\/wp-content\/uploads\/2015\/12\/Teresa-de-Calcuta-2-300x152.jpg 300w, http:\/\/delamanodemaria.com\/wp-content\/uploads\/2015\/12\/Teresa-de-Calcuta-2-500x254.jpg 500w\" sizes=\"(max-width: 591px) 100vw, 591px\" \/><\/p>\n<p>Despu\u00e9s de meses de espera, el milagro que permitir\u00e1 la canonizaci\u00f3n de la Beata Madre Teresa de Calcuta fue oficialmente aprobado por el Vaticano. La querida religiosa ser\u00e1 declarada santa y solo se aguarda la fecha de la ceremonia.<\/p>\n<p>Los rumores sobre la canonizaci\u00f3n circulan desde hace meses. Sin embargo, el Vaticano hizo el anuncio oficial en un comunicado hoy 18 de diciembre, junto con el reconocimiento de las virtudes heroicas del Padre Giuseppe Ambrosoli de los Misioneros Combonianos del Coraz\u00f3n de Jes\u00fas, d\u00e1ndole el t\u00edtulo de Venerable.<\/p>\n<p>Hace apenas unos d\u00edas, Francisco se reuni\u00f3 con el Cardenal Angelo Amato, Prefecto de la Congregaci\u00f3n para las Causas de los Santos, para avanzar en varias causas de canonizaci\u00f3n. Sostuvo una nueva audiencia privada en su cumplea\u00f1os, ayer, 17 de diciembre.<\/p>\n<p>En la reuni\u00f3n de ayer, el Papa aprob\u00f3 el milagro atribuido a la Madre Teresa, la curaci\u00f3n de un hombre brasile\u00f1o inexplicablemente curada de abscesos cerebrales.<\/p>\n<p>Aunque no hay planes oficiales, el Cardenal Amato ha sugerido anteriormente que el 4 de septiembre 2016 &#8211; que est\u00e1 siendo considerado como un d\u00eda de jubileo para los trabajadores y voluntarios de la misericordia &#8211; ser\u00eda la posible fecha de canonizaci\u00f3n, cerca del 5 de septiembre, fiesta de la Madre y aniversario de su muerte.<\/p>\n<p>Continuar leyendo:<\/p>\n<p><a href=\"https:\/\/www.aciprensa.com\/noticias\/vaticano-hizo-anuncio-oficial-la-madre-teresa-de-calcuta-sera-declarada-santa-71034\/\" target=\"_blank\">https:\/\/www.aciprensa.com\/noticias\/vaticano-hizo-anuncio-oficial-la-madre-teresa-de-calcuta-sera-declarada-santa-71034\/<\/a><\/p>\n<div style=\"padding-bottom:20px; padding-top:10px;\" class=\"hupso-share-buttons\"><!-- Hupso Share Buttons - https:\/\/www.hupso.com\/share\/ --><a class=\"hupso_toolbar\" href=\"https:\/\/www.hupso.com\/share\/\"><img src=\"http:\/\/static.hupso.com\/share\/buttons\/lang\/es\/share-medium.png\" style=\"border:0px; padding-top: 5px; float:left;\" alt=\"Share Button\"\/><\/a><script type=\"text\/javascript\">var hupso_services_t=new Array(\"Twitter\",\"Facebook\",\"Google Plus\",\"Pinterest\",\"Linkedin\",\"Email\",\"Print\");var hupso_background_t=\"#EAF4FF\";var hupso_border_t=\"#66CCFF\";var hupso_toolbar_size_t=\"medium\";var hupso_image_folder_url = \"\";var hupso_twitter_via=\"hectorops\";var hupso_url_t=\"\";var hupso_title_t=\"Ya%20es%20oficial%3A%20La%20Madre%20Teresa%20de%20Calcuta%20ser%C3%A1%20declarada%20santa\";<\/script><script type=\"text\/javascript\" src=\"http:\/\/static.hupso.com\/share\/js\/share_toolbar.js\"><\/script><!-- Hupso Share Buttons --><\/div>","protected":false},"excerpt":{"rendered":"<p>Despu\u00e9s de meses de espera, el milagro que permitir\u00e1 la canonizaci\u00f3n de la Beata Madre Teresa de Calcuta fue oficialmente aprobado por el Vaticano. La querida religiosa ser\u00e1 declarada santa y solo se aguarda la fecha de la ceremonia. Los &hellip; <a href=\"http:\/\/delamanodemaria.com\/?p=6411\">Continue reading <span class=\"meta-nav\">&rarr;<\/span><\/a><\/p>\n<div style=\"padding-bottom:20px; padding-top:10px;\" class=\"hupso-share-buttons\"><!-- Hupso Share Buttons - https:\/\/www.hupso.com\/share\/ --><a class=\"hupso_toolbar\" href=\"https:\/\/www.hupso.com\/share\/\"><img src=\"http:\/\/static.hupso.com\/share\/buttons\/lang\/es\/share-medium.png\" style=\"border:0px; padding-top: 5px; float:left;\" alt=\"Share Button\"\/><\/a><script type=\"text\/javascript\">var hupso_services_t=new Array(\"Twitter\",\"Facebook\",\"Google Plus\",\"Pinterest\",\"Linkedin\",\"Email\",\"Print\");var hupso_background_t=\"#EAF4FF\";var hupso_border_t=\"#66CCFF\";var hupso_toolbar_size_t=\"medium\";var hupso_image_folder_url = \"\";var hupso_twitter_via=\"hectorops\";var hupso_url_t=\"\";var hupso_title_t=\"Ya%20es%20oficial%3A%20La%20Madre%20Teresa%20de%20Calcuta%20ser%C3%A1%20declarada%20santa\";<\/script><script type=\"text\/javascript\" src=\"http:\/\/static.hupso.com\/share\/js\/share_toolbar.js\"><\/script><!-- Hupso Share Buttons --><\/div>","protected":false},"author":1,"featured_media":0,"comment_status":"open","ping_status":"open","sticky":false,"template":"","format":"standard","meta":{"jetpack_post_was_ever_published":false,"_jetpack_newsletter_access":"","_jetpack_newsletter_tier_id":0,"jetpack_publicize_message":"","jetpack_is_tweetstorm":false,"jetpack_publicize_feature_enabled":true,"jetpack_social_post_already_shared":true,"jetpack_social_options":{"image_generator_settings":{"template":"highway","enabled":false}}},"categories":[1],"tags":[213,1156,760,535,20],"jetpack_publicize_connections":[],"jetpack_featured_media_url":"","jetpack_shortlink":"https:\/\/wp.me\/p3bBgS-1Fp","jetpack_sharing_enabled":true,"jetpack_likes_enabled":true,"_links":{"self":[{"href":"http:\/\/delamanodemaria.com\/index.php?rest_route=\/wp\/v2\/posts\/6411"}],"collection":[{"href":"http:\/\/delamanodemaria.com\/index.php?rest_route=\/wp\/v2\/posts"}],"about":[{"href":"http:\/\/delamanodemaria.com\/index.php?rest_route=\/wp\/v2\/types\/post"}],"author":[{"embeddable":true,"href":"http:\/\/delamanodemaria.com\/index.php?rest_route=\/wp\/v2\/users\/1"}],"replies":[{"embeddable":true,"href":"http:\/\/delamanodemaria.com\/index.php?rest_route=%2Fwp%2Fv2%2Fcomments&post=6411"}],"version-history":[{"count":1,"href":"http:\/\/delamanodemaria.com\/index.php?rest_route=\/wp\/v2\/posts\/6411\/revisions"}],"predecessor-version":[{"id":6413,"href":"http:\/\/delamanodemaria.com\/index.php?rest_route=\/wp\/v2\/posts\/6411\/revisions\/6413"}],"wp:attachment":[{"href":"http:\/\/delamanodemaria.com\/index.php?rest_route=%2Fwp%2Fv2%2Fmedia&parent=6411"}],"wp:term":[{"taxonomy":"category","embeddable":true,"href":"http:\/\/delamanodemaria.com\/index.php?rest_route=%2Fwp%2Fv2%2Fcategories&post=6411"},{"taxonomy":"post_tag","embeddable":true,"href":"http:\/\/delamanodemaria.com\/index.php?rest_route=%2Fwp%2Fv2%2Ftags&post=6411"}],"curies":[{"name":"wp","href":"https:\/\/api.w.org\/{rel}","templated":true}]}}