{"id":6514,"date":"2016-01-08T21:26:56","date_gmt":"2016-01-09T01:26:56","guid":{"rendered":"http:\/\/delamanodemaria.com\/?p=6514"},"modified":"2016-01-08T21:36:19","modified_gmt":"2016-01-09T01:36:19","slug":"reflexion-para-el-sabado-despues-de-epifania-09-01-16","status":"publish","type":"post","link":"http:\/\/delamanodemaria.com\/?p=6514","title":{"rendered":"REFLEXI\u00d3N PARA EL S\u00c1BADO DESPU\u00c9S DE EPIFAN\u00cdA 09-01-16"},"content":{"rendered":"<p><img decoding=\"async\" loading=\"lazy\" class=\"alignnone size-full wp-image-2732\" src=\"http:\/\/delamanodemaria.com\/wp-content\/uploads\/2014\/01\/Jesus-camina-sobre-las-aguas.jpg\" alt=\"Jesus camina sobre las aguas\" width=\"600\" height=\"459\" srcset=\"http:\/\/delamanodemaria.com\/wp-content\/uploads\/2014\/01\/Jesus-camina-sobre-las-aguas.jpg 600w, http:\/\/delamanodemaria.com\/wp-content\/uploads\/2014\/01\/Jesus-camina-sobre-las-aguas-300x229.jpg 300w, http:\/\/delamanodemaria.com\/wp-content\/uploads\/2014\/01\/Jesus-camina-sobre-las-aguas-392x300.jpg 392w\" sizes=\"(max-width: 600px) 100vw, 600px\" \/><\/p>\n<p>Ma\u00f1ana, con la Fiesta del Bautismo del Se\u00f1or, termina el tiempo de Navidad. Y como para que no se nos olvide que aqu\u00e9l ni\u00f1ito que naci\u00f3 en un pesebre hace apenas 17 d\u00edas contin\u00faa presente entre nosotros, escuchamos a Jes\u00fas decirnos: \u201c\u00c1nimo, soy yo, no teng\u00e1is miedo\u201d. Esa frase constituye el punto culminante del pasaje que nos brinda el Evangelio de hoy (Mc 6,45-52).<\/p>\n<p>El trasfondo de la frase es el siguiente: Jes\u00fas acababa de realizar el milagro de la multiplicaci\u00f3n de los panes y hab\u00eda instruido a sus disc\u00edpulos que se subieran a la barca y se adelantaran a la otra orilla mientras \u00c9l desped\u00eda la gente. Tal vez Jes\u00fas no quer\u00eda que los disc\u00edpulos se contagiaran con la excitaci\u00f3n del pueblo por el milagro, o mejor dicho, por el aspecto material del milagro, ignorando el verdadero significado del mismo; esa tendencia tan humana que tenemos de confundir lo temporal con lo eterno.<\/p>\n<p>Esto se pone de manifiesto cuando al final del pasaje de hoy el evangelista, al describir la reacci\u00f3n de los disc\u00edpulos en la barca, nos dice: \u201cEllos estaban en el colmo del estupor, pues no hab\u00edan comprendido lo de los panes, porque eran torpes para entender\u201d.<\/p>\n<p>Volviendo al relato, cuando la barca en que navegaban los disc\u00edpulos iba a mitad de camino, siendo ya de noche, Jes\u00fas se percat\u00f3 que ten\u00edan un fuerte viento contrario y estaban pasando grandes trabajos para poder adelantar, as\u00ed que decidi\u00f3 ir caminando hasta ellos sobre las aguas. Al verlo creyeron que era un fantasma, se sobresaltaron, y dieron un grito. Fue en ese momento que Jes\u00fas les dijo: \u201c\u00c1nimo, soy yo, no teng\u00e1is miedo\u201d. Inmediatamente la Escritura a\u00f1ade: \u201cEntr\u00f3 en la barca con ellos, y amain\u00f3 el viento\u201d.<\/p>\n<p>Resulta obvio que los disc\u00edpulos no hab\u00edan comprendido en su totalidad el verdadero significado y alcance del milagro de la multiplicaci\u00f3n de los panes y los peces. De lo contrario, sabr\u00edan que, m\u00e1s que un acto de taumaturgia (capacidad para realizar prodigios), como podr\u00eda hacerlo un mago, lo que ocurri\u00f3 all\u00ed fue producto del Amor de Dios. Si lo hubiesen entendido, estar\u00edan inundados del Amor de Dios, estar\u00edan conscientes de la divinidad de Jes\u00fas, y no habr\u00edan sentido temor cuando lo vieron caminar sobre las aguas.<\/p>\n<p>La primera lectura de hoy (1 Jn 4,11-18), en la que Juan contin\u00faa desarrollando su tem\u00e1tica principal del Amor de Dios y de Dios-Amor, establece claramente que \u201cquien permanece en el amor permanece en Dios, y Dios en \u00e9l\u201d, y que en el amor no puede haber temor, porque \u201cel amor expulsa el temor\u201d. Es decir, el amor y el temor son mutuamente excluyentes, no pueden coexistir. Y para recibir la plenitud de ese Amor, que es Dios, es necesaria la fe (<em>Cfr<\/em>. Mc 5,36: \u201cNo tengas miedo, solamente ten fe\u201d).<\/p>\n<p>\u00a1Cu\u00e1ntas veces en nuestras vidas nos encontramos \u201cremando contra la corriente\u201d, llegando al l\u00edmite de nuestra resistencia! En esos momentos, si abrimos nuestros corazones al Amor misericordioso de Dios, escucharemos una dulce voz que nos dice al o\u00eddo: \u201c\u00c1nimo, soy yo, no tengas miedo\u201d. Cr\u00e9anme, \u00a1se puede! Los que me conocen, o han escuchado mi testimonio, saben que yo he logrado enfrentar situaciones que de otro modo hubiesen sido aterradoras, con la alegr\u00eda y tranquilidad que solo el saberme amado por Dios pod\u00edan brindarme. Porque Jes\u00fas \u201centr\u00f3 en la barca [conmigo], y amain\u00f3 el viento\u201d.<\/p>\n<p>\u201cAunque cruce por oscuras quebradas, no temer\u00e9 ning\u00fan mal, porque t\u00fa est\u00e1s conmigo\u201d (Sal 23,4).<\/p>\n<div style=\"padding-bottom:20px; padding-top:10px;\" class=\"hupso-share-buttons\"><!-- Hupso Share Buttons - https:\/\/www.hupso.com\/share\/ --><a class=\"hupso_toolbar\" href=\"https:\/\/www.hupso.com\/share\/\"><img src=\"http:\/\/static.hupso.com\/share\/buttons\/lang\/es\/share-medium.png\" style=\"border:0px; padding-top: 5px; float:left;\" alt=\"Share Button\"\/><\/a><script type=\"text\/javascript\">var hupso_services_t=new Array(\"Twitter\",\"Facebook\",\"Google Plus\",\"Pinterest\",\"Linkedin\",\"Email\",\"Print\");var hupso_background_t=\"#EAF4FF\";var hupso_border_t=\"#66CCFF\";var hupso_toolbar_size_t=\"medium\";var hupso_image_folder_url = \"\";var hupso_twitter_via=\"hectorops\";var hupso_url_t=\"\";var hupso_title_t=\"REFLEXI%C3%93N%20PARA%20EL%20S%C3%81BADO%20DESPU%C3%89S%20DE%20EPIFAN%C3%8DA%2009-01-16\";<\/script><script type=\"text\/javascript\" src=\"http:\/\/static.hupso.com\/share\/js\/share_toolbar.js\"><\/script><!-- Hupso Share Buttons --><\/div>","protected":false},"excerpt":{"rendered":"<p>Ma\u00f1ana, con la Fiesta del Bautismo del Se\u00f1or, termina el tiempo de Navidad. Y como para que no se nos olvide que aqu\u00e9l ni\u00f1ito que naci\u00f3 en un pesebre hace apenas 17 d\u00edas contin\u00faa presente entre nosotros, escuchamos a Jes\u00fas &hellip; <a href=\"http:\/\/delamanodemaria.com\/?p=6514\">Continue reading <span class=\"meta-nav\">&rarr;<\/span><\/a><\/p>\n<div style=\"padding-bottom:20px; padding-top:10px;\" class=\"hupso-share-buttons\"><!-- Hupso Share Buttons - https:\/\/www.hupso.com\/share\/ --><a class=\"hupso_toolbar\" href=\"https:\/\/www.hupso.com\/share\/\"><img src=\"http:\/\/static.hupso.com\/share\/buttons\/lang\/es\/share-medium.png\" style=\"border:0px; padding-top: 5px; float:left;\" alt=\"Share Button\"\/><\/a><script type=\"text\/javascript\">var hupso_services_t=new Array(\"Twitter\",\"Facebook\",\"Google Plus\",\"Pinterest\",\"Linkedin\",\"Email\",\"Print\");var hupso_background_t=\"#EAF4FF\";var hupso_border_t=\"#66CCFF\";var hupso_toolbar_size_t=\"medium\";var hupso_image_folder_url = \"\";var hupso_twitter_via=\"hectorops\";var hupso_url_t=\"\";var hupso_title_t=\"REFLEXI%C3%93N%20PARA%20EL%20S%C3%81BADO%20DESPU%C3%89S%20DE%20EPIFAN%C3%8DA%2009-01-16\";<\/script><script type=\"text\/javascript\" src=\"http:\/\/static.hupso.com\/share\/js\/share_toolbar.js\"><\/script><!-- Hupso Share Buttons --><\/div>","protected":false},"author":1,"featured_media":0,"comment_status":"open","ping_status":"open","sticky":false,"template":"","format":"standard","meta":{"jetpack_post_was_ever_published":false,"_jetpack_newsletter_access":"","_jetpack_newsletter_tier_id":0,"jetpack_publicize_message":"","jetpack_is_tweetstorm":false,"jetpack_publicize_feature_enabled":true,"jetpack_social_post_already_shared":true,"jetpack_social_options":{"image_generator_settings":{"template":"highway","enabled":false}}},"categories":[1],"tags":[534,619,761,552,22,1178,372,2,773,1179],"jetpack_publicize_connections":[],"jetpack_featured_media_url":"","jetpack_shortlink":"https:\/\/wp.me\/p3bBgS-1H4","jetpack_sharing_enabled":true,"jetpack_likes_enabled":true,"_links":{"self":[{"href":"http:\/\/delamanodemaria.com\/index.php?rest_route=\/wp\/v2\/posts\/6514"}],"collection":[{"href":"http:\/\/delamanodemaria.com\/index.php?rest_route=\/wp\/v2\/posts"}],"about":[{"href":"http:\/\/delamanodemaria.com\/index.php?rest_route=\/wp\/v2\/types\/post"}],"author":[{"embeddable":true,"href":"http:\/\/delamanodemaria.com\/index.php?rest_route=\/wp\/v2\/users\/1"}],"replies":[{"embeddable":true,"href":"http:\/\/delamanodemaria.com\/index.php?rest_route=%2Fwp%2Fv2%2Fcomments&post=6514"}],"version-history":[{"count":3,"href":"http:\/\/delamanodemaria.com\/index.php?rest_route=\/wp\/v2\/posts\/6514\/revisions"}],"predecessor-version":[{"id":6517,"href":"http:\/\/delamanodemaria.com\/index.php?rest_route=\/wp\/v2\/posts\/6514\/revisions\/6517"}],"wp:attachment":[{"href":"http:\/\/delamanodemaria.com\/index.php?rest_route=%2Fwp%2Fv2%2Fmedia&parent=6514"}],"wp:term":[{"taxonomy":"category","embeddable":true,"href":"http:\/\/delamanodemaria.com\/index.php?rest_route=%2Fwp%2Fv2%2Fcategories&post=6514"},{"taxonomy":"post_tag","embeddable":true,"href":"http:\/\/delamanodemaria.com\/index.php?rest_route=%2Fwp%2Fv2%2Ftags&post=6514"}],"curies":[{"name":"wp","href":"https:\/\/api.w.org\/{rel}","templated":true}]}}