{"id":6520,"date":"2016-01-09T21:52:52","date_gmt":"2016-01-10T01:52:52","guid":{"rendered":"http:\/\/delamanodemaria.com\/?p=6520"},"modified":"2016-01-09T21:52:52","modified_gmt":"2016-01-10T01:52:52","slug":"reflexion-para-el-tercer-domingo-de-navidad-fiesta-del-bautismo-del-senor-c-10-01-16","status":"publish","type":"post","link":"http:\/\/delamanodemaria.com\/?p=6520","title":{"rendered":"REFLEXI\u00d3N PARA EL TERCER DOMINGO DE NAVIDAD, FIESTA DEL BAUTISMO DEL SE\u00d1OR (C) 10-01-16"},"content":{"rendered":"<p><img decoding=\"async\" loading=\"lazy\" class=\"alignnone size-full wp-image-2772\" src=\"http:\/\/delamanodemaria.com\/wp-content\/uploads\/2014\/01\/Bautismo-del-Senor-med.jpg\" alt=\"Bautismo del Senor med\" width=\"594\" height=\"354\" srcset=\"http:\/\/delamanodemaria.com\/wp-content\/uploads\/2014\/01\/Bautismo-del-Senor-med.jpg 594w, http:\/\/delamanodemaria.com\/wp-content\/uploads\/2014\/01\/Bautismo-del-Senor-med-300x178.jpg 300w, http:\/\/delamanodemaria.com\/wp-content\/uploads\/2014\/01\/Bautismo-del-Senor-med-500x297.jpg 500w\" sizes=\"(max-width: 594px) 100vw, 594px\" \/><\/p>\n<p>La Iglesia Universal celebra hoy la fiesta lit\u00fargica del Bautismo del Se\u00f1or, que marca el fin del tiempo lit\u00fargico de Navidad. El Bautismo de Jes\u00fas es otra de las grandes epifan\u00edas (manifestaciones) de Jes\u00fas, y la liturgia nos regala como primera lectura un pasaje del profeta Isa\u00edas (42,1-4.6-7) que prefigura la lectura evang\u00e9lica de hoy, que es la versi\u00f3n de Lucas del Bautismo de Jes\u00fas (3,15-16.21-22).<\/p>\n<p>En la primera lectura el Se\u00f1or se manifiesta por boca de Isa\u00edas: \u201cMirad a mi siervo, a quien sostengo; mi elegido, a quien prefiero. Sobre \u00e9l he puesto mi esp\u00edritu\u201d. Como podemos apreciar, el paralelismo de este pasaje con el Evangelio es asombroso: \u201cJes\u00fas tambi\u00e9n se bautiz\u00f3. Y, mientras oraba, se abri\u00f3 el cielo, baj\u00f3 el Esp\u00edritu Santo sobre \u00e9l en forma de paloma, y vino una voz del cielo: \u2018T\u00fa eres mi Hijo, el amado, el predilecto\u2019\u201d.<\/p>\n<p>En la Solemnidad de la Epifan\u00eda dec\u00edamos que la Iglesia celebra tres epifan\u00edas importantes: La Epifan\u00eda ante los Reyes Magos, la Epifan\u00eda a Juan el Bautista en el R\u00edo Jord\u00e1n cuando Jes\u00fas fue bautizado, y la Epifan\u00eda a sus disc\u00edpulos en las Bodas de Can\u00e1. En la que celebramos hoy, no solo experimentamos una manifestaci\u00f3n de Jes\u00fas; tenemos una verdadera teofan\u00eda en la que se manifiestan las tres personas de la Sant\u00edsima Trinidad: Padre, Hijo y Esp\u00edritu Santo.<\/p>\n<p>Ese gesto de Jes\u00fas de bautizarse como \u201cuno m\u00e1s\u201d, junto a los pecadores, sin necesitar bautismo por estar libre de todo pecado, enfatiza el car\u00e1cter totalizante de la encarnaci\u00f3n. Jes\u00fas se hizo uno con nosotros, uno de nosotros. Pero su doble naturaleza se revela en el Esp\u00edritu que desciende sobre \u00c9l y la voz del Padre que le llama \u201cHijo\u201d (\u201cPor eso el ni\u00f1o ser\u00e1 Santo y ser\u00e1 llamado Hijo de Dios\u201d. \u2013 Lc 1,35). La versi\u00f3n de la Biblia de Jerusal\u00e9n, un poco m\u00e1s fiel al original, nos dice que la voz que se escuch\u00f3 del cielo dijo: \u201cT\u00fa eres mi hijo, yo hoy te he engendrado\u201d.<\/p>\n<p>Con esa \u201capertura\u201d del cielo seguida de la frase que acabamos de escuchar, se establece una nueva relaci\u00f3n entre Dios y la humanidad a trav\u00e9s del Ungido. As\u00ed, todos los que nacemos del agua y del Esp\u00edritu por medio del Bautismo, que nos convierte en \u201chijos\u201d del Padre y, por tanto, hermanos de Jes\u00fas y coherederos de la Gloria, podemos llamar a Dios \u201cPadre\u201d, y \u00c9l puede llamarnos \u201chijos\u201d. San Pablo nos lo explica as\u00ed: \u201cEn efecto, todos los que son guiados por el Esp\u00edritu de Dios son hijos de Dios. Pues no recibisteis un esp\u00edritu de esclavos para recaer en el temor; antes bien, recibisteis un esp\u00edritu de hijos adoptivos que nos hace exclamar: \u00a1<em>Abb\u00e1<\/em>, Padre!\u201d (Rm 8,14-15).<\/p>\n<p>El Esp\u00edritu Santo que impuls\u00f3 a Jes\u00fas a su misi\u00f3n redentora, y le acompa\u00f1ar\u00e1 a lo largo de toda ella, es el mismo que se derram\u00f3 sobre todos los que hemos sido bautizados, haci\u00e9ndonos part\u00edcipes de la misma Vida y el mismo Esp\u00edritu del Se\u00f1or, y llam\u00e1ndonos a continuar Su obra salvadora, convirti\u00e9ndonos en \u201cEvangelios vivientes\u201d en el mundo y en la historia.<\/p>\n<p>Es el mismo Esp\u00edritu que hace posible la conversi\u00f3n de las especies eucar\u00edsticas en el cuerpo, sangre, alma y divinidad de Jes\u00fas. \u00bfQuieres ser testigo de ese milagro? Anda, ve a la Casa del Padre. \u00c9l te espera con los brazos abiertos esperando que le digas <em>Abb\u00e1<\/em> y confundirse contigo en un abrazo.<\/p>\n<div style=\"padding-bottom:20px; padding-top:10px;\" class=\"hupso-share-buttons\"><!-- Hupso Share Buttons - https:\/\/www.hupso.com\/share\/ --><a class=\"hupso_toolbar\" href=\"https:\/\/www.hupso.com\/share\/\"><img src=\"http:\/\/static.hupso.com\/share\/buttons\/lang\/es\/share-medium.png\" style=\"border:0px; padding-top: 5px; float:left;\" alt=\"Share Button\"\/><\/a><script type=\"text\/javascript\">var hupso_services_t=new Array(\"Twitter\",\"Facebook\",\"Google Plus\",\"Pinterest\",\"Linkedin\",\"Email\",\"Print\");var hupso_background_t=\"#EAF4FF\";var hupso_border_t=\"#66CCFF\";var hupso_toolbar_size_t=\"medium\";var hupso_image_folder_url = \"\";var hupso_twitter_via=\"hectorops\";var hupso_url_t=\"\";var hupso_title_t=\"REFLEXI%C3%93N%20PARA%20EL%20TERCER%20DOMINGO%20DE%20NAVIDAD%2C%20FIESTA%20DEL%20BAUTISMO%20DEL%20SE%C3%91OR%20%28C%29%2010-01-16\";<\/script><script type=\"text\/javascript\" src=\"http:\/\/static.hupso.com\/share\/js\/share_toolbar.js\"><\/script><!-- Hupso Share Buttons --><\/div>","protected":false},"excerpt":{"rendered":"<p>La Iglesia Universal celebra hoy la fiesta lit\u00fargica del Bautismo del Se\u00f1or, que marca el fin del tiempo lit\u00fargico de Navidad. El Bautismo de Jes\u00fas es otra de las grandes epifan\u00edas (manifestaciones) de Jes\u00fas, y la liturgia nos regala como &hellip; <a href=\"http:\/\/delamanodemaria.com\/?p=6520\">Continue reading <span class=\"meta-nav\">&rarr;<\/span><\/a><\/p>\n<div style=\"padding-bottom:20px; padding-top:10px;\" class=\"hupso-share-buttons\"><!-- Hupso Share Buttons - https:\/\/www.hupso.com\/share\/ --><a class=\"hupso_toolbar\" href=\"https:\/\/www.hupso.com\/share\/\"><img src=\"http:\/\/static.hupso.com\/share\/buttons\/lang\/es\/share-medium.png\" style=\"border:0px; padding-top: 5px; float:left;\" alt=\"Share Button\"\/><\/a><script type=\"text\/javascript\">var hupso_services_t=new Array(\"Twitter\",\"Facebook\",\"Google Plus\",\"Pinterest\",\"Linkedin\",\"Email\",\"Print\");var hupso_background_t=\"#EAF4FF\";var hupso_border_t=\"#66CCFF\";var hupso_toolbar_size_t=\"medium\";var hupso_image_folder_url = \"\";var hupso_twitter_via=\"hectorops\";var hupso_url_t=\"\";var hupso_title_t=\"REFLEXI%C3%93N%20PARA%20EL%20TERCER%20DOMINGO%20DE%20NAVIDAD%2C%20FIESTA%20DEL%20BAUTISMO%20DEL%20SE%C3%91OR%20%28C%29%2010-01-16\";<\/script><script type=\"text\/javascript\" src=\"http:\/\/static.hupso.com\/share\/js\/share_toolbar.js\"><\/script><!-- Hupso Share Buttons --><\/div>","protected":false},"author":1,"featured_media":0,"comment_status":"open","ping_status":"open","sticky":false,"template":"","format":"standard","meta":{"jetpack_post_was_ever_published":false,"_jetpack_newsletter_access":"","_jetpack_newsletter_tier_id":0,"jetpack_publicize_message":"","jetpack_is_tweetstorm":false,"jetpack_publicize_feature_enabled":true,"jetpack_social_post_already_shared":true,"jetpack_social_options":{"image_generator_settings":{"template":"highway","enabled":false}}},"categories":[1],"tags":[197,762,607,3,413,774,29,96,163,1124,2,1180,421],"jetpack_publicize_connections":[],"jetpack_featured_media_url":"","jetpack_shortlink":"https:\/\/wp.me\/p3bBgS-1Ha","jetpack_sharing_enabled":true,"jetpack_likes_enabled":true,"_links":{"self":[{"href":"http:\/\/delamanodemaria.com\/index.php?rest_route=\/wp\/v2\/posts\/6520"}],"collection":[{"href":"http:\/\/delamanodemaria.com\/index.php?rest_route=\/wp\/v2\/posts"}],"about":[{"href":"http:\/\/delamanodemaria.com\/index.php?rest_route=\/wp\/v2\/types\/post"}],"author":[{"embeddable":true,"href":"http:\/\/delamanodemaria.com\/index.php?rest_route=\/wp\/v2\/users\/1"}],"replies":[{"embeddable":true,"href":"http:\/\/delamanodemaria.com\/index.php?rest_route=%2Fwp%2Fv2%2Fcomments&post=6520"}],"version-history":[{"count":2,"href":"http:\/\/delamanodemaria.com\/index.php?rest_route=\/wp\/v2\/posts\/6520\/revisions"}],"predecessor-version":[{"id":6522,"href":"http:\/\/delamanodemaria.com\/index.php?rest_route=\/wp\/v2\/posts\/6520\/revisions\/6522"}],"wp:attachment":[{"href":"http:\/\/delamanodemaria.com\/index.php?rest_route=%2Fwp%2Fv2%2Fmedia&parent=6520"}],"wp:term":[{"taxonomy":"category","embeddable":true,"href":"http:\/\/delamanodemaria.com\/index.php?rest_route=%2Fwp%2Fv2%2Fcategories&post=6520"},{"taxonomy":"post_tag","embeddable":true,"href":"http:\/\/delamanodemaria.com\/index.php?rest_route=%2Fwp%2Fv2%2Ftags&post=6520"}],"curies":[{"name":"wp","href":"https:\/\/api.w.org\/{rel}","templated":true}]}}