{"id":6523,"date":"2016-01-10T19:59:10","date_gmt":"2016-01-10T23:59:10","guid":{"rendered":"http:\/\/delamanodemaria.com\/?p=6523"},"modified":"2016-01-11T19:20:37","modified_gmt":"2016-01-11T23:20:37","slug":"reflexion-para-el-lunes-de-la-primera-semana-del-t-o-2-11-01-16","status":"publish","type":"post","link":"http:\/\/delamanodemaria.com\/?p=6523","title":{"rendered":"REFLEXI\u00d3N PARA EL LUNES DE LA PRIMERA SEMANA DEL T.O. (2) 11-01-16"},"content":{"rendered":"<p><img decoding=\"async\" loading=\"lazy\" class=\"alignnone size-full wp-image-2880\" src=\"http:\/\/delamanodemaria.com\/wp-content\/uploads\/2014\/01\/Pescadores-de-hombres-3-sm.jpg\" alt=\"Pescadores de hombres 3 sm\" width=\"605\" height=\"404\" srcset=\"http:\/\/delamanodemaria.com\/wp-content\/uploads\/2014\/01\/Pescadores-de-hombres-3-sm.jpg 605w, http:\/\/delamanodemaria.com\/wp-content\/uploads\/2014\/01\/Pescadores-de-hombres-3-sm-300x200.jpg 300w, http:\/\/delamanodemaria.com\/wp-content\/uploads\/2014\/01\/Pescadores-de-hombres-3-sm-449x300.jpg 449w\" sizes=\"(max-width: 605px) 100vw, 605px\" \/><\/p>\n<p>Con la celebraci\u00f3n del Bautismo del Se\u00f1or en el d\u00eda de ayer, concluy\u00f3 el Tiempo de Navidad. Hoy comenzamos el Tiempo Ordinario. Corresponde a este a\u00f1o el Ciclo C &#8211; a\u00f1o par. Y para hoy la liturgia nos presenta como primera lectura el comienzo del libro de Samuel (1,1-8).<\/p>\n<p>Durante hoy y los pr\u00f3ximos tres d\u00edas estaremos leyendo la historia del nacimiento y vocaci\u00f3n de Samuel, nacido de una mujer est\u00e9ril, producto de la gratuidad de Dios; historia que nos sirve de preludio a la historia de David. Hoy leemos el comienzo de \u00e9sta per\u00edcopa que en la lectura de ma\u00f1ana continuar\u00e1 con el nacimiento de Samuel, seguida del \u201cC\u00e1ntico de Ana\u201d, que se nos ofrecer\u00e1 como salmo, y que prefigura el hermoso canto del <em>Magn\u00edficat<\/em> (Lc 1,46-55).<\/p>\n<p>Este nacimiento, al igual que los de <em>Isaac<\/em>, <em>Sans\u00f3n<\/em> y <em>Juan el Bautista<\/em> (tambi\u00e9n nacidos de mujeres est\u00e9riles), pone de manifiesto el poder de Dios y c\u00f3mo \u00c9l no necesita esperar que aparezca la persona id\u00f3nea para llevar a cabo una misi\u00f3n que tiene pensada en eso que llamamos historia de la salvaci\u00f3n. Simplemente la crea (para Dios nada es imposible). Y esas personas cambian el curso de la historia.<\/p>\n<p>Llegada la plenitud de los tiempos (<em>Cfr<\/em>. G\u00e1l 4,4), el momento preciso para culminar su Revelaci\u00f3n y el plan de redenci\u00f3n que ten\u00eda pensado desde siempre (<em>Cfr<\/em>. Gn 3,15), envi\u00f3 a Su Hijo, nacido, no de una mujer est\u00e9ril, sino de una virgen, fruto del Esp\u00edritu Santo \u2013 regalo absoluto de Dios \u2013 inicio de una nueva humanidad.<\/p>\n<p>La misi\u00f3n\u00a0de ese Hijo es formidable y el tiempo apremia. Para llevarla a cabo, y continuarla, necesitar\u00e1 ayuda humana (<em>Dios, que te cre\u00f3 sin ti, no te salvar\u00e1 sin ti<\/em> \u2013 San Agust\u00edn). Lleg\u00f3 el momento de reclutar sus primeros disc\u00edpulos, y la lectura evang\u00e9lica que nos lanza de lleno en el Tiempo Ordinario, nos narra ese episodio (Mc 1,14-20).<\/p>\n<p>Se trata de la vocaci\u00f3n de Sim\u00f3n (Pedro) y su hermano Andr\u00e9s, y Santiago y su hermano Juan. Jes\u00fas escoge sus primeros disc\u00edpulos de entre los pescadores, y utiliza la pesca, y el lenguaje de la pesca, para simbolizar la tarea que les espera a los llamados. Nos dice el pasaje que a los primeros les dijo \u201cVenid conmigo y os har\u00e9 pescadores de hombres\u201d. Siempre que escucho esta frase recuerdo a un p\u00e1rroco espa\u00f1ol que tuvimos en nuestra comunidad por muchos a\u00f1os, que en su ingl\u00e9s de Castilla la Vieja describ\u00eda nuestra misi\u00f3n como \u201c<em>fishing and fishing<\/em>\u201d. La escritura no nos dice qu\u00e9 le dijo a los segundos, pero debe haber sido algo similar. Lo cierto es que los cuatro, sin vacilar, dejaron las redes, y los segundos incluso dejaron a su padre (<em>Cfr<\/em>. Lc 14,26), para seguir a Jes\u00fas. Y ese seguimiento implicaba, por supuesto, aceptar el reto que Jes\u00fas les lanz\u00f3 junto con la invitaci\u00f3n: convertirse en \u201cpescadores de hombres\u201d. Esto nos evoca el pasaje de Jerem\u00edas (20,7): \u201c\u00a1T\u00fa me has seducido, Se\u00f1or, y yo me dej\u00e9 seducir!\u201d De nuevo esa mirada\u2026 \u00a1imposible de resistir!<\/p>\n<p>Como hemos dicho en ocasiones anteriores, el seguimiento de Jes\u00fas tiene que ser radical, no hay t\u00e9rminos medios (<em>Cfr<\/em>. Ap 3,15-16). Con ese pensamiento comenzamos el Tiempo Ordinario. Esa es la prueba de fuego para determinar si verdaderamente vivimos la Navidad, o si simplemente nos limitamos a celebrarla. Jes\u00fas nos llama a ser pescadores de hombres, pero ello implica dejar nuestras \u201credes\u201d que solo nos sirven para pescar las cosas del mundo. \u00bfEstamos dispuestos a aceptar el reto?<\/p>\n<div style=\"padding-bottom:20px; padding-top:10px;\" class=\"hupso-share-buttons\"><!-- Hupso Share Buttons - https:\/\/www.hupso.com\/share\/ --><a class=\"hupso_toolbar\" href=\"https:\/\/www.hupso.com\/share\/\"><img src=\"http:\/\/static.hupso.com\/share\/buttons\/lang\/es\/share-medium.png\" style=\"border:0px; padding-top: 5px; float:left;\" alt=\"Share Button\"\/><\/a><script type=\"text\/javascript\">var hupso_services_t=new Array(\"Twitter\",\"Facebook\",\"Google Plus\",\"Pinterest\",\"Linkedin\",\"Email\",\"Print\");var hupso_background_t=\"#EAF4FF\";var hupso_border_t=\"#66CCFF\";var hupso_toolbar_size_t=\"medium\";var hupso_image_folder_url = \"\";var hupso_twitter_via=\"hectorops\";var hupso_url_t=\"\";var hupso_title_t=\"REFLEXI%C3%93N%20PARA%20EL%20LUNES%20DE%20LA%20PRIMERA%20SEMANA%20DEL%20T.O.%20%282%29%2011-01-16\";<\/script><script type=\"text\/javascript\" src=\"http:\/\/static.hupso.com\/share\/js\/share_toolbar.js\"><\/script><!-- Hupso Share Buttons --><\/div>","protected":false},"excerpt":{"rendered":"<p>Con la celebraci\u00f3n del Bautismo del Se\u00f1or en el d\u00eda de ayer, concluy\u00f3 el Tiempo de Navidad. Hoy comenzamos el Tiempo Ordinario. Corresponde a este a\u00f1o el Ciclo C &#8211; a\u00f1o par. Y para hoy la liturgia nos presenta como &hellip; <a href=\"http:\/\/delamanodemaria.com\/?p=6523\">Continue reading <span class=\"meta-nav\">&rarr;<\/span><\/a><\/p>\n<div style=\"padding-bottom:20px; padding-top:10px;\" class=\"hupso-share-buttons\"><!-- Hupso Share Buttons - https:\/\/www.hupso.com\/share\/ --><a class=\"hupso_toolbar\" href=\"https:\/\/www.hupso.com\/share\/\"><img src=\"http:\/\/static.hupso.com\/share\/buttons\/lang\/es\/share-medium.png\" style=\"border:0px; padding-top: 5px; float:left;\" alt=\"Share Button\"\/><\/a><script type=\"text\/javascript\">var hupso_services_t=new Array(\"Twitter\",\"Facebook\",\"Google Plus\",\"Pinterest\",\"Linkedin\",\"Email\",\"Print\");var hupso_background_t=\"#EAF4FF\";var hupso_border_t=\"#66CCFF\";var hupso_toolbar_size_t=\"medium\";var hupso_image_folder_url = \"\";var hupso_twitter_via=\"hectorops\";var hupso_url_t=\"\";var hupso_title_t=\"REFLEXI%C3%93N%20PARA%20EL%20LUNES%20DE%20LA%20PRIMERA%20SEMANA%20DEL%20T.O.%20%282%29%2011-01-16\";<\/script><script type=\"text\/javascript\" src=\"http:\/\/static.hupso.com\/share\/js\/share_toolbar.js\"><\/script><!-- Hupso Share Buttons --><\/div>","protected":false},"author":1,"featured_media":0,"comment_status":"open","ping_status":"open","sticky":false,"template":"","format":"standard","meta":{"jetpack_post_was_ever_published":false,"_jetpack_newsletter_access":"","_jetpack_newsletter_tier_id":0,"jetpack_publicize_message":"","jetpack_is_tweetstorm":false,"jetpack_publicize_feature_enabled":true,"jetpack_social_post_already_shared":true,"jetpack_social_options":{"image_generator_settings":{"template":"highway","enabled":false}}},"categories":[1],"tags":[586,743,70,96,85,112,432,492,491,2,424,144,722,199],"jetpack_publicize_connections":[],"jetpack_featured_media_url":"","jetpack_shortlink":"https:\/\/wp.me\/p3bBgS-1Hd","jetpack_sharing_enabled":true,"jetpack_likes_enabled":true,"_links":{"self":[{"href":"http:\/\/delamanodemaria.com\/index.php?rest_route=\/wp\/v2\/posts\/6523"}],"collection":[{"href":"http:\/\/delamanodemaria.com\/index.php?rest_route=\/wp\/v2\/posts"}],"about":[{"href":"http:\/\/delamanodemaria.com\/index.php?rest_route=\/wp\/v2\/types\/post"}],"author":[{"embeddable":true,"href":"http:\/\/delamanodemaria.com\/index.php?rest_route=\/wp\/v2\/users\/1"}],"replies":[{"embeddable":true,"href":"http:\/\/delamanodemaria.com\/index.php?rest_route=%2Fwp%2Fv2%2Fcomments&post=6523"}],"version-history":[{"count":8,"href":"http:\/\/delamanodemaria.com\/index.php?rest_route=\/wp\/v2\/posts\/6523\/revisions"}],"predecessor-version":[{"id":6537,"href":"http:\/\/delamanodemaria.com\/index.php?rest_route=\/wp\/v2\/posts\/6523\/revisions\/6537"}],"wp:attachment":[{"href":"http:\/\/delamanodemaria.com\/index.php?rest_route=%2Fwp%2Fv2%2Fmedia&parent=6523"}],"wp:term":[{"taxonomy":"category","embeddable":true,"href":"http:\/\/delamanodemaria.com\/index.php?rest_route=%2Fwp%2Fv2%2Fcategories&post=6523"},{"taxonomy":"post_tag","embeddable":true,"href":"http:\/\/delamanodemaria.com\/index.php?rest_route=%2Fwp%2Fv2%2Ftags&post=6523"}],"curies":[{"name":"wp","href":"https:\/\/api.w.org\/{rel}","templated":true}]}}