{"id":6567,"date":"2016-01-18T18:22:19","date_gmt":"2016-01-18T22:22:19","guid":{"rendered":"http:\/\/delamanodemaria.com\/?p=6567"},"modified":"2016-01-18T18:22:19","modified_gmt":"2016-01-18T22:22:19","slug":"reflexion-para-el-martes-de-la-segunda-semana-del-t-o-2-19-01-16","status":"publish","type":"post","link":"http:\/\/delamanodemaria.com\/?p=6567","title":{"rendered":"REFLEXI\u00d3N PARA EL MARTES DE LA SEGUNDA SEMANA DEL T.O. (2) 19-01-16"},"content":{"rendered":"<p><img decoding=\"async\" loading=\"lazy\" class=\"size-full wp-image-1831 aligncenter\" src=\"http:\/\/delamanodemaria.com\/wp-content\/uploads\/2013\/09\/arrancando-espigas-en-sabado.jpg\" alt=\"arrancando espigas en sabado\" width=\"569\" height=\"300\" srcset=\"http:\/\/delamanodemaria.com\/wp-content\/uploads\/2013\/09\/arrancando-espigas-en-sabado.jpg 569w, http:\/\/delamanodemaria.com\/wp-content\/uploads\/2013\/09\/arrancando-espigas-en-sabado-300x158.jpg 300w, http:\/\/delamanodemaria.com\/wp-content\/uploads\/2013\/09\/arrancando-espigas-en-sabado-500x263.jpg 500w\" sizes=\"(max-width: 569px) 100vw, 569px\" \/>La lectura evang\u00e9lica de hoy (Mc 2,23-28) nos presenta a Jes\u00fas, un s\u00e1bado, atravesando un campo con sus disc\u00edpulos, quienes arrancaban espigas mientras caminaban para comerse los granos. \u00c9ste \u00faltimo detalle no surge expl\u00edcitamente de la lectura, pero el evangelio paralelo de Mateo (12,1-8), dice que los disc\u00edpulos \u201cdesgranaban\u201d las espigas para comerse los granos porque \u201cten\u00edan hambre\u201d.<\/p>\n<p>Los fariseos que observaban la escena les critican severamente: \u201cOye, \u00bfpor qu\u00e9 hacen en s\u00e1bado lo que no est\u00e1 permitido?\u201d Al decir eso se refer\u00edan a la prohibici\u00f3n contenida en Ex 20,8-11 que ellos interpretaban de manera estricta, considerando una transgresi\u00f3n lo que los disc\u00edpulos hac\u00edan. Los fariseos pretenden utilizar las escrituras para condenar a Jes\u00fas, pero Jes\u00fas demuestra tener un vasto conocimiento de las escrituras. Eso lo vemos a lo largo de todos los relatos evang\u00e9licos. Por eso les riposta citando el pasaje en el que el mismo rey David hizo algo prohibido al tomar los panes consagrados del templo para saciar el hambre de sus hombres (1 Sam 21,2-7).<\/p>\n<p>Esta observancia estricta del s\u00e1bado, la circuncisi\u00f3n, la pureza ritual, fueron fomentadas por los sacerdotes durante el destierro en Babilonia para que no se perdieran esas tradiciones, y para distinguir al pueblo jud\u00edo de todos los dem\u00e1s. Esto dio margen al nacimiento del llamado \u201cjuda\u00edsmo\u201d. Estas pr\u00e1cticas llegaron al extremo de controlar todos los aspectos de la vida de los jud\u00edos. La observancia de la Ley, por la ley misma, por encima de los hombres. Es por eso que Jes\u00fas dice: \u201cEl s\u00e1bado se hizo para el hombre y no el hombre para el s\u00e1bado\u201d. El amor, la misericordia, est\u00e1n por encima de la Ley. Jes\u00fas es Dios, es el Amor. Por tanto, termina diciendo Jes\u00fas que \u201cel Hijo del hombre es se\u00f1or tambi\u00e9n del s\u00e1bado\u201d.<\/p>\n<p>Dar cumplimiento a la ley no es suficiente (la palabra cumplimiento est\u00e1 compuesta por dos: \u201ccumplo\u201d y \u201cmiento\u201d). Estamos llamados a ir m\u00e1s all\u00e1. Si aceptamos que Jes\u00fas es el due\u00f1o del s\u00e1bado, y que \u00c9l nos invita a seguirle (como lo hicieron los disc\u00edpulos en la lectura), todo est\u00e1 tambi\u00e9n a nuestro servicio, cuando se trata de seguir sus pasos. De ah\u00ed que \u201cel s\u00e1bado se hizo para el hombre y no el hombre para el s\u00e1bado\u201d.<\/p>\n<p>El Evangelio de ayer nos hablaba de la necesidad de guardar el \u201cvino nuevo\u201d en \u201codres nuevos\u201d. De eso se trata el mensaje de Jes\u00fas. No podemos permitir que la observancia de los ritos y la interpretaci\u00f3n estricta de los preceptos nos impidan practicar el amor y la misericordia (\u201cMisericordia quiero, que no sacrificio\u201d &#8211; Mt 12,7; <em>Cfr.<\/em> Os 6,6). A eso se refer\u00eda el papa Francisco cuando dijo: \u201cMisericordia: es la ley fundamental que habita en el coraz\u00f3n de cada persona cuando mira con ojos sinceros al hermano que encuentra en el camino de la vida\u201d (<em>Misericordiae Vultus<\/em> n.2).<\/p>\n<p>Para seguir a Jes\u00fas no es necesario que nos convirtamos en \u201cbeatos\u201d ni que nos apartemos del mundo. No podemos vivir un ritualismo artificial que raye en la hipocres\u00eda. Cuando de practicar la Misericordia de trata, no podemos permitir que ning\u00fan precepto la aprisione.<\/p>\n<p>\u201cPorque Dios no ve como los hombres, que ven la apariencia; el Se\u00f1or ve el coraz\u00f3n\u201d \u2013 Primera lectura de hoy, 1 Sam 16,1-13.<\/p>\n<div style=\"padding-bottom:20px; padding-top:10px;\" class=\"hupso-share-buttons\"><!-- Hupso Share Buttons - https:\/\/www.hupso.com\/share\/ --><a class=\"hupso_toolbar\" href=\"https:\/\/www.hupso.com\/share\/\"><img src=\"http:\/\/static.hupso.com\/share\/buttons\/lang\/es\/share-medium.png\" style=\"border:0px; padding-top: 5px; float:left;\" alt=\"Share Button\"\/><\/a><script type=\"text\/javascript\">var hupso_services_t=new Array(\"Twitter\",\"Facebook\",\"Google Plus\",\"Pinterest\",\"Linkedin\",\"Email\",\"Print\");var hupso_background_t=\"#EAF4FF\";var hupso_border_t=\"#66CCFF\";var hupso_toolbar_size_t=\"medium\";var hupso_image_folder_url = \"\";var hupso_twitter_via=\"hectorops\";var hupso_url_t=\"\";var hupso_title_t=\"REFLEXI%C3%93N%20PARA%20EL%20MARTES%20DE%20LA%20SEGUNDA%20SEMANA%20DEL%20T.O.%20%282%29%2019-01-16\";<\/script><script type=\"text\/javascript\" src=\"http:\/\/static.hupso.com\/share\/js\/share_toolbar.js\"><\/script><!-- Hupso Share Buttons --><\/div>","protected":false},"excerpt":{"rendered":"<p>La lectura evang\u00e9lica de hoy (Mc 2,23-28) nos presenta a Jes\u00fas, un s\u00e1bado, atravesando un campo con sus disc\u00edpulos, quienes arrancaban espigas mientras caminaban para comerse los granos. \u00c9ste \u00faltimo detalle no surge expl\u00edcitamente de la lectura, pero el evangelio &hellip; <a href=\"http:\/\/delamanodemaria.com\/?p=6567\">Continue reading <span class=\"meta-nav\">&rarr;<\/span><\/a><\/p>\n<div style=\"padding-bottom:20px; padding-top:10px;\" class=\"hupso-share-buttons\"><!-- Hupso Share Buttons - https:\/\/www.hupso.com\/share\/ --><a class=\"hupso_toolbar\" href=\"https:\/\/www.hupso.com\/share\/\"><img src=\"http:\/\/static.hupso.com\/share\/buttons\/lang\/es\/share-medium.png\" style=\"border:0px; padding-top: 5px; float:left;\" alt=\"Share Button\"\/><\/a><script type=\"text\/javascript\">var hupso_services_t=new Array(\"Twitter\",\"Facebook\",\"Google Plus\",\"Pinterest\",\"Linkedin\",\"Email\",\"Print\");var hupso_background_t=\"#EAF4FF\";var hupso_border_t=\"#66CCFF\";var hupso_toolbar_size_t=\"medium\";var hupso_image_folder_url = \"\";var hupso_twitter_via=\"hectorops\";var hupso_url_t=\"\";var hupso_title_t=\"REFLEXI%C3%93N%20PARA%20EL%20MARTES%20DE%20LA%20SEGUNDA%20SEMANA%20DEL%20T.O.%20%282%29%2019-01-16\";<\/script><script type=\"text\/javascript\" src=\"http:\/\/static.hupso.com\/share\/js\/share_toolbar.js\"><\/script><!-- Hupso Share Buttons --><\/div>","protected":false},"author":1,"featured_media":0,"comment_status":"open","ping_status":"open","sticky":false,"template":"","format":"standard","meta":{"jetpack_post_was_ever_published":false,"_jetpack_newsletter_access":"","_jetpack_newsletter_tier_id":0,"jetpack_publicize_message":"","jetpack_is_tweetstorm":false,"jetpack_publicize_feature_enabled":true,"jetpack_social_post_already_shared":true,"jetpack_social_options":{"image_generator_settings":{"template":"highway","enabled":false}}},"categories":[1],"tags":[586,204,278,70,19,1141,771,760,621,2,277],"jetpack_publicize_connections":[],"jetpack_featured_media_url":"","jetpack_shortlink":"https:\/\/wp.me\/p3bBgS-1HV","jetpack_sharing_enabled":true,"jetpack_likes_enabled":true,"_links":{"self":[{"href":"http:\/\/delamanodemaria.com\/index.php?rest_route=\/wp\/v2\/posts\/6567"}],"collection":[{"href":"http:\/\/delamanodemaria.com\/index.php?rest_route=\/wp\/v2\/posts"}],"about":[{"href":"http:\/\/delamanodemaria.com\/index.php?rest_route=\/wp\/v2\/types\/post"}],"author":[{"embeddable":true,"href":"http:\/\/delamanodemaria.com\/index.php?rest_route=\/wp\/v2\/users\/1"}],"replies":[{"embeddable":true,"href":"http:\/\/delamanodemaria.com\/index.php?rest_route=%2Fwp%2Fv2%2Fcomments&post=6567"}],"version-history":[{"count":3,"href":"http:\/\/delamanodemaria.com\/index.php?rest_route=\/wp\/v2\/posts\/6567\/revisions"}],"predecessor-version":[{"id":6570,"href":"http:\/\/delamanodemaria.com\/index.php?rest_route=\/wp\/v2\/posts\/6567\/revisions\/6570"}],"wp:attachment":[{"href":"http:\/\/delamanodemaria.com\/index.php?rest_route=%2Fwp%2Fv2%2Fmedia&parent=6567"}],"wp:term":[{"taxonomy":"category","embeddable":true,"href":"http:\/\/delamanodemaria.com\/index.php?rest_route=%2Fwp%2Fv2%2Fcategories&post=6567"},{"taxonomy":"post_tag","embeddable":true,"href":"http:\/\/delamanodemaria.com\/index.php?rest_route=%2Fwp%2Fv2%2Ftags&post=6567"}],"curies":[{"name":"wp","href":"https:\/\/api.w.org\/{rel}","templated":true}]}}