{"id":6581,"date":"2016-01-21T21:26:16","date_gmt":"2016-01-22T01:26:16","guid":{"rendered":"http:\/\/delamanodemaria.com\/?p=6581"},"modified":"2016-01-22T15:14:47","modified_gmt":"2016-01-22T19:14:47","slug":"reflexion-para-el-viernes-de-la-segunda-semana-del-t-o-2-22-01-16","status":"publish","type":"post","link":"http:\/\/delamanodemaria.com\/?p=6581","title":{"rendered":"REFLEXI\u00d3N PARA EL VIERNES DE LA SEGUNDA SEMANA DEL T.O. (2) 22-01-16"},"content":{"rendered":"<p><img decoding=\"async\" loading=\"lazy\" class=\"size-full wp-image-2863 aligncenter\" src=\"http:\/\/delamanodemaria.com\/wp-content\/uploads\/2014\/01\/eleccion-de-los-12.jpg\" alt=\"eleccion de los 12\" width=\"600\" height=\"766\" srcset=\"http:\/\/delamanodemaria.com\/wp-content\/uploads\/2014\/01\/eleccion-de-los-12.jpg 600w, http:\/\/delamanodemaria.com\/wp-content\/uploads\/2014\/01\/eleccion-de-los-12-234x300.jpg 234w\" sizes=\"(max-width: 600px) 100vw, 600px\" \/><\/p>\n<p>La lectura evang\u00e9lica que contemplamos hoy nos ofrece la versi\u00f3n de Marcos de la elecci\u00f3n de los \u201cdoce\u201d (Mc 3,13-19). Hasta este momento los disc\u00edpulos de Jes\u00fas eran cinco: Sim\u00f3n y su hermano Andr\u00e9s, Santiago y su hermano Juan, y Lev\u00ed (Mateo).<\/p>\n<p>Nos narra el pasaje que Jes\u00fas \u201cmientras sub\u00eda a la monta\u00f1a, fue llamando a los que \u00e9l quiso, y se fueron con \u00e9l\u201d. Para los jud\u00edos la monta\u00f1a es siempre lugar de encuentro con Dios, de oraci\u00f3n; por eso es lugar de toma de decisiones. De hecho, el paralelo de Lucas (6,12-16) comienza diciendo que \u201cpor aquellos d\u00edas se fue \u00e9l al monte a orar, y se pas\u00f3 la noche en la oraci\u00f3n de Dios\u201d, y entonces \u201cllam\u00f3 a sus disc\u00edpulos, y eligi\u00f3 doce de entre ellos, a los que llam\u00f3 tambi\u00e9n ap\u00f3stoles\u201d.<\/p>\n<p>Vemos c\u00f3mo Jes\u00fas vivi\u00f3 toda su vida en un ambiente de oraci\u00f3n; su vida se nutr\u00eda de ese constante di\u00e1logo amoroso con el Padre. Y eso inclu\u00eda hacer al Padre parte del proceso de tomar las decisiones importantes. Jes\u00fas es Dios, y aun as\u00ed contaba con el concurso del Padre, y estaba siempre dispuesto a acatar Su voluntad (<em>Cfr<\/em>. Lc 22,42). Y t\u00fa, \u00bfconsultas al Padre en oraci\u00f3n cada vez que vas a tomar una decisi\u00f3n, o conf\u00edas solo en tus capacidades humanas?<\/p>\n<p>Contin\u00faa diciendo el pasaje de hoy que Jes\u00fas \u201cllam\u00f3\u201d a los que \u00c9l quiso. Caracter\u00edstica principal de la vocaci\u00f3n (\u201cvocaci\u00f3n\u201d quiere decir \u201cllamado\u201d). La iniciativa SIEMPRE es de Dios. Es \u00c9l quien llama y capacita a los que escoge. Nos dice adem\u00e1s la Escritura que aquellos a quienes llam\u00f3 \u201cse fueron con \u00e9l\u201d. Aceptaron el llamado.<\/p>\n<p>Aceptado el llamado, \u201ca doce los hizo sus compa\u00f1eros, para enviarlos a predicar, con poder para expulsar demonios. As\u00ed constituy\u00f3 el grupo de los Doce\u201d. Los \u201cenvi\u00f3\u201d. La palabra griega para \u201cenviado\u201d es \u201cap\u00f3stol\u201d. Y su primera encomienda fue \u201cpredicar\u201d, hacer el anuncio de Reino, que fue tambi\u00e9n la misi\u00f3n primordial de Jes\u00fas. Lo dijo al comienzo de su misi\u00f3n (Mc 1,38), y se lo repetir\u00e1 a los ap\u00f3stoles al final, antes de ascender a la derecha del Padre (Mc 16,15): \u201cId por todo el mundo y proclamad la Buena Nueva a toda la creaci\u00f3n\u201d.<\/p>\n<p>El n\u00famero de \u201cdoce\u201d que Jes\u00fas escogi\u00f3 para instituir como ap\u00f3stoles tampoco es casualidad. En la mentalidad y cultura jud\u00edas el n\u00famero doce es n\u00famero de \u201celecci\u00f3n\u201d. El mismo nos remite a las doce tribus de Israel que fueron la base del Pueblo jud\u00edo. Del mismo modo, ahora Jes\u00fas instituye el \u201cnuevo Pueblo de Dios\u201d, la Iglesia, edificada sobre el cimiento de los doce ap\u00f3stoles (<em>Cfr<\/em>. Ef, 2,20). De ah\u00ed que cuando recitamos el Credo de los ap\u00f3stoles decimos que la Iglesia es \u201capost\u00f3lica\u201d.<\/p>\n<p>Y aunque nosotros no somos sucesores de los ap\u00f3stoles, como los obispos, somos miembros de una comunidad de fe, la Iglesia instituida por Jesucristo sobre el fundamento de los ap\u00f3stoles, Iglesia \u201cApost\u00f3lica\u201d. As\u00ed, cuando celebramos la Eucarist\u00eda nos unimos a \u00c9l como lo hicieron aqu\u00e9l d\u00eda los \u201cdoce\u201d, y al final de la misa se nos \u201cenv\u00eda\u201d a predicar la Buena Noticia del Reino. \u00a1Atr\u00e9vete!<\/p>\n<div style=\"padding-bottom:20px; padding-top:10px;\" class=\"hupso-share-buttons\"><!-- Hupso Share Buttons - https:\/\/www.hupso.com\/share\/ --><a class=\"hupso_toolbar\" href=\"https:\/\/www.hupso.com\/share\/\"><img src=\"http:\/\/static.hupso.com\/share\/buttons\/lang\/es\/share-medium.png\" style=\"border:0px; padding-top: 5px; float:left;\" alt=\"Share Button\"\/><\/a><script type=\"text\/javascript\">var hupso_services_t=new Array(\"Twitter\",\"Facebook\",\"Google Plus\",\"Pinterest\",\"Linkedin\",\"Email\",\"Print\");var hupso_background_t=\"#EAF4FF\";var hupso_border_t=\"#66CCFF\";var hupso_toolbar_size_t=\"medium\";var hupso_image_folder_url = \"\";var hupso_twitter_via=\"hectorops\";var hupso_url_t=\"\";var hupso_title_t=\"REFLEXI%C3%93N%20PARA%20EL%20VIERNES%20DE%20LA%20SEGUNDA%20SEMANA%20DEL%20T.O.%20%282%29%2022-01-16\";<\/script><script type=\"text\/javascript\" src=\"http:\/\/static.hupso.com\/share\/js\/share_toolbar.js\"><\/script><!-- Hupso Share Buttons --><\/div>","protected":false},"excerpt":{"rendered":"<p>La lectura evang\u00e9lica que contemplamos hoy nos ofrece la versi\u00f3n de Marcos de la elecci\u00f3n de los \u201cdoce\u201d (Mc 3,13-19). Hasta este momento los disc\u00edpulos de Jes\u00fas eran cinco: Sim\u00f3n y su hermano Andr\u00e9s, Santiago y su hermano Juan, y &hellip; <a href=\"http:\/\/delamanodemaria.com\/?p=6581\">Continue reading <span class=\"meta-nav\">&rarr;<\/span><\/a><\/p>\n<div style=\"padding-bottom:20px; padding-top:10px;\" class=\"hupso-share-buttons\"><!-- Hupso Share Buttons - https:\/\/www.hupso.com\/share\/ --><a class=\"hupso_toolbar\" href=\"https:\/\/www.hupso.com\/share\/\"><img src=\"http:\/\/static.hupso.com\/share\/buttons\/lang\/es\/share-medium.png\" style=\"border:0px; padding-top: 5px; float:left;\" alt=\"Share Button\"\/><\/a><script type=\"text\/javascript\">var hupso_services_t=new Array(\"Twitter\",\"Facebook\",\"Google Plus\",\"Pinterest\",\"Linkedin\",\"Email\",\"Print\");var hupso_background_t=\"#EAF4FF\";var hupso_border_t=\"#66CCFF\";var hupso_toolbar_size_t=\"medium\";var hupso_image_folder_url = \"\";var hupso_twitter_via=\"hectorops\";var hupso_url_t=\"\";var hupso_title_t=\"REFLEXI%C3%93N%20PARA%20EL%20VIERNES%20DE%20LA%20SEGUNDA%20SEMANA%20DEL%20T.O.%20%282%29%2022-01-16\";<\/script><script type=\"text\/javascript\" src=\"http:\/\/static.hupso.com\/share\/js\/share_toolbar.js\"><\/script><!-- Hupso Share Buttons --><\/div>","protected":false},"author":1,"featured_media":0,"comment_status":"open","ping_status":"open","sticky":false,"template":"","format":"standard","meta":{"jetpack_post_was_ever_published":false,"_jetpack_newsletter_access":"","_jetpack_newsletter_tier_id":0,"jetpack_publicize_message":"","jetpack_is_tweetstorm":false,"jetpack_publicize_feature_enabled":true,"jetpack_social_post_already_shared":true,"jetpack_social_options":{"image_generator_settings":{"template":"highway","enabled":false}}},"categories":[1],"tags":[586,89,105,763,569,656,214,1097,227,1189,637,130,2,199],"jetpack_publicize_connections":[],"jetpack_featured_media_url":"","jetpack_shortlink":"https:\/\/wp.me\/p3bBgS-1I9","jetpack_sharing_enabled":true,"jetpack_likes_enabled":true,"_links":{"self":[{"href":"http:\/\/delamanodemaria.com\/index.php?rest_route=\/wp\/v2\/posts\/6581"}],"collection":[{"href":"http:\/\/delamanodemaria.com\/index.php?rest_route=\/wp\/v2\/posts"}],"about":[{"href":"http:\/\/delamanodemaria.com\/index.php?rest_route=\/wp\/v2\/types\/post"}],"author":[{"embeddable":true,"href":"http:\/\/delamanodemaria.com\/index.php?rest_route=\/wp\/v2\/users\/1"}],"replies":[{"embeddable":true,"href":"http:\/\/delamanodemaria.com\/index.php?rest_route=%2Fwp%2Fv2%2Fcomments&post=6581"}],"version-history":[{"count":4,"href":"http:\/\/delamanodemaria.com\/index.php?rest_route=\/wp\/v2\/posts\/6581\/revisions"}],"predecessor-version":[{"id":6585,"href":"http:\/\/delamanodemaria.com\/index.php?rest_route=\/wp\/v2\/posts\/6581\/revisions\/6585"}],"wp:attachment":[{"href":"http:\/\/delamanodemaria.com\/index.php?rest_route=%2Fwp%2Fv2%2Fmedia&parent=6581"}],"wp:term":[{"taxonomy":"category","embeddable":true,"href":"http:\/\/delamanodemaria.com\/index.php?rest_route=%2Fwp%2Fv2%2Fcategories&post=6581"},{"taxonomy":"post_tag","embeddable":true,"href":"http:\/\/delamanodemaria.com\/index.php?rest_route=%2Fwp%2Fv2%2Ftags&post=6581"}],"curies":[{"name":"wp","href":"https:\/\/api.w.org\/{rel}","templated":true}]}}