{"id":6586,"date":"2016-01-22T20:48:07","date_gmt":"2016-01-23T00:48:07","guid":{"rendered":"http:\/\/delamanodemaria.com\/?p=6586"},"modified":"2016-01-22T21:07:58","modified_gmt":"2016-01-23T01:07:58","slug":"reflexion-para-el-sabado-de-la-segunda-semana-del-t-o-2-23-01-16","status":"publish","type":"post","link":"http:\/\/delamanodemaria.com\/?p=6586","title":{"rendered":"REFLEXI\u00d3N PARA EL S\u00c1BADO DE LA SEGUNDA SEMANA DEL T.O. (2) 23-01-16"},"content":{"rendered":"<p><img decoding=\"async\" loading=\"lazy\" class=\"alignnone size-full wp-image-6588\" src=\"http:\/\/delamanodemaria.com\/wp-content\/uploads\/2016\/01\/Al-enterarse-su-familia-vinieron-a-buscarlo.jpg\" alt=\"Al enterarse su familia, vinieron a buscarlo\" width=\"794\" height=\"529\" srcset=\"http:\/\/delamanodemaria.com\/wp-content\/uploads\/2016\/01\/Al-enterarse-su-familia-vinieron-a-buscarlo.jpg 794w, http:\/\/delamanodemaria.com\/wp-content\/uploads\/2016\/01\/Al-enterarse-su-familia-vinieron-a-buscarlo-300x200.jpg 300w, http:\/\/delamanodemaria.com\/wp-content\/uploads\/2016\/01\/Al-enterarse-su-familia-vinieron-a-buscarlo-768x512.jpg 768w, http:\/\/delamanodemaria.com\/wp-content\/uploads\/2016\/01\/Al-enterarse-su-familia-vinieron-a-buscarlo-450x300.jpg 450w\" sizes=\"(max-width: 794px) 100vw, 794px\" \/>En los pasados d\u00edas Marcos nos ha estado narrando c\u00f3mo la fama de Jes\u00fas segu\u00eda creciendo, extendi\u00e9ndose m\u00e1s all\u00e1 de Palestina, hasta el mundo pagano. Donde quiera que iba la gente lo acosaba; quer\u00edan ver sus portentos, u obtener para s\u00ed mismos un milagro. Ya no hab\u00eda un lugar donde pudiera pasar un rato tranquilo, ni a\u00fan en su casa. La lectura evang\u00e9lica de hoy (Mc 3,20-21), una de las m\u00e1s cortas que leemos en la liturgia, dramatiza esa situaci\u00f3n:<\/p>\n<p>\u201cEn aquel tiempo, Jes\u00fas fue a casa con sus disc\u00edpulos y se junt\u00f3 de nuevo tanta gente que no los dejaban ni comer. Al enterarse su familia, vinieron a llev\u00e1rselo, porque dec\u00edan que no estaba en sus cabales\u201d.<\/p>\n<p>Su familia est\u00e1 preocupada por \u00e9l; lo ven acosado, cansado, agotado, sin posibilidad de descanso. Quieren llev\u00e1rselo para que pueda disipar su mente, descansar su cuerpo.<\/p>\n<p>Algunos, por otro lado, ven en ese gesto de la familia una falta de comprensi\u00f3n de parte ellos, que no pueden entender la grandeza del amor que mueve a Jes\u00fas a \u201cdejar de ser de \u00e9l\u201d para entregarse por completo a los necesitados. Otros ven en sus familiares un desprecio hacia la persona de Jes\u00fas, quien con sus actos se estaba poniendo en peligro y los estaba poniendo en peligro a ellos. Recordemos que en tiempos de Jes\u00fas los lun\u00e1ticos eran considerados como \u201cendemoniados\u201d o \u201cpose\u00eddos\u201d y eran apedreados; y que a veces esa condici\u00f3n era producto del pecado de sus padres o familiares. En otras palabras, la familia estaba actuado para protegerse ellos mismos.<\/p>\n<p>Yo tiendo a pensar que en realidad el que dijeran que estaba \u201cfuera de sus cabales\u201d era m\u00e1s bien un subterfugio, un gesto de protecci\u00f3n para llevarlo a un lugar donde pudiera descansar. No podemos olvidar que la persona m\u00e1s importante en esa \u201cfamilia\u201d era Mar\u00eda, la madre de Jes\u00fas, la que \u201cguardaba todas esas cosas en su coraz\u00f3n medit\u00e1ndolas\u201d, la que acept\u00f3 desde el \u201ch\u00e1gase\u201d la voluntad del Padre y la misi\u00f3n de su Hijo, la que lo apoy\u00f3 y acompa\u00f1\u00f3 hasta el Calvario. Mar\u00eda conoce y acepta la voluntad del Padre, pero su coraz\u00f3n de Madre la impulsa a velar por el bienestar de su Hijo.<\/p>\n<p>Los que decidimos seguir al Se\u00f1or muchas veces nos sentimos agotados por la misi\u00f3n que hemos aceptado; y hasta acosados, ya que mientras m\u00e1s trabajamos por el Reino, m\u00e1s se espera de nosotros y m\u00e1s trabajo se nos encomienda. Es en esos momentos que debemos mirar el ejemplo de nuestro Maestro, y recordar que cuando decidimos seguirlo sab\u00edamos que la jornada iba a ser dura. \u201cEl que quiera seguirme\u2026\u201d (Lc 9,23; Mt 16,24). Nos anima la promesa de que \u00c9l no nos abandonar\u00e1, que estar\u00e1 con nosotros todos los d\u00edas, hasta el fin del mundo (Mt. 28,20).<\/p>\n<p>En la lectura de hoy vemos a un Jes\u00fas que deja de comer por atender a los que acuden a \u00c9l en busca de alivio. Ese mismo Jes\u00fas va un paso m\u00e1s all\u00e1; se deja \u201ccomer\u201d por nosotros, los que decidimos seguirlo, cuando lo comemos en las especies eucar\u00edsticas. Ah\u00ed se hace patente su promesa; por eso podemos sonre\u00edr en medio del cansancio cuando le servimos.<\/p>\n<p>\u00a1Atr\u00e9vete!<\/p>\n<div style=\"padding-bottom:20px; padding-top:10px;\" class=\"hupso-share-buttons\"><!-- Hupso Share Buttons - https:\/\/www.hupso.com\/share\/ --><a class=\"hupso_toolbar\" href=\"https:\/\/www.hupso.com\/share\/\"><img src=\"http:\/\/static.hupso.com\/share\/buttons\/lang\/es\/share-medium.png\" style=\"border:0px; padding-top: 5px; float:left;\" alt=\"Share Button\"\/><\/a><script type=\"text\/javascript\">var hupso_services_t=new Array(\"Twitter\",\"Facebook\",\"Google Plus\",\"Pinterest\",\"Linkedin\",\"Email\",\"Print\");var hupso_background_t=\"#EAF4FF\";var hupso_border_t=\"#66CCFF\";var hupso_toolbar_size_t=\"medium\";var hupso_image_folder_url = \"\";var hupso_twitter_via=\"hectorops\";var hupso_url_t=\"\";var hupso_title_t=\"REFLEXI%C3%93N%20PARA%20EL%20S%C3%81BADO%20DE%20LA%20SEGUNDA%20SEMANA%20DEL%20T.O.%20%282%29%2023-01-16\";<\/script><script type=\"text\/javascript\" src=\"http:\/\/static.hupso.com\/share\/js\/share_toolbar.js\"><\/script><!-- Hupso Share Buttons --><\/div>","protected":false},"excerpt":{"rendered":"<p>En los pasados d\u00edas Marcos nos ha estado narrando c\u00f3mo la fama de Jes\u00fas segu\u00eda creciendo, extendi\u00e9ndose m\u00e1s all\u00e1 de Palestina, hasta el mundo pagano. Donde quiera que iba la gente lo acosaba; quer\u00edan ver sus portentos, u obtener para &hellip; <a href=\"http:\/\/delamanodemaria.com\/?p=6586\">Continue reading <span class=\"meta-nav\">&rarr;<\/span><\/a><\/p>\n<div style=\"padding-bottom:20px; padding-top:10px;\" class=\"hupso-share-buttons\"><!-- Hupso Share Buttons - https:\/\/www.hupso.com\/share\/ --><a class=\"hupso_toolbar\" href=\"https:\/\/www.hupso.com\/share\/\"><img src=\"http:\/\/static.hupso.com\/share\/buttons\/lang\/es\/share-medium.png\" style=\"border:0px; padding-top: 5px; float:left;\" alt=\"Share Button\"\/><\/a><script type=\"text\/javascript\">var hupso_services_t=new Array(\"Twitter\",\"Facebook\",\"Google Plus\",\"Pinterest\",\"Linkedin\",\"Email\",\"Print\");var hupso_background_t=\"#EAF4FF\";var hupso_border_t=\"#66CCFF\";var hupso_toolbar_size_t=\"medium\";var hupso_image_folder_url = \"\";var hupso_twitter_via=\"hectorops\";var hupso_url_t=\"\";var hupso_title_t=\"REFLEXI%C3%93N%20PARA%20EL%20S%C3%81BADO%20DE%20LA%20SEGUNDA%20SEMANA%20DEL%20T.O.%20%282%29%2023-01-16\";<\/script><script type=\"text\/javascript\" src=\"http:\/\/static.hupso.com\/share\/js\/share_toolbar.js\"><\/script><!-- Hupso Share Buttons --><\/div>","protected":false},"author":1,"featured_media":0,"comment_status":"open","ping_status":"open","sticky":false,"template":"","format":"standard","meta":{"jetpack_post_was_ever_published":false,"_jetpack_newsletter_access":"","_jetpack_newsletter_tier_id":0,"jetpack_publicize_message":"","jetpack_is_tweetstorm":false,"jetpack_publicize_feature_enabled":true,"jetpack_social_post_already_shared":true,"jetpack_social_options":{"image_generator_settings":{"template":"highway","enabled":false}}},"categories":[1],"tags":[],"jetpack_publicize_connections":[],"jetpack_featured_media_url":"","jetpack_shortlink":"https:\/\/wp.me\/p3bBgS-1Ie","jetpack_sharing_enabled":true,"jetpack_likes_enabled":true,"_links":{"self":[{"href":"http:\/\/delamanodemaria.com\/index.php?rest_route=\/wp\/v2\/posts\/6586"}],"collection":[{"href":"http:\/\/delamanodemaria.com\/index.php?rest_route=\/wp\/v2\/posts"}],"about":[{"href":"http:\/\/delamanodemaria.com\/index.php?rest_route=\/wp\/v2\/types\/post"}],"author":[{"embeddable":true,"href":"http:\/\/delamanodemaria.com\/index.php?rest_route=\/wp\/v2\/users\/1"}],"replies":[{"embeddable":true,"href":"http:\/\/delamanodemaria.com\/index.php?rest_route=%2Fwp%2Fv2%2Fcomments&post=6586"}],"version-history":[{"count":3,"href":"http:\/\/delamanodemaria.com\/index.php?rest_route=\/wp\/v2\/posts\/6586\/revisions"}],"predecessor-version":[{"id":6590,"href":"http:\/\/delamanodemaria.com\/index.php?rest_route=\/wp\/v2\/posts\/6586\/revisions\/6590"}],"wp:attachment":[{"href":"http:\/\/delamanodemaria.com\/index.php?rest_route=%2Fwp%2Fv2%2Fmedia&parent=6586"}],"wp:term":[{"taxonomy":"category","embeddable":true,"href":"http:\/\/delamanodemaria.com\/index.php?rest_route=%2Fwp%2Fv2%2Fcategories&post=6586"},{"taxonomy":"post_tag","embeddable":true,"href":"http:\/\/delamanodemaria.com\/index.php?rest_route=%2Fwp%2Fv2%2Ftags&post=6586"}],"curies":[{"name":"wp","href":"https:\/\/api.w.org\/{rel}","templated":true}]}}