{"id":6660,"date":"2016-02-10T21:30:55","date_gmt":"2016-02-11T01:30:55","guid":{"rendered":"http:\/\/delamanodemaria.com\/?p=6660"},"modified":"2016-02-10T21:31:31","modified_gmt":"2016-02-11T01:31:31","slug":"reflexion-para-el-jueves-despues-de-ceniza-11-02-16","status":"publish","type":"post","link":"http:\/\/delamanodemaria.com\/?p=6660","title":{"rendered":"REFLEXI\u00d3N PARA EL JUEVES DESPU\u00c9S DE CENIZA 11-02-16"},"content":{"rendered":"<p><img decoding=\"async\" loading=\"lazy\" class=\"size-full wp-image-1597 aligncenter\" src=\"http:\/\/delamanodemaria.com\/wp-content\/uploads\/2013\/08\/seguimiento-cruz.jpg\" alt=\"seguimiento cruz\" width=\"580\" height=\"378\" srcset=\"http:\/\/delamanodemaria.com\/wp-content\/uploads\/2013\/08\/seguimiento-cruz.jpg 580w, http:\/\/delamanodemaria.com\/wp-content\/uploads\/2013\/08\/seguimiento-cruz-300x195.jpg 300w, http:\/\/delamanodemaria.com\/wp-content\/uploads\/2013\/08\/seguimiento-cruz-460x300.jpg 460w\" sizes=\"(max-width: 580px) 100vw, 580px\" \/><\/p>\n<p>Acabamos de comenzar el \u201ctiempo fuerte\u201d de Cuaresma, y la lectura evang\u00e9lica que nos presenta la liturgia para este \u201cjueves despu\u00e9s de ceniza\u201d es la versi\u00f3n de Lucas del primer anuncio de la Pasi\u00f3n (Lc 9,22-25). Siempre nos ha llamado la atenci\u00f3n el hecho de que los anuncios de la Pasi\u00f3n de Jes\u00fas van unidos al anuncio de su gloriosa Resurrecci\u00f3n. \u201cEl Hijo del hombre tiene que padecer mucho, ser desechado por los ancianos, sumos sacerdotes y escribas, ser ejecutado y resucitar al tercer d\u00eda\u201d.<\/p>\n<p>Pero Jes\u00fas va m\u00e1s all\u00e1. Nos invita a seguirle, se\u00f1al\u00e1ndonos de paso el camino de la salvaci\u00f3n: \u201cEl que quiera seguirme, que se niegue a s\u00ed mismo, cargue con su cruz cada d\u00eda y se venga conmigo\u201d. Vemos que la f\u00f3rmula que Jes\u00fas nos propone est\u00e1 matizada por tres verbos: \u201cnegarse\u201d, \u201ctomar\u201d la cruz y \u201cseguirle\u201d. Examinemos brevemente el significado y alcance de cada uno.<\/p>\n<p>El \u201cnegarse a s\u00ed mismo\u201d implica que el verdadero disc\u00edpulo de Jes\u00fas tiene que ser capaz de relegar a un segundo plano su inter\u00e9s propio para atender las necesidades del pr\u00f3jimo; tiene que superar la cultura del \u201cyo\u201d; tiene que \u201cvaciarse\u201d. Es decir, tiene que estar completamente libre para \u201cdarse\u201d a los dem\u00e1s tal como lo hizo Jes\u00fas. Esta opci\u00f3n de vida generalmente implica privaciones, dolor y sufrimiento, que asociamos tambi\u00e9n a \u201ccargar con la cruz\u201d.<\/p>\n<p>El \u201ctomar la cruz\u201d, o cargar con la cruz, tiene un significado m\u00e1s profundo de lo que aparenta a primera vista. Para comprenderlo a plenitud tenemos que adentrarnos en la ambiente cultural de la \u00e9poca de Jes\u00fas. \u201cCargar con la cruz\u201d era el \u00faltimo acto del condenado a la ignominiosa muerte de cruz; era recorrer el camino al lugar donde se iba a efectuar la ejecuci\u00f3n llevando a cuestas el madero (<em>patibulum<\/em>), mientras todos le abucheaban, le escup\u00edan y se burlaban de \u00e9l. M\u00e1s terrible a\u00fan era tal vez el sentimiento de sentirse despreciado por todos y expulsado de la sociedad, al punto que esa persona se consideraba muerta para todos los fines legales, sin derechos ni defensa alguna. De igual modo los que nos llamamos disc\u00edpulos de Jes\u00fas tenemos que estar prestos a cargar con nuestra \u201ccruz de cada d\u00eda\u201d soportando la burla y el desprecio, a\u00fan de los nuestros, pensando, no en el dolor ni en la humillaci\u00f3n del momento, sino en la resurrecci\u00f3n del d\u00eda final (<em>Cfr<\/em>. Jn 6,54).<\/p>\n<p>El \u201cseguirle\u201d, como hemos visto, implica mucho m\u00e1s que un mero seguimiento exterior, un dirigirse en la misma direcci\u00f3n. El seguimiento de Jes\u00fas va mucho m\u00e1s all\u00e1. Se trata de un seguimiento interior, una adhesi\u00f3n a Su proyecto de vida, una comuni\u00f3n de vida, un estar dispuesto a compartir el destino del Maestro. Es el camino que vamos a recorrer durante esta Cuaresma, durante la cual acompa\u00f1aremos a Jes\u00fas camino a su Pasi\u00f3n y muerte, pero con la mirada fija en la Gran Noche; la Vigilia Pascual, que es la antesala de la culminaci\u00f3n del Misterio Pascual de Jes\u00fas: su Resurrecci\u00f3n gloriosa. \u00a1Vivimos para esa Noche!<\/p>\n<p>\u00a1Esa es nuestra fe!<\/p>\n<div style=\"padding-bottom:20px; padding-top:10px;\" class=\"hupso-share-buttons\"><!-- Hupso Share Buttons - https:\/\/www.hupso.com\/share\/ --><a class=\"hupso_toolbar\" href=\"https:\/\/www.hupso.com\/share\/\"><img src=\"http:\/\/static.hupso.com\/share\/buttons\/lang\/es\/share-medium.png\" style=\"border:0px; padding-top: 5px; float:left;\" alt=\"Share Button\"\/><\/a><script type=\"text\/javascript\">var hupso_services_t=new Array(\"Twitter\",\"Facebook\",\"Google Plus\",\"Pinterest\",\"Linkedin\",\"Email\",\"Print\");var hupso_background_t=\"#EAF4FF\";var hupso_border_t=\"#66CCFF\";var hupso_toolbar_size_t=\"medium\";var hupso_image_folder_url = \"\";var hupso_twitter_via=\"hectorops\";var hupso_url_t=\"\";var hupso_title_t=\"REFLEXI%C3%93N%20PARA%20EL%20JUEVES%20DESPU%C3%89S%20DE%20CENIZA%2011-02-16\";<\/script><script type=\"text\/javascript\" src=\"http:\/\/static.hupso.com\/share\/js\/share_toolbar.js\"><\/script><!-- Hupso Share Buttons --><\/div>","protected":false},"excerpt":{"rendered":"<p>Acabamos de comenzar el \u201ctiempo fuerte\u201d de Cuaresma, y la lectura evang\u00e9lica que nos presenta la liturgia para este \u201cjueves despu\u00e9s de ceniza\u201d es la versi\u00f3n de Lucas del primer anuncio de la Pasi\u00f3n (Lc 9,22-25). Siempre nos ha llamado &hellip; <a href=\"http:\/\/delamanodemaria.com\/?p=6660\">Continue reading <span class=\"meta-nav\">&rarr;<\/span><\/a><\/p>\n<div style=\"padding-bottom:20px; padding-top:10px;\" class=\"hupso-share-buttons\"><!-- Hupso Share Buttons - https:\/\/www.hupso.com\/share\/ --><a class=\"hupso_toolbar\" href=\"https:\/\/www.hupso.com\/share\/\"><img src=\"http:\/\/static.hupso.com\/share\/buttons\/lang\/es\/share-medium.png\" style=\"border:0px; padding-top: 5px; float:left;\" alt=\"Share Button\"\/><\/a><script type=\"text\/javascript\">var hupso_services_t=new Array(\"Twitter\",\"Facebook\",\"Google Plus\",\"Pinterest\",\"Linkedin\",\"Email\",\"Print\");var hupso_background_t=\"#EAF4FF\";var hupso_border_t=\"#66CCFF\";var hupso_toolbar_size_t=\"medium\";var hupso_image_folder_url = \"\";var hupso_twitter_via=\"hectorops\";var hupso_url_t=\"\";var hupso_title_t=\"REFLEXI%C3%93N%20PARA%20EL%20JUEVES%20DESPU%C3%89S%20DE%20CENIZA%2011-02-16\";<\/script><script type=\"text\/javascript\" src=\"http:\/\/static.hupso.com\/share\/js\/share_toolbar.js\"><\/script><!-- Hupso Share Buttons --><\/div>","protected":false},"author":1,"featured_media":0,"comment_status":"open","ping_status":"open","sticky":false,"template":"","format":"standard","meta":{"jetpack_post_was_ever_published":false,"_jetpack_newsletter_access":"","_jetpack_newsletter_tier_id":0,"jetpack_publicize_message":"","jetpack_is_tweetstorm":false,"jetpack_publicize_feature_enabled":true,"jetpack_social_post_already_shared":true,"jetpack_social_options":{"image_generator_settings":{"template":"highway","enabled":false}}},"categories":[1],"tags":[213,1172,810,477,57,4,1207,809,96,55,808,40,2,54,144,58],"jetpack_publicize_connections":[],"jetpack_featured_media_url":"","jetpack_shortlink":"https:\/\/wp.me\/p3bBgS-1Jq","jetpack_sharing_enabled":true,"jetpack_likes_enabled":true,"_links":{"self":[{"href":"http:\/\/delamanodemaria.com\/index.php?rest_route=\/wp\/v2\/posts\/6660"}],"collection":[{"href":"http:\/\/delamanodemaria.com\/index.php?rest_route=\/wp\/v2\/posts"}],"about":[{"href":"http:\/\/delamanodemaria.com\/index.php?rest_route=\/wp\/v2\/types\/post"}],"author":[{"embeddable":true,"href":"http:\/\/delamanodemaria.com\/index.php?rest_route=\/wp\/v2\/users\/1"}],"replies":[{"embeddable":true,"href":"http:\/\/delamanodemaria.com\/index.php?rest_route=%2Fwp%2Fv2%2Fcomments&post=6660"}],"version-history":[{"count":4,"href":"http:\/\/delamanodemaria.com\/index.php?rest_route=\/wp\/v2\/posts\/6660\/revisions"}],"predecessor-version":[{"id":6665,"href":"http:\/\/delamanodemaria.com\/index.php?rest_route=\/wp\/v2\/posts\/6660\/revisions\/6665"}],"wp:attachment":[{"href":"http:\/\/delamanodemaria.com\/index.php?rest_route=%2Fwp%2Fv2%2Fmedia&parent=6660"}],"wp:term":[{"taxonomy":"category","embeddable":true,"href":"http:\/\/delamanodemaria.com\/index.php?rest_route=%2Fwp%2Fv2%2Fcategories&post=6660"},{"taxonomy":"post_tag","embeddable":true,"href":"http:\/\/delamanodemaria.com\/index.php?rest_route=%2Fwp%2Fv2%2Ftags&post=6660"}],"curies":[{"name":"wp","href":"https:\/\/api.w.org\/{rel}","templated":true}]}}