{"id":6681,"date":"2016-02-14T19:01:26","date_gmt":"2016-02-14T23:01:26","guid":{"rendered":"http:\/\/delamanodemaria.com\/?p=6681"},"modified":"2016-02-14T19:01:26","modified_gmt":"2016-02-14T23:01:26","slug":"reflexion-para-el-lunes-de-la-primera-semana-de-cuaresma-15-02-16","status":"publish","type":"post","link":"http:\/\/delamanodemaria.com\/?p=6681","title":{"rendered":"REFLEXI\u00d3N PARA EL LUNES DE LA PRIMERA SEMANA DE CUARESMA 15-02-16"},"content":{"rendered":"<p><img decoding=\"async\" loading=\"lazy\" class=\"alignnone size-full wp-image-5016\" src=\"http:\/\/delamanodemaria.com\/wp-content\/uploads\/2015\/02\/Par\u00e1bola-del-Juicio-Final.jpg\" alt=\"Par\u00e1bola del Juicio Final\" width=\"600\" height=\"852\" srcset=\"http:\/\/delamanodemaria.com\/wp-content\/uploads\/2015\/02\/Par\u00e1bola-del-Juicio-Final.jpg 600w, http:\/\/delamanodemaria.com\/wp-content\/uploads\/2015\/02\/Par\u00e1bola-del-Juicio-Final-211x300.jpg 211w\" sizes=\"(max-width: 600px) 100vw, 600px\" \/><\/p>\n<p>Las lecturas que nos presenta la liturgia para este lunes de la primera semana de Cuaresma giran en torno al amor, y a la m\u00e1xima expresi\u00f3n de este: la misericordia.<\/p>\n<p>La primera, tomada del libro del Lev\u00edtico (19,1-2.11-18), nos presenta el llamado \u201cc\u00f3digo de santidad\u201d que fue presentado por Mois\u00e9s al pueblo de Israel para que pudiera estar a la altura de lo que Dios, que es santo, espera de nosotros: \u201cSer\u00e9is santos, porque yo, el Se\u00f1or, vuestro Dios, soy santo\u201d. Adem\u00e1s de las leyes acerca del culto debido a Dios y las reglas de convivencia con el pr\u00f3jimo (no matar, no robar, no explotar al trabajador, no tomar venganza, etc.), termina con una sentencia: \u201camar\u00e1s a tu pr\u00f3jimo como a ti mismo\u201d. Dios nos est\u00e1 pidiendo que seamos santos como \u00c9l es santo, que le honremos con nuestras obras, no con nuestras palabras. Dios nos ama hasta morir, y espera que nosotros hagamos lo propio. De ah\u00ed que Jes\u00fas elevar\u00e1 m\u00e1s a\u00fan ese mandamiento de amar al pr\u00f3jimo como a nosotros mismos cuando nos diga: \u201cAmaos los unos a los otros como <strong><em>Yo<\/em><\/strong> os he amado\u201d (Jn 13, 34).<\/p>\n<p>En la lectura evang\u00e9lica de hoy (Mt 25,31-46), Mateo nos estremece con el pasaje del \u201cjuicio final\u201d. Este pasaje nos recuerda que un d\u00eda vamos a enfrentarnos a nuestra historia, a nuestras obras, y vamos a ser juzgados. A ese juicio no podremos llevar nuestras palabras ni nuestra conducta exterior. Solo se nos permitir\u00e1 presentar nuestras obras de misericordia. Y seremos nosotros mismos quienes hemos de dictar la sentencia.<\/p>\n<p>Mateo pone en boca de los que escuchaban a Jes\u00fas, la pregunta: \u201cSe\u00f1or, \u00bfcu\u00e1ndo te vimos con hambre y te alimentamos, o con sed y te dimos de beber?; \u00bfcu\u00e1ndo te vimos forastero y te hospedamos, o desnudo y te vestimos?; \u00bfcu\u00e1ndo te vimos enfermo o en la c\u00e1rcel y fuimos a verte?\u201d La contestaci\u00f3n no se hace esperar: \u201cOs aseguro que cada vez que lo hicisteis con uno de \u00e9stos, mis humildes hermanos, conmigo lo hicisteis\u201d. Lo mismo ocurre en la negativa: \u201cSe\u00f1or, \u00bfcu\u00e1ndo te vimos con hambre o con sed, o forastero o desnudo, o enfermo o en la c\u00e1rcel, y no te asistimos?\u201d. Y la respuesta es igual: \u201cOs aseguro que cada vez que no lo hicisteis con uno de \u00e9stos, los humildes, tampoco lo hicisteis conmigo\u201d.<\/p>\n<p>Durante ese tiempo de Cuaresma se nos propone el compromiso de amar al pr\u00f3jimo como preparaci\u00f3n para la \u201cgran noche\u201d de la Pascua de resurrecci\u00f3n. El Evangelio de hoy va m\u00e1s all\u00e1 de no hacer da\u00f1o, de no odiar; nos plantea lo que yo llamo el gran pecado de nuestros tiempos: el pecado de omisi\u00f3n. Jes\u00fas nos est\u00e1 diciendo que es \u00c9l mismo quien est\u00e1 en ese hambriento, sediento, forastero, enfermo, desnudo, preso, a quien ignoramos, a quien abandonamos (pienso en nuestros viejos). \u201cEn el atardecer de nuestras vidas, seremos juzgados en el amor\u201d (san Juan de la Cruz).<\/p>\n<p>Un d\u00eda vamos a tomar el examen de nuestras vidas, y Jes\u00fas nos est\u00e1 dando las contestaciones por adelantado. \u00bfAprobaremos, o reprobaremos? De nosotros depende\u2026 Que pasen una hermosa semana.<\/p>\n<div style=\"padding-bottom:20px; padding-top:10px;\" class=\"hupso-share-buttons\"><!-- Hupso Share Buttons - https:\/\/www.hupso.com\/share\/ --><a class=\"hupso_toolbar\" href=\"https:\/\/www.hupso.com\/share\/\"><img src=\"http:\/\/static.hupso.com\/share\/buttons\/lang\/es\/share-medium.png\" style=\"border:0px; padding-top: 5px; float:left;\" alt=\"Share Button\"\/><\/a><script type=\"text\/javascript\">var hupso_services_t=new Array(\"Twitter\",\"Facebook\",\"Google Plus\",\"Pinterest\",\"Linkedin\",\"Email\",\"Print\");var hupso_background_t=\"#EAF4FF\";var hupso_border_t=\"#66CCFF\";var hupso_toolbar_size_t=\"medium\";var hupso_image_folder_url = \"\";var hupso_twitter_via=\"hectorops\";var hupso_url_t=\"\";var hupso_title_t=\"REFLEXI%C3%93N%20PARA%20EL%20LUNES%20DE%20LA%20PRIMERA%20SEMANA%20DE%20CUARESMA%2015-02-16\";<\/script><script type=\"text\/javascript\" src=\"http:\/\/static.hupso.com\/share\/js\/share_toolbar.js\"><\/script><!-- Hupso Share Buttons --><\/div>","protected":false},"excerpt":{"rendered":"<p>Las lecturas que nos presenta la liturgia para este lunes de la primera semana de Cuaresma giran en torno al amor, y a la m\u00e1xima expresi\u00f3n de este: la misericordia. La primera, tomada del libro del Lev\u00edtico (19,1-2.11-18), nos presenta &hellip; <a href=\"http:\/\/delamanodemaria.com\/?p=6681\">Continue reading <span class=\"meta-nav\">&rarr;<\/span><\/a><\/p>\n<div style=\"padding-bottom:20px; padding-top:10px;\" class=\"hupso-share-buttons\"><!-- Hupso Share Buttons - https:\/\/www.hupso.com\/share\/ --><a class=\"hupso_toolbar\" href=\"https:\/\/www.hupso.com\/share\/\"><img src=\"http:\/\/static.hupso.com\/share\/buttons\/lang\/es\/share-medium.png\" style=\"border:0px; padding-top: 5px; float:left;\" alt=\"Share Button\"\/><\/a><script type=\"text\/javascript\">var hupso_services_t=new Array(\"Twitter\",\"Facebook\",\"Google Plus\",\"Pinterest\",\"Linkedin\",\"Email\",\"Print\");var hupso_background_t=\"#EAF4FF\";var hupso_border_t=\"#66CCFF\";var hupso_toolbar_size_t=\"medium\";var hupso_image_folder_url = \"\";var hupso_twitter_via=\"hectorops\";var hupso_url_t=\"\";var hupso_title_t=\"REFLEXI%C3%93N%20PARA%20EL%20LUNES%20DE%20LA%20PRIMERA%20SEMANA%20DE%20CUARESMA%2015-02-16\";<\/script><script type=\"text\/javascript\" src=\"http:\/\/static.hupso.com\/share\/js\/share_toolbar.js\"><\/script><!-- Hupso Share Buttons --><\/div>","protected":false},"author":1,"featured_media":0,"comment_status":"open","ping_status":"open","sticky":false,"template":"","format":"standard","meta":{"jetpack_post_was_ever_published":false,"_jetpack_newsletter_access":"","_jetpack_newsletter_tier_id":0,"jetpack_publicize_message":"","jetpack_is_tweetstorm":false,"jetpack_publicize_feature_enabled":true,"jetpack_social_post_already_shared":true,"jetpack_social_options":{"image_generator_settings":{"template":"highway","enabled":false}}},"categories":[1],"tags":[1212,4,96,585,246,19,21,817,219,2],"jetpack_publicize_connections":[],"jetpack_featured_media_url":"","jetpack_shortlink":"https:\/\/wp.me\/p3bBgS-1JL","jetpack_sharing_enabled":true,"jetpack_likes_enabled":true,"_links":{"self":[{"href":"http:\/\/delamanodemaria.com\/index.php?rest_route=\/wp\/v2\/posts\/6681"}],"collection":[{"href":"http:\/\/delamanodemaria.com\/index.php?rest_route=\/wp\/v2\/posts"}],"about":[{"href":"http:\/\/delamanodemaria.com\/index.php?rest_route=\/wp\/v2\/types\/post"}],"author":[{"embeddable":true,"href":"http:\/\/delamanodemaria.com\/index.php?rest_route=\/wp\/v2\/users\/1"}],"replies":[{"embeddable":true,"href":"http:\/\/delamanodemaria.com\/index.php?rest_route=%2Fwp%2Fv2%2Fcomments&post=6681"}],"version-history":[{"count":2,"href":"http:\/\/delamanodemaria.com\/index.php?rest_route=\/wp\/v2\/posts\/6681\/revisions"}],"predecessor-version":[{"id":6683,"href":"http:\/\/delamanodemaria.com\/index.php?rest_route=\/wp\/v2\/posts\/6681\/revisions\/6683"}],"wp:attachment":[{"href":"http:\/\/delamanodemaria.com\/index.php?rest_route=%2Fwp%2Fv2%2Fmedia&parent=6681"}],"wp:term":[{"taxonomy":"category","embeddable":true,"href":"http:\/\/delamanodemaria.com\/index.php?rest_route=%2Fwp%2Fv2%2Fcategories&post=6681"},{"taxonomy":"post_tag","embeddable":true,"href":"http:\/\/delamanodemaria.com\/index.php?rest_route=%2Fwp%2Fv2%2Ftags&post=6681"}],"curies":[{"name":"wp","href":"https:\/\/api.w.org\/{rel}","templated":true}]}}