{"id":6844,"date":"2016-03-20T01:06:37","date_gmt":"2016-03-20T05:06:37","guid":{"rendered":"http:\/\/delamanodemaria.com\/?p=6844"},"modified":"2016-03-20T14:33:18","modified_gmt":"2016-03-20T18:33:18","slug":"reflexion-para-el-domingo-de-ramos-de-la-pasion-del-senor-c-20-03-16","status":"publish","type":"post","link":"http:\/\/delamanodemaria.com\/?p=6844","title":{"rendered":"REFLEXI\u00d3N PARA EL DOMINGO DE RAMOS DE LA PASI\u00d3N DEL SE\u00d1OR (C) 20-03-16"},"content":{"rendered":"<p><img decoding=\"async\" loading=\"lazy\" class=\"alignnone size-full wp-image-658\" src=\"http:\/\/delamanodemaria.com\/wp-content\/uploads\/2013\/03\/domingo-ramos.jpg\" alt=\"domingo ramos\" width=\"1000\" height=\"984\" srcset=\"http:\/\/delamanodemaria.com\/wp-content\/uploads\/2013\/03\/domingo-ramos.jpg 1000w, http:\/\/delamanodemaria.com\/wp-content\/uploads\/2013\/03\/domingo-ramos-300x295.jpg 300w, http:\/\/delamanodemaria.com\/wp-content\/uploads\/2013\/03\/domingo-ramos-304x300.jpg 304w\" sizes=\"(max-width: 1000px) 100vw, 1000px\" \/><\/p>\n<p>Hoy celebramos el Domingo de Ramos en la Pasi\u00f3n del Se\u00f1or, y la liturgia nos ofrece dos lecturas evang\u00e9licas, una para la bendici\u00f3n de los ramos (Lc 19,28-40) y otra para la liturgia de la Palabra propiamente (Lc 22, 17.14&#8211;23,56). La primera nos narra la entrada triunfal de Jes\u00fas en Jerusal\u00e9n, y la segunda nos presenta la Pasi\u00f3n seg\u00fan san Lucas, un adelanto de lo que le espera a Jes\u00fas. En ambas la \u201cmultitud\u201d juega un papel importante. En la primera la multitud le aclama y alaba a Dios; en la segunda esa misma multitud pide que le crucifiquen.<\/p>\n<p>Si comparamos la actitud de esa multitud an\u00f3nima en ambas lecturas, vemos cu\u00e1n volubles y manejables son las masas. Lo mismo podemos decir de nosotros. En un momento estamos alabando y bendiciendo al Se\u00f1or mientras le recibimos en nuestros corazones, y al siguiente nos dejamos seducir por el maligno y terminamos d\u00e1ndole la espalda y \u201ccrucific\u00e1ndole\u201d. Esta semana Santa que comienza hoy nos presenta otra oportunidad de hacer introspecci\u00f3n, examen de conciencia sobre nuestra actitud hacia Dios. \u00bfA cu\u00e1l de las dos multitudes pertenezco?<\/p>\n<p>La segunda lectura nos da una esperanza. Hasta el \u00faltimo momento Jes\u00fas pidi\u00f3 al Padre que perdonara a los que le crucificaron. M\u00e1s a\u00fan, cuando uno de los ladrones que estaban crucificados a su lado le reconoci\u00f3 y le dijo: \u201cJes\u00fas, acu\u00e9rdate de m\u00ed cuando llegues a tu reino\u201d, Jes\u00fas le respondi\u00f3: \u201cTe lo aseguro: hoy estar\u00e1s conmigo en el para\u00edso\u201d. Todav\u00eda estamos a tiempo; Jes\u00fas nunca se cansa de esperar. \u00c9l quiere que nos salvemos; esa es su voluntad. Pero no quiere, no puede obligarnos, pues respeta nuestra libertad; por eso nos dio libre albedr\u00edo.<\/p>\n<p>Hoy se nos entregar\u00e1n unos ramos benditos durante la celebraci\u00f3n lit\u00fargica. Unos ramos frescos, llenos de vida. Esos ramos eventualmente van a secarse, y luego ser\u00e1n quemados para convertirse en la ceniza que se nos va a imponer el mi\u00e9rcoles de ceniza del pr\u00f3ximo a\u00f1o. As\u00ed de ef\u00edmera es nuestra vida, y en eso nos vamos a convertir. Hoy se nos brinda otra oportunidad. No sabemos si vamos a estar aqu\u00ed el pr\u00f3ximo a\u00f1o, el pr\u00f3ximo mes, la pr\u00f3xima semana, ma\u00f1ana\u2026 \u00bfEn cu\u00e1l de las multitudes nos sorprender\u00e1?<\/p>\n<p>Jes\u00fas nos ama con locura, con pasi\u00f3n; quiere relacionarse con nosotros; quiere nuestra salvaci\u00f3n, para eso nos cre\u00f3 el Padre, para eso envi\u00f3 a su Hijo. Pero, como dice el P. Larra\u00f1aga, \u201cDios es un perfecto caballero\u201d, es incapaz de imponerse.<\/p>\n<p>Jes\u00fas se ofreci\u00f3 a s\u00ed mismo como v\u00edctima propiciatoria por todos los pecados de la humanidad, cometidos y por cometer; los tuyos y los m\u00edos. Pero para poder recibir el beneficio de esa redenci\u00f3n, para gozar de la Misericordia infinita de ese Padre que no se cansa de perdonar, tenemos que acercarnos a \u00c9l, reconocerle, y reconocer nuestra culpa como lo hizo el buen ladr\u00f3n y como lo hizo el hijo pr\u00f3digo (Lc 15,11-32). Y para eso Jes\u00fas nos dej\u00f3 el sacramento de la reconciliaci\u00f3n, que encomend\u00f3 a Su Iglesia a trav\u00e9s de los ap\u00f3stoles (Jn 20,22-23).<\/p>\n<p>Si no la has hecho a\u00fan, esta Semana Santa es el momento propicio; \u00a1reconc\u00edliate!<\/p>\n<div style=\"padding-bottom:20px; padding-top:10px;\" class=\"hupso-share-buttons\"><!-- Hupso Share Buttons - https:\/\/www.hupso.com\/share\/ --><a class=\"hupso_toolbar\" href=\"https:\/\/www.hupso.com\/share\/\"><img src=\"http:\/\/static.hupso.com\/share\/buttons\/lang\/es\/share-medium.png\" style=\"border:0px; padding-top: 5px; float:left;\" alt=\"Share Button\"\/><\/a><script type=\"text\/javascript\">var hupso_services_t=new Array(\"Twitter\",\"Facebook\",\"Google Plus\",\"Pinterest\",\"Linkedin\",\"Email\",\"Print\");var hupso_background_t=\"#EAF4FF\";var hupso_border_t=\"#66CCFF\";var hupso_toolbar_size_t=\"medium\";var hupso_image_folder_url = \"\";var hupso_twitter_via=\"hectorops\";var hupso_url_t=\"\";var hupso_title_t=\"REFLEXI%C3%93N%20PARA%20EL%20DOMINGO%20DE%20RAMOS%20DE%20LA%20PASI%C3%93N%20DEL%20SE%C3%91OR%20%28C%29%2020-03-16\";<\/script><script type=\"text\/javascript\" src=\"http:\/\/static.hupso.com\/share\/js\/share_toolbar.js\"><\/script><!-- Hupso Share Buttons --><\/div>","protected":false},"excerpt":{"rendered":"<p>Hoy celebramos el Domingo de Ramos en la Pasi\u00f3n del Se\u00f1or, y la liturgia nos ofrece dos lecturas evang\u00e9licas, una para la bendici\u00f3n de los ramos (Lc 19,28-40) y otra para la liturgia de la Palabra propiamente (Lc 22, 17.14&#8211;23,56). &hellip; <a href=\"http:\/\/delamanodemaria.com\/?p=6844\">Continue reading <span class=\"meta-nav\">&rarr;<\/span><\/a><\/p>\n<div style=\"padding-bottom:20px; padding-top:10px;\" class=\"hupso-share-buttons\"><!-- Hupso Share Buttons - https:\/\/www.hupso.com\/share\/ --><a class=\"hupso_toolbar\" href=\"https:\/\/www.hupso.com\/share\/\"><img src=\"http:\/\/static.hupso.com\/share\/buttons\/lang\/es\/share-medium.png\" style=\"border:0px; padding-top: 5px; float:left;\" alt=\"Share Button\"\/><\/a><script type=\"text\/javascript\">var hupso_services_t=new Array(\"Twitter\",\"Facebook\",\"Google Plus\",\"Pinterest\",\"Linkedin\",\"Email\",\"Print\");var hupso_background_t=\"#EAF4FF\";var hupso_border_t=\"#66CCFF\";var hupso_toolbar_size_t=\"medium\";var hupso_image_folder_url = \"\";var hupso_twitter_via=\"hectorops\";var hupso_url_t=\"\";var hupso_title_t=\"REFLEXI%C3%93N%20PARA%20EL%20DOMINGO%20DE%20RAMOS%20DE%20LA%20PASI%C3%93N%20DEL%20SE%C3%91OR%20%28C%29%2020-03-16\";<\/script><script type=\"text\/javascript\" src=\"http:\/\/static.hupso.com\/share\/js\/share_toolbar.js\"><\/script><!-- Hupso Share Buttons --><\/div>","protected":false},"author":1,"featured_media":0,"comment_status":"open","ping_status":"open","sticky":false,"template":"","format":"standard","meta":{"jetpack_post_was_ever_published":false,"_jetpack_newsletter_access":"","_jetpack_newsletter_tier_id":0,"jetpack_publicize_message":"","jetpack_is_tweetstorm":false,"jetpack_publicize_feature_enabled":true,"jetpack_social_post_already_shared":true,"jetpack_social_options":{"image_generator_settings":{"template":"highway","enabled":false}}},"categories":[1],"tags":[1254,512,851,96,287,1253,475,19,26,491,2,82,39],"jetpack_publicize_connections":[],"jetpack_featured_media_url":"","jetpack_shortlink":"https:\/\/wp.me\/p3bBgS-1Mo","jetpack_sharing_enabled":true,"jetpack_likes_enabled":true,"_links":{"self":[{"href":"http:\/\/delamanodemaria.com\/index.php?rest_route=\/wp\/v2\/posts\/6844"}],"collection":[{"href":"http:\/\/delamanodemaria.com\/index.php?rest_route=\/wp\/v2\/posts"}],"about":[{"href":"http:\/\/delamanodemaria.com\/index.php?rest_route=\/wp\/v2\/types\/post"}],"author":[{"embeddable":true,"href":"http:\/\/delamanodemaria.com\/index.php?rest_route=\/wp\/v2\/users\/1"}],"replies":[{"embeddable":true,"href":"http:\/\/delamanodemaria.com\/index.php?rest_route=%2Fwp%2Fv2%2Fcomments&post=6844"}],"version-history":[{"count":2,"href":"http:\/\/delamanodemaria.com\/index.php?rest_route=\/wp\/v2\/posts\/6844\/revisions"}],"predecessor-version":[{"id":6846,"href":"http:\/\/delamanodemaria.com\/index.php?rest_route=\/wp\/v2\/posts\/6844\/revisions\/6846"}],"wp:attachment":[{"href":"http:\/\/delamanodemaria.com\/index.php?rest_route=%2Fwp%2Fv2%2Fmedia&parent=6844"}],"wp:term":[{"taxonomy":"category","embeddable":true,"href":"http:\/\/delamanodemaria.com\/index.php?rest_route=%2Fwp%2Fv2%2Fcategories&post=6844"},{"taxonomy":"post_tag","embeddable":true,"href":"http:\/\/delamanodemaria.com\/index.php?rest_route=%2Fwp%2Fv2%2Ftags&post=6844"}],"curies":[{"name":"wp","href":"https:\/\/api.w.org\/{rel}","templated":true}]}}