{"id":6948,"date":"2016-04-04T21:58:04","date_gmt":"2016-04-05T01:58:04","guid":{"rendered":"http:\/\/delamanodemaria.com\/?p=6948"},"modified":"2016-04-05T08:24:54","modified_gmt":"2016-04-05T12:24:54","slug":"reflexion-para-el-martes-de-la-segunda-semana-de-pascua-05-04-16","status":"publish","type":"post","link":"http:\/\/delamanodemaria.com\/?p=6948","title":{"rendered":"REFLEXI\u00d3N PARA EL MARTES DE LA SEGUNDA SEMANA DE PASCUA 05-04-16"},"content":{"rendered":"<p><img decoding=\"async\" loading=\"lazy\" class=\"alignnone size-full wp-image-5115\" src=\"http:\/\/delamanodemaria.com\/wp-content\/uploads\/2015\/03\/Nicodemo.jpg\" alt=\"Nicodemo\" width=\"588\" height=\"441\" srcset=\"http:\/\/delamanodemaria.com\/wp-content\/uploads\/2015\/03\/Nicodemo.jpg 588w, http:\/\/delamanodemaria.com\/wp-content\/uploads\/2015\/03\/Nicodemo-300x225.jpg 300w, http:\/\/delamanodemaria.com\/wp-content\/uploads\/2015\/03\/Nicodemo-400x300.jpg 400w\" sizes=\"(max-width: 588px) 100vw, 588px\" \/><\/p>\n<p>Nicodemo es un personaje que aparece solamente en el relato evang\u00e9lico de Juan; personaje importante porque sirve de contrapunto en un di\u00e1logo profundo con Jes\u00fas que ocupa una buena parte del cap\u00edtulo 3 de su relato. Durante ese primer encuentro con Jes\u00fas es que se desarrolla el di\u00e1logo que se recoge parcialmente entre la lectura evang\u00e9lica que se supon\u00eda ley\u00e9ramos ayer (que se sustituy\u00f3 por las de la solemnidad de la Anunciaci\u00f3n que se tuvo que mover de fecha por coincidir este a\u00f1o el 25 de marzo con el Viernes Santo) y la que nos ofrece la liturgia para hoy (Jn 3,5a.7b-15).<\/p>\n<p>En ese pasaje anterior (Jn 3,1-8) le\u00edamos c\u00f3mo, cuando Jes\u00fas le dijo que \u201cel que no renace de nuevo no puede ver el Reino de Dios\u201d, Nicodemo le pregunt\u00f3: \u201c\u00bfC\u00f3mo puede nacer hombre siendo viejo? \u00bfAcaso puede por segunda vez entrar en el vientre de su madre y nacer?\u201d.<\/p>\n<p>Y es esa pregunta de Nicodemo la que provoca las palabras de Jes\u00fas con que comienza el Evangelio de hoy: \u201cTen\u00e9is que nacer de nuevo; el viento sopla donde quiere y oyes su ruido, pero no sabes de d\u00f3nde viene ni a d\u00f3nde va. As\u00ed es todo el que ha nacido del Esp\u00edritu\u201d. Ya la liturgia comienza a adelantar la importancia del Esp\u00edritu, que va a ser el protagonista del evento Pentecost\u00e9s con el que culminaremos la Pascua.<\/p>\n<p>Nicodemo es incapaz de comprender lo que le dice Jes\u00fas. Su mentalidad de fariseo no le permit\u00eda ver m\u00e1s all\u00e1 de la Ley y su cumplimiento. Jes\u00fas le est\u00e1 hablando de la verdadera Libertad que solo el Esp\u00edritu (que es el Amor entre el Padre y el Hijo) puede darnos. Ese concepto de libertad en el Esp\u00edritu que Jes\u00fas le planteaba resultaba incomprensible para \u00e9l.<\/p>\n<p>La idea de \u201cnacer de nuevo\u201d resulta irrisoria, imposible, para todo aqu\u00e9l que no ha conocido el Amor de Dios, ese Amor que nos hace comprender que para Dios todo es posible y que solo podemos alcanzar la Libertad plena abrazando la Cruz de su Hijo.<\/p>\n<p>Entonces Jes\u00fas le dice: \u201cY t\u00fa, el maestro de Israel, \u00bfno lo entiendes? Te lo aseguro, de lo que sabemos hablamos; de lo que hemos visto damos testimonio, y no acept\u00e1is nuestro testimonio. Si no cre\u00e9is cuando os hablo de la tierra, \u00bfc\u00f3mo creer\u00e9is cuando os hable del cielo?\u201d El cielo del que le habla Jes\u00fas a Nicodemo (y a nosotros) no hay que buscarlo en las alturas; es la experiencia de hacerse uno con el Padre como \u00c9l lo es. Es esa toma de conciencia grande y profunda de que Dios est\u00e1 con uno y uno est\u00e1 con Dios, en un pacto producto de la Libertad que solo puede provenir del Amor.<\/p>\n<p>\u201cSi permanec\u00e9is en mi palabra, verdaderamente sois mis disc\u00edpulos; y conocer\u00e9is la verdad, y la verdad os har\u00e1 libres\u201d (Jn 8,31-32); libres, no para \u201chacer lo que nos d\u00e9 la gana\u201d, sino libres para amar. Porque como hemos dicho en ocasiones anteriores, la \u201cverdad\u201d a la que se refiere Jes\u00fas es el Amor incondicional de Dios. Ese es el concepto de Libertad que nos plantea Jes\u00fas; libertad que le hizo optar libremente por la Cruz, y que \u00c9l trata de comunicar a Nicodemo pero que este no puede entender: \u201cLo mismo que Mois\u00e9s elev\u00f3 la serpiente en el desierto, as\u00ed tiene que ser elevado el Hijo del hombre, para que todo el que cree en \u00e9l tenga vida eterna\u201d.<\/p>\n<p>Y t\u00fa, \u00bfle crees?<\/p>\n<div style=\"padding-bottom:20px; padding-top:10px;\" class=\"hupso-share-buttons\"><!-- Hupso Share Buttons - https:\/\/www.hupso.com\/share\/ --><a class=\"hupso_toolbar\" href=\"https:\/\/www.hupso.com\/share\/\"><img src=\"http:\/\/static.hupso.com\/share\/buttons\/lang\/es\/share-medium.png\" style=\"border:0px; padding-top: 5px; float:left;\" alt=\"Share Button\"\/><\/a><script type=\"text\/javascript\">var hupso_services_t=new Array(\"Twitter\",\"Facebook\",\"Google Plus\",\"Pinterest\",\"Linkedin\",\"Email\",\"Print\");var hupso_background_t=\"#EAF4FF\";var hupso_border_t=\"#66CCFF\";var hupso_toolbar_size_t=\"medium\";var hupso_image_folder_url = \"\";var hupso_twitter_via=\"hectorops\";var hupso_url_t=\"\";var hupso_title_t=\"REFLEXI%C3%93N%20PARA%20EL%20MARTES%20DE%20LA%20SEGUNDA%20SEMANA%20DE%20PASCUA%2005-04-16\";<\/script><script type=\"text\/javascript\" src=\"http:\/\/static.hupso.com\/share\/js\/share_toolbar.js\"><\/script><!-- Hupso Share Buttons --><\/div>","protected":false},"excerpt":{"rendered":"<p>Nicodemo es un personaje que aparece solamente en el relato evang\u00e9lico de Juan; personaje importante porque sirve de contrapunto en un di\u00e1logo profundo con Jes\u00fas que ocupa una buena parte del cap\u00edtulo 3 de su relato. Durante ese primer encuentro &hellip; <a href=\"http:\/\/delamanodemaria.com\/?p=6948\">Continue reading <span class=\"meta-nav\">&rarr;<\/span><\/a><\/p>\n<div style=\"padding-bottom:20px; padding-top:10px;\" class=\"hupso-share-buttons\"><!-- Hupso Share Buttons - https:\/\/www.hupso.com\/share\/ --><a class=\"hupso_toolbar\" href=\"https:\/\/www.hupso.com\/share\/\"><img src=\"http:\/\/static.hupso.com\/share\/buttons\/lang\/es\/share-medium.png\" style=\"border:0px; padding-top: 5px; float:left;\" alt=\"Share Button\"\/><\/a><script type=\"text\/javascript\">var hupso_services_t=new Array(\"Twitter\",\"Facebook\",\"Google Plus\",\"Pinterest\",\"Linkedin\",\"Email\",\"Print\");var hupso_background_t=\"#EAF4FF\";var hupso_border_t=\"#66CCFF\";var hupso_toolbar_size_t=\"medium\";var hupso_image_folder_url = \"\";var hupso_twitter_via=\"hectorops\";var hupso_url_t=\"\";var hupso_title_t=\"REFLEXI%C3%93N%20PARA%20EL%20MARTES%20DE%20LA%20SEGUNDA%20SEMANA%20DE%20PASCUA%2005-04-16\";<\/script><script type=\"text\/javascript\" src=\"http:\/\/static.hupso.com\/share\/js\/share_toolbar.js\"><\/script><!-- Hupso Share Buttons --><\/div>","protected":false},"author":1,"featured_media":0,"comment_status":"open","ping_status":"open","sticky":false,"template":"","format":"standard","meta":{"jetpack_post_was_ever_published":false,"_jetpack_newsletter_access":"","_jetpack_newsletter_tier_id":0,"jetpack_publicize_message":"","jetpack_is_tweetstorm":false,"jetpack_publicize_feature_enabled":true,"jetpack_social_post_already_shared":true,"jetpack_social_options":{"image_generator_settings":{"template":"highway","enabled":false}}},"categories":[1],"tags":[1287,29,37,1288,525,42,71,2,472,36],"jetpack_publicize_connections":[],"jetpack_featured_media_url":"","jetpack_shortlink":"https:\/\/wp.me\/p3bBgS-1O4","jetpack_sharing_enabled":true,"jetpack_likes_enabled":true,"_links":{"self":[{"href":"http:\/\/delamanodemaria.com\/index.php?rest_route=\/wp\/v2\/posts\/6948"}],"collection":[{"href":"http:\/\/delamanodemaria.com\/index.php?rest_route=\/wp\/v2\/posts"}],"about":[{"href":"http:\/\/delamanodemaria.com\/index.php?rest_route=\/wp\/v2\/types\/post"}],"author":[{"embeddable":true,"href":"http:\/\/delamanodemaria.com\/index.php?rest_route=\/wp\/v2\/users\/1"}],"replies":[{"embeddable":true,"href":"http:\/\/delamanodemaria.com\/index.php?rest_route=%2Fwp%2Fv2%2Fcomments&post=6948"}],"version-history":[{"count":6,"href":"http:\/\/delamanodemaria.com\/index.php?rest_route=\/wp\/v2\/posts\/6948\/revisions"}],"predecessor-version":[{"id":6954,"href":"http:\/\/delamanodemaria.com\/index.php?rest_route=\/wp\/v2\/posts\/6948\/revisions\/6954"}],"wp:attachment":[{"href":"http:\/\/delamanodemaria.com\/index.php?rest_route=%2Fwp%2Fv2%2Fmedia&parent=6948"}],"wp:term":[{"taxonomy":"category","embeddable":true,"href":"http:\/\/delamanodemaria.com\/index.php?rest_route=%2Fwp%2Fv2%2Fcategories&post=6948"},{"taxonomy":"post_tag","embeddable":true,"href":"http:\/\/delamanodemaria.com\/index.php?rest_route=%2Fwp%2Fv2%2Ftags&post=6948"}],"curies":[{"name":"wp","href":"https:\/\/api.w.org\/{rel}","templated":true}]}}