{"id":7022,"date":"2016-04-16T21:07:30","date_gmt":"2016-04-17T01:07:30","guid":{"rendered":"http:\/\/delamanodemaria.com\/?p=7022"},"modified":"2016-04-16T21:07:30","modified_gmt":"2016-04-17T01:07:30","slug":"reflexion-para-el-cuarto-domingo-de-pascua-domingo-del-buen-pastor-c-17-04-16","status":"publish","type":"post","link":"http:\/\/delamanodemaria.com\/?p=7022","title":{"rendered":"REFLEXI\u00d3N PARA EL CUARTO DOMINGO DE PASCUA, DOMINGO DEL BUEN PASTOR (C) 17-04-16"},"content":{"rendered":"<p><img decoding=\"async\" loading=\"lazy\" class=\"alignnone size-full wp-image-863\" src=\"http:\/\/delamanodemaria.com\/wp-content\/uploads\/2013\/04\/jesus-buen-pastor-cirio.jpg\" alt=\"jesus-buen-pastor-cirio\" width=\"800\" height=\"1031\" srcset=\"http:\/\/delamanodemaria.com\/wp-content\/uploads\/2013\/04\/jesus-buen-pastor-cirio.jpg 800w, http:\/\/delamanodemaria.com\/wp-content\/uploads\/2013\/04\/jesus-buen-pastor-cirio-232x300.jpg 232w, http:\/\/delamanodemaria.com\/wp-content\/uploads\/2013\/04\/jesus-buen-pastor-cirio-794x1024.jpg 794w\" sizes=\"(max-width: 800px) 100vw, 800px\" \/><\/p>\n<p>Hoy celebramos el cuarto domingo de Pascua, domingo del Buen Pastor. En este d\u00eda tambi\u00e9n celebramos las vocaciones sacerdotales; aquellos que contin\u00faan en el tiempo la misi\u00f3n del \u00fanico Buen Pastor que le encomend\u00f3 su reba\u00f1o a la Iglesia en la persona de Pedro (Jn 21,15-17).<\/p>\n<p>La alegor\u00eda del Buen Pastor aparece originalmente en la Biblia en referencia al cuidado y protecci\u00f3n de Yahv\u00e9 hacia su pueblo (ej. Salmo 23, Ez 34, e Is 40,11). En el Nuevo Testamento Jes\u00fas se \u201capropia\u201d de esa alegor\u00eda y se la aplica a s\u00ed mismo como el Hijo de Dios que cuida y salva a su reba\u00f1o. Ejemplo de ello es el cap\u00edtulo 10 de Juan, de donde est\u00e1 tomada la lectura evang\u00e9lica de hoy (Jn 10,27-30).<\/p>\n<p>La figura del pastor para simbolizar la protecci\u00f3n al pueblo es antiqu\u00edsima. As\u00ed por ejemplo, en el antiguo Egipto se presentaba a los faraones con dos s\u00edmbolos: un matamoscas y un cayado, y en la mitolog\u00eda griega se representaba al dios Hermes con un carnero sobre los hombros.<\/p>\n<p>Con esta figura se quiere representar lo incapaces que somos de alcanzar la salvaci\u00f3n sin la ayuda de Dios-Buen Pastor. Las ovejas son unos animales que tienen un cerebro bien peque\u00f1o, no aprenden. Tambi\u00e9n tienen una visi\u00f3n pobre. Por eso se vuelven a caer por el mismo barranco un y otra vez y, peor a\u00fan, pelean cuando el pastor trata de ayudarlas. Es la viva imagen de nosotros en este dif\u00edcil camino a la santidad al que somos llamados.<\/p>\n<p>Pero Jes\u00fas est\u00e1 empe\u00f1ado en que ninguna de sus ovejas se pierda: \u201cMis ovejas escuchan mi voz, y yo las conozco, y ellas me siguen, y yo les doy la vida eterna; no perecer\u00e1n para siempre, y nadie las arrebatar\u00e1 de mi mano. Mi Padre, que me las ha dado, supera a todos, y nadie puede arrebatarlas de la mano del Padre. Yo y el Padre somos uno\u201d.<\/p>\n<p>Esa imagen del Buen Pastor con la oveja sobre los hombros que los cristianos adoptamos se deriva de un hecho real. Cuando la oveja nace, el pastor a lleva sobre sus hombros un rato para que esta escuche su voz y se acostumbre a ella. As\u00ed le seguir\u00e1 y no se perder\u00e1. De ah\u00ed la alegor\u00eda: \u201cMis ovejas escuchan mi voz\u2026 y ellas me siguen\u201d. Por eso cuando nos alejamos de Jes\u00fas, nos encontramos desamparados y dispersos, \u201ccomo ovejas si pastor\u201d (Mt 9,36).<\/p>\n<p>La segunda lectura de hoy (Ap 7,9.14b-17) nos presenta nuevamente la figura del Pastor, representada en el Cordero que est\u00e1 delante del trono, que ser\u00e1 nuestro pastor y nos \u201cconducir\u00e1 hacia fuentes de aguas vivas\u201d.<\/p>\n<p>La promesa de Jes\u00fas es clara: Si escuchamos su voz y le seguimos, nadie nos arrebatar\u00e1 de su mano, y \u00c9l nos dar\u00e1 la vida eterna.<\/p>\n<p>Se\u00f1or, quiero escuchar tu voz; no permitas que los ruidos de las cosas del mundo \u00a0me distraigan y pierda mi camino, pues sin Ti estar\u00e9 desorientado y volver\u00e9 a caer en los mismos barrancos que la vida me presenta. Jes\u00fas, Buen Pastor, no me apartes de Tu vista, y si me pierdo, deja las otras noventa y nueve para ir tras de m\u00ed hasta que me encuentres (Lc 15,4), de manera que pueda seguirte hacia la vida eterna que me has prometido.<\/p>\n<p><img decoding=\"async\" loading=\"lazy\" class=\"alignnone size-full wp-image-1457\" src=\"http:\/\/delamanodemaria.com\/wp-content\/uploads\/2013\/07\/parroquia-buen-pastor-color.jpg\" alt=\"parroquia-buen-pastor-color\" width=\"900\" height=\"524\" srcset=\"http:\/\/delamanodemaria.com\/wp-content\/uploads\/2013\/07\/parroquia-buen-pastor-color.jpg 900w, http:\/\/delamanodemaria.com\/wp-content\/uploads\/2013\/07\/parroquia-buen-pastor-color-300x174.jpg 300w, http:\/\/delamanodemaria.com\/wp-content\/uploads\/2013\/07\/parroquia-buen-pastor-color-500x291.jpg 500w\" sizes=\"(max-width: 900px) 100vw, 900px\" \/><\/p>\n<div style=\"padding-bottom:20px; padding-top:10px;\" class=\"hupso-share-buttons\"><!-- Hupso Share Buttons - https:\/\/www.hupso.com\/share\/ --><a class=\"hupso_toolbar\" href=\"https:\/\/www.hupso.com\/share\/\"><img src=\"http:\/\/static.hupso.com\/share\/buttons\/lang\/es\/share-medium.png\" style=\"border:0px; padding-top: 5px; float:left;\" alt=\"Share Button\"\/><\/a><script type=\"text\/javascript\">var hupso_services_t=new Array(\"Twitter\",\"Facebook\",\"Google Plus\",\"Pinterest\",\"Linkedin\",\"Email\",\"Print\");var hupso_background_t=\"#EAF4FF\";var hupso_border_t=\"#66CCFF\";var hupso_toolbar_size_t=\"medium\";var hupso_image_folder_url = \"\";var hupso_twitter_via=\"hectorops\";var hupso_url_t=\"\";var hupso_title_t=\"REFLEXI%C3%93N%20PARA%20EL%20CUARTO%20DOMINGO%20DE%20PASCUA%2C%20DOMINGO%20DEL%20BUEN%20PASTOR%20%28C%29%2017-04-16\";<\/script><script type=\"text\/javascript\" src=\"http:\/\/static.hupso.com\/share\/js\/share_toolbar.js\"><\/script><!-- Hupso Share Buttons --><\/div>","protected":false},"excerpt":{"rendered":"<p>Hoy celebramos el cuarto domingo de Pascua, domingo del Buen Pastor. En este d\u00eda tambi\u00e9n celebramos las vocaciones sacerdotales; aquellos que contin\u00faan en el tiempo la misi\u00f3n del \u00fanico Buen Pastor que le encomend\u00f3 su reba\u00f1o a la Iglesia en &hellip; <a href=\"http:\/\/delamanodemaria.com\/?p=7022\">Continue reading <span class=\"meta-nav\">&rarr;<\/span><\/a><\/p>\n<div style=\"padding-bottom:20px; padding-top:10px;\" class=\"hupso-share-buttons\"><!-- Hupso Share Buttons - https:\/\/www.hupso.com\/share\/ --><a class=\"hupso_toolbar\" href=\"https:\/\/www.hupso.com\/share\/\"><img src=\"http:\/\/static.hupso.com\/share\/buttons\/lang\/es\/share-medium.png\" style=\"border:0px; padding-top: 5px; float:left;\" alt=\"Share Button\"\/><\/a><script type=\"text\/javascript\">var hupso_services_t=new Array(\"Twitter\",\"Facebook\",\"Google Plus\",\"Pinterest\",\"Linkedin\",\"Email\",\"Print\");var hupso_background_t=\"#EAF4FF\";var hupso_border_t=\"#66CCFF\";var hupso_toolbar_size_t=\"medium\";var hupso_image_folder_url = \"\";var hupso_twitter_via=\"hectorops\";var hupso_url_t=\"\";var hupso_title_t=\"REFLEXI%C3%93N%20PARA%20EL%20CUARTO%20DOMINGO%20DE%20PASCUA%2C%20DOMINGO%20DEL%20BUEN%20PASTOR%20%28C%29%2017-04-16\";<\/script><script type=\"text\/javascript\" src=\"http:\/\/static.hupso.com\/share\/js\/share_toolbar.js\"><\/script><!-- Hupso Share Buttons --><\/div>","protected":false},"author":1,"featured_media":0,"comment_status":"open","ping_status":"open","sticky":false,"template":"","format":"standard","meta":{"jetpack_post_was_ever_published":false,"_jetpack_newsletter_access":"","_jetpack_newsletter_tier_id":0,"jetpack_publicize_message":"","jetpack_is_tweetstorm":false,"jetpack_publicize_feature_enabled":true,"jetpack_social_post_already_shared":true,"jetpack_social_options":{"image_generator_settings":{"template":"highway","enabled":false}}},"categories":[1],"tags":[322,106,3,921,139,786,834,311,2,677,107],"jetpack_publicize_connections":[],"jetpack_featured_media_url":"","jetpack_shortlink":"https:\/\/wp.me\/p3bBgS-1Pg","jetpack_sharing_enabled":true,"jetpack_likes_enabled":true,"_links":{"self":[{"href":"http:\/\/delamanodemaria.com\/index.php?rest_route=\/wp\/v2\/posts\/7022"}],"collection":[{"href":"http:\/\/delamanodemaria.com\/index.php?rest_route=\/wp\/v2\/posts"}],"about":[{"href":"http:\/\/delamanodemaria.com\/index.php?rest_route=\/wp\/v2\/types\/post"}],"author":[{"embeddable":true,"href":"http:\/\/delamanodemaria.com\/index.php?rest_route=\/wp\/v2\/users\/1"}],"replies":[{"embeddable":true,"href":"http:\/\/delamanodemaria.com\/index.php?rest_route=%2Fwp%2Fv2%2Fcomments&post=7022"}],"version-history":[{"count":3,"href":"http:\/\/delamanodemaria.com\/index.php?rest_route=\/wp\/v2\/posts\/7022\/revisions"}],"predecessor-version":[{"id":7025,"href":"http:\/\/delamanodemaria.com\/index.php?rest_route=\/wp\/v2\/posts\/7022\/revisions\/7025"}],"wp:attachment":[{"href":"http:\/\/delamanodemaria.com\/index.php?rest_route=%2Fwp%2Fv2%2Fmedia&parent=7022"}],"wp:term":[{"taxonomy":"category","embeddable":true,"href":"http:\/\/delamanodemaria.com\/index.php?rest_route=%2Fwp%2Fv2%2Fcategories&post=7022"},{"taxonomy":"post_tag","embeddable":true,"href":"http:\/\/delamanodemaria.com\/index.php?rest_route=%2Fwp%2Fv2%2Ftags&post=7022"}],"curies":[{"name":"wp","href":"https:\/\/api.w.org\/{rel}","templated":true}]}}