{"id":7026,"date":"2016-04-17T23:02:18","date_gmt":"2016-04-18T03:02:18","guid":{"rendered":"http:\/\/delamanodemaria.com\/?p=7026"},"modified":"2016-04-17T23:02:18","modified_gmt":"2016-04-18T03:02:18","slug":"reflexion-para-el-lunes-de-la-cuarta-semana-de-pascua-18-04-16","status":"publish","type":"post","link":"http:\/\/delamanodemaria.com\/?p=7026","title":{"rendered":"REFLEXI\u00d3N PARA EL LUNES DE LA CUARTA SEMANA DE PASCUA 18-04-16"},"content":{"rendered":"<p><img decoding=\"async\" loading=\"lazy\" class=\"alignnone size-full wp-image-7027\" src=\"http:\/\/delamanodemaria.com\/wp-content\/uploads\/2016\/04\/yo-soy-la-puerta.jpg\" alt=\"yo soy la puerta\" width=\"640\" height=\"457\" srcset=\"http:\/\/delamanodemaria.com\/wp-content\/uploads\/2016\/04\/yo-soy-la-puerta.jpg 640w, http:\/\/delamanodemaria.com\/wp-content\/uploads\/2016\/04\/yo-soy-la-puerta-300x214.jpg 300w, http:\/\/delamanodemaria.com\/wp-content\/uploads\/2016\/04\/yo-soy-la-puerta-420x300.jpg 420w\" sizes=\"(max-width: 640px) 100vw, 640px\" \/><\/p>\n<p>Hoy damos un paso atr\u00e1s en la liturgia para leer el pasaje que antecede al <a href=\"http:\/\/delamanodemaria.com\/?p=7022\" target=\"_blank\">Evangelio que ley\u00e9ramos ayer, domingo del Buen Pastor<\/a>. La lectura evang\u00e9lica de hoy es el comienzo del cap\u00edtulo 10 (1-10) del evangelio seg\u00fan san Juan. En este cap\u00edtulo Juan desarrolla la alegor\u00eda del Pastor y las ovejas para referirse a la relaci\u00f3n entre Jes\u00fas y nosotros. Hoy le a\u00f1ade un nuevo elemento a la alegor\u00eda: Nos presenta a Jes\u00fas, no solo como el pastor, sino como la \u201cpuerta\u201d del aprisco de las ovejas. El aprisco es el lugar donde los pastores recogen sus reba\u00f1os para resguardarlos del fr\u00edo o de la intemperie, mientras uno de ellos vigila toda la noche. Al amanecer, cuando van a llevar las ovejas a pastar, cada cual llama a las suyas y estas responden a su voz, o a su silbido particular.<\/p>\n<p>Por eso Jes\u00fas comienza reiterando que las ovejas conocen su voz, que \u00c9l llama a cada una por su nombre y, una vez afuera, las ovejas le siguen \u201cporque conocen su voz\u201d. Como los que le escuchaban (que eran fariseos) parecieron no comprenderle, Jes\u00fas les propuso otra alegor\u00eda: \u201cOs aseguro que yo soy la puerta de las ovejas. Todos los que han venido antes de m\u00ed son ladrones y bandidos: pero las ovejas no los escucharon. Yo soy la puerta: quien entra por m\u00ed, se salvar\u00e1, y podr\u00e1 entrar y salir, y encontrar\u00e1 pastos. El ladr\u00f3n no entra sino para robar y matar y hacer estrago: yo he venido para que tengan vida y la tengan abundante\u201d. Otro de los siete \u201cYo soy\u201d que Juan pone en boca de Jes\u00fas y nos apuntan a la divinidad de Jes\u00fas (<em>Cfr<\/em>. Ex 3,14).<\/p>\n<p>Vemos c\u00f3mo en este pasaje la alegor\u00eda de la \u201cPuerta\u201d adquiere mayor relieve que la del \u201cPastor\u201d. Jes\u00fas se nos presenta hoy como la \u201cpuerta de las ovejas\u201d, el \u00fanico Mediador que puede alcanzarnos la salvaci\u00f3n que \u00c9l ha obtenido para nosotros en virtud de su Misterio Pascual (muerte-resurrecci\u00f3n). El mismo Pastor que nos conduce a verdes praderas y aguas tranquilas (Sal 23,2), se convierte en la Puerta que nos da acceso a esas praderas y aguas a trav\u00e9s de la \u201ccortina\u201d, es decir, a trav\u00e9s de su carne. \u201cTenemos plena seguridad de que podemos entrar en el Santuario por la sangre de Jes\u00fas, siguiendo el camino nuevo y viviente que \u00c9l nos abri\u00f3 a trav\u00e9s del velo del Templo, que es su carne\u201d (Hb 10, 19; <em>Cfr<\/em>. Mt 27,51).<\/p>\n<p>Jes\u00fas nos est\u00e1 pidiendo que le sigamos, y ese seguimiento incluye seguirlo hasta el Calvario, en donde la sangre derramada del Cordero se convierte en la Puerta que ha de conducirnos a la vida eterna: \u201cYo he venido para que tengan vida y la tengan abundante\u201d.<\/p>\n<p>Esa es la misi\u00f3n de Jes\u00fas, dar vida a nosotros, sus ovejas, inclusive ofreciendo su propia vida para que podamos obtenerla. Jes\u00fas-Puerta nos abre a un nuevo espacio infinito y eterno, en donde todo el que le siga tiene cabida, como nos muestra la primera lectura de hoy, con la predicaci\u00f3n del Evangelio de Jes\u00fas por parte de Pedro a los paganos (Hc 11,1-18).<\/p>\n<p>El Buen Pastor te ha llamado por tu nombre. \u00bfLo vas a seguir?<\/p>\n<div style=\"padding-bottom:20px; padding-top:10px;\" class=\"hupso-share-buttons\"><!-- Hupso Share Buttons - https:\/\/www.hupso.com\/share\/ --><a class=\"hupso_toolbar\" href=\"https:\/\/www.hupso.com\/share\/\"><img src=\"http:\/\/static.hupso.com\/share\/buttons\/lang\/es\/share-medium.png\" style=\"border:0px; padding-top: 5px; float:left;\" alt=\"Share Button\"\/><\/a><script type=\"text\/javascript\">var hupso_services_t=new Array(\"Twitter\",\"Facebook\",\"Google Plus\",\"Pinterest\",\"Linkedin\",\"Email\",\"Print\");var hupso_background_t=\"#EAF4FF\";var hupso_border_t=\"#66CCFF\";var hupso_toolbar_size_t=\"medium\";var hupso_image_folder_url = \"\";var hupso_twitter_via=\"hectorops\";var hupso_url_t=\"\";var hupso_title_t=\"REFLEXI%C3%93N%20PARA%20EL%20LUNES%20DE%20LA%20CUARTA%20SEMANA%20DE%20PASCUA%2018-04-16\";<\/script><script type=\"text\/javascript\" src=\"http:\/\/static.hupso.com\/share\/js\/share_toolbar.js\"><\/script><!-- Hupso Share Buttons --><\/div>","protected":false},"excerpt":{"rendered":"<p>Hoy damos un paso atr\u00e1s en la liturgia para leer el pasaje que antecede al Evangelio que ley\u00e9ramos ayer, domingo del Buen Pastor. La lectura evang\u00e9lica de hoy es el comienzo del cap\u00edtulo 10 (1-10) del evangelio seg\u00fan san Juan. &hellip; <a href=\"http:\/\/delamanodemaria.com\/?p=7026\">Continue reading <span class=\"meta-nav\">&rarr;<\/span><\/a><\/p>\n<div style=\"padding-bottom:20px; padding-top:10px;\" class=\"hupso-share-buttons\"><!-- Hupso Share Buttons - https:\/\/www.hupso.com\/share\/ --><a class=\"hupso_toolbar\" href=\"https:\/\/www.hupso.com\/share\/\"><img src=\"http:\/\/static.hupso.com\/share\/buttons\/lang\/es\/share-medium.png\" style=\"border:0px; padding-top: 5px; float:left;\" alt=\"Share Button\"\/><\/a><script type=\"text\/javascript\">var hupso_services_t=new Array(\"Twitter\",\"Facebook\",\"Google Plus\",\"Pinterest\",\"Linkedin\",\"Email\",\"Print\");var hupso_background_t=\"#EAF4FF\";var hupso_border_t=\"#66CCFF\";var hupso_toolbar_size_t=\"medium\";var hupso_image_folder_url = \"\";var hupso_twitter_via=\"hectorops\";var hupso_url_t=\"\";var hupso_title_t=\"REFLEXI%C3%93N%20PARA%20EL%20LUNES%20DE%20LA%20CUARTA%20SEMANA%20DE%20PASCUA%2018-04-16\";<\/script><script type=\"text\/javascript\" src=\"http:\/\/static.hupso.com\/share\/js\/share_toolbar.js\"><\/script><!-- Hupso Share Buttons --><\/div>","protected":false},"author":1,"featured_media":0,"comment_status":"open","ping_status":"open","sticky":false,"template":"","format":"standard","meta":{"jetpack_post_was_ever_published":false,"_jetpack_newsletter_access":"","_jetpack_newsletter_tier_id":0,"jetpack_publicize_message":"","jetpack_is_tweetstorm":false,"jetpack_publicize_feature_enabled":true,"jetpack_social_post_already_shared":true,"jetpack_social_options":{"image_generator_settings":{"template":"highway","enabled":false}}},"categories":[1],"tags":[1301,106,847,96,888,55,42,785,889,2,836,536],"jetpack_publicize_connections":[],"jetpack_featured_media_url":"","jetpack_shortlink":"https:\/\/wp.me\/p3bBgS-1Pk","jetpack_sharing_enabled":true,"jetpack_likes_enabled":true,"_links":{"self":[{"href":"http:\/\/delamanodemaria.com\/index.php?rest_route=\/wp\/v2\/posts\/7026"}],"collection":[{"href":"http:\/\/delamanodemaria.com\/index.php?rest_route=\/wp\/v2\/posts"}],"about":[{"href":"http:\/\/delamanodemaria.com\/index.php?rest_route=\/wp\/v2\/types\/post"}],"author":[{"embeddable":true,"href":"http:\/\/delamanodemaria.com\/index.php?rest_route=\/wp\/v2\/users\/1"}],"replies":[{"embeddable":true,"href":"http:\/\/delamanodemaria.com\/index.php?rest_route=%2Fwp%2Fv2%2Fcomments&post=7026"}],"version-history":[{"count":1,"href":"http:\/\/delamanodemaria.com\/index.php?rest_route=\/wp\/v2\/posts\/7026\/revisions"}],"predecessor-version":[{"id":7028,"href":"http:\/\/delamanodemaria.com\/index.php?rest_route=\/wp\/v2\/posts\/7026\/revisions\/7028"}],"wp:attachment":[{"href":"http:\/\/delamanodemaria.com\/index.php?rest_route=%2Fwp%2Fv2%2Fmedia&parent=7026"}],"wp:term":[{"taxonomy":"category","embeddable":true,"href":"http:\/\/delamanodemaria.com\/index.php?rest_route=%2Fwp%2Fv2%2Fcategories&post=7026"},{"taxonomy":"post_tag","embeddable":true,"href":"http:\/\/delamanodemaria.com\/index.php?rest_route=%2Fwp%2Fv2%2Ftags&post=7026"}],"curies":[{"name":"wp","href":"https:\/\/api.w.org\/{rel}","templated":true}]}}