{"id":7033,"date":"2016-04-18T17:57:39","date_gmt":"2016-04-18T21:57:39","guid":{"rendered":"http:\/\/delamanodemaria.com\/?p=7033"},"modified":"2016-04-18T17:57:39","modified_gmt":"2016-04-18T21:57:39","slug":"reflexion-para-el-martes-de-la-cuarta-semana-de-pascua-19-04-16","status":"publish","type":"post","link":"http:\/\/delamanodemaria.com\/?p=7033","title":{"rendered":"REFLEXI\u00d3N PARA EL MARTES DE LA CUARTA SEMANA DE PASCUA 19-04-16"},"content":{"rendered":"<p><img decoding=\"async\" loading=\"lazy\" class=\"alignnone size-full wp-image-7036\" src=\"http:\/\/delamanodemaria.com\/wp-content\/uploads\/2016\/04\/Hasta-cuando-nos-vas-a-tener-en-suspenso.jpg\" alt=\"Hasta cuando nos vas a tener en suspenso\" width=\"640\" height=\"427\" srcset=\"http:\/\/delamanodemaria.com\/wp-content\/uploads\/2016\/04\/Hasta-cuando-nos-vas-a-tener-en-suspenso.jpg 640w, http:\/\/delamanodemaria.com\/wp-content\/uploads\/2016\/04\/Hasta-cuando-nos-vas-a-tener-en-suspenso-300x200.jpg 300w, http:\/\/delamanodemaria.com\/wp-content\/uploads\/2016\/04\/Hasta-cuando-nos-vas-a-tener-en-suspenso-450x300.jpg 450w\" sizes=\"(max-width: 640px) 100vw, 640px\" \/><\/p>\n<p>Hemos dicho en innumerables ocasiones que no basta con creer en Jes\u00fas, hay que creerle a Jes\u00fas; creer lo que \u00c9l nos dice, y actuar conforme a su Palabra. Ese era el problema de los jud\u00edos que cuestionaban a Jes\u00fas en el pasaje evang\u00e9lico de hoy (Jn 10,22-30), inst\u00e1ndolo a decirles si \u00c9l era o no el Mes\u00edas: \u201c\u00bfHasta cu\u00e1ndo nos vas a tener en suspenso? Si t\u00fa eres el Mes\u00edas, d\u00ednoslo francamente\u201d.<\/p>\n<p>Jes\u00fas les contesta siguiendo la alegor\u00eda del pastor y las ovejas: \u201cOs lo he dicho, y no cre\u00e9is; las obras que yo hago en nombre de mi Padre, \u00e9sas dan testimonio de m\u00ed. Pero vosotros no cre\u00e9is, porque no sois ovejas m\u00edas. Mis ovejas escuchan mi voz, y yo las conozco, y ellas me siguen, y yo les doy la vida eterna; no perecer\u00e1n para siempre, y nadie las arrebatar\u00e1 de mi mano\u201d.<\/p>\n<p>\u201cOs lo he dicho y no cre\u00e9is&#8230; porque no sois ovejas m\u00edas\u201d. Las ovejas del reba\u00f1o escuchan la voz de su pastor y le siguen. Los jud\u00edos pertenec\u00edan al \u201cpueblo elegido\u201d vinculado por la Alianza de Abraham, una alianza que se transmit\u00eda por la carne, por herencia biol\u00f3gica. Por eso estaba representada por un signo canal: la circuncisi\u00f3n. La Nueva Alianza en la persona de Jes\u00fas no se transmitir\u00eda por la carne, sino por la infusi\u00f3n del Esp\u00edritu.<\/p>\n<p>Los jud\u00edos no comprendieron esto, por eso no le creyeron. \u201cVino a los suyos, y los suyos no la recibieron [la Palabra]. Pero a todos los que la recibieron, a los que creen en su Nombre, les dio el poder de llegar a ser hijos de Dios. Ellos no nacieron de la sangre, ni por obra de la carne, ni de la voluntad del hombre, sino que fueron engendrados por Dios\u201d (Jn 1,11-13).<\/p>\n<p>Las ovejas del Buen Pastor son las que le escuchan y le siguen, sin sujeci\u00f3n a la carne o la herencia; y a esas \u00c9l les dar\u00e1 vida eterna; no perecer\u00e1n para siempre, y nadie las arrebatar\u00e1 de Su mano.<\/p>\n<p>No fue por casualidad que el lugar donde por primera vez se llam\u00f3 \u201ccristianos\u201d a los seguidores de Jes\u00fas fue en Antioqu\u00eda, territorio pagano. Hasta ese momento se les conoc\u00eda como \u201cseguidores del Camino\u201d (Hc 9,2), un grupo de jud\u00edos que eran disc\u00edpulos de un rabino llamado Jes\u00fas de Nazaret.<\/p>\n<p>La primera lectura de hoy nos narra c\u00f3mo la Palabra de Jes\u00fas-Buen Pastor es escuchada y abrazada por los paganos de Antioqu\u00eda ante la predicaci\u00f3n de Bernab\u00e9, a quien m\u00e1s tarde se le une Pablo, y entre ambos fundan all\u00ed una Iglesia. Ya no se trataba de un grupo de jud\u00edos siguiendo a su rabino; era un grupo de jud\u00edos y gentiles, creyentes en el Cristo resucitado y su anuncio de Reino. Era pues propicio que se les llamara \u201ccristianos\u201d. El nuevo \u201creba\u00f1o\u201d de Jes\u00fas.<\/p>\n<p>Nosotros somos herederos de la fe de esos cristianos gentiles. Hemos sido incorporados a Jes\u00fas y a la Nueva y Eterna Alianza instituida por \u00c9l, no \u201cpor obra de la carne, ni de la voluntad del hombre\u201d, sino porque hemos sido \u201cengendrados por Dios\u201d a trav\u00e9s de la infusi\u00f3n del Esp\u00edritu que recibimos el d\u00eda de nuestro Bautismo. El mismo Esp\u00edritu que recibieron los Ap\u00f3stoles el d\u00eda de Pentecost\u00e9s, fiesta que ya se divisa en el horizonte.<\/p>\n<div style=\"padding-bottom:20px; padding-top:10px;\" class=\"hupso-share-buttons\"><!-- Hupso Share Buttons - https:\/\/www.hupso.com\/share\/ --><a class=\"hupso_toolbar\" href=\"https:\/\/www.hupso.com\/share\/\"><img src=\"http:\/\/static.hupso.com\/share\/buttons\/lang\/es\/share-medium.png\" style=\"border:0px; padding-top: 5px; float:left;\" alt=\"Share Button\"\/><\/a><script type=\"text\/javascript\">var hupso_services_t=new Array(\"Twitter\",\"Facebook\",\"Google Plus\",\"Pinterest\",\"Linkedin\",\"Email\",\"Print\");var hupso_background_t=\"#EAF4FF\";var hupso_border_t=\"#66CCFF\";var hupso_toolbar_size_t=\"medium\";var hupso_image_folder_url = \"\";var hupso_twitter_via=\"hectorops\";var hupso_url_t=\"\";var hupso_title_t=\"REFLEXI%C3%93N%20PARA%20EL%20MARTES%20DE%20LA%20CUARTA%20SEMANA%20DE%20PASCUA%2019-04-16\";<\/script><script type=\"text\/javascript\" src=\"http:\/\/static.hupso.com\/share\/js\/share_toolbar.js\"><\/script><!-- Hupso Share Buttons --><\/div>","protected":false},"excerpt":{"rendered":"<p>Hemos dicho en innumerables ocasiones que no basta con creer en Jes\u00fas, hay que creerle a Jes\u00fas; creer lo que \u00c9l nos dice, y actuar conforme a su Palabra. Ese era el problema de los jud\u00edos que cuestionaban a Jes\u00fas &hellip; <a href=\"http:\/\/delamanodemaria.com\/?p=7033\">Continue reading <span class=\"meta-nav\">&rarr;<\/span><\/a><\/p>\n<div style=\"padding-bottom:20px; padding-top:10px;\" class=\"hupso-share-buttons\"><!-- Hupso Share Buttons - https:\/\/www.hupso.com\/share\/ --><a class=\"hupso_toolbar\" href=\"https:\/\/www.hupso.com\/share\/\"><img src=\"http:\/\/static.hupso.com\/share\/buttons\/lang\/es\/share-medium.png\" style=\"border:0px; padding-top: 5px; float:left;\" alt=\"Share Button\"\/><\/a><script type=\"text\/javascript\">var hupso_services_t=new Array(\"Twitter\",\"Facebook\",\"Google Plus\",\"Pinterest\",\"Linkedin\",\"Email\",\"Print\");var hupso_background_t=\"#EAF4FF\";var hupso_border_t=\"#66CCFF\";var hupso_toolbar_size_t=\"medium\";var hupso_image_folder_url = \"\";var hupso_twitter_via=\"hectorops\";var hupso_url_t=\"\";var hupso_title_t=\"REFLEXI%C3%93N%20PARA%20EL%20MARTES%20DE%20LA%20CUARTA%20SEMANA%20DE%20PASCUA%2019-04-16\";<\/script><script type=\"text\/javascript\" src=\"http:\/\/static.hupso.com\/share\/js\/share_toolbar.js\"><\/script><!-- Hupso Share Buttons --><\/div>","protected":false},"author":1,"featured_media":0,"comment_status":"open","ping_status":"open","sticky":false,"template":"","format":"standard","meta":{"jetpack_post_was_ever_published":false,"_jetpack_newsletter_access":"","_jetpack_newsletter_tier_id":0,"jetpack_publicize_message":"","jetpack_is_tweetstorm":false,"jetpack_publicize_feature_enabled":true,"jetpack_social_post_already_shared":true,"jetpack_social_options":{"image_generator_settings":{"template":"highway","enabled":false}}},"categories":[1],"tags":[843,662,159,106,204,701,1287,238,110,1304,786,138,42,71,311,2,1303,86],"jetpack_publicize_connections":[],"jetpack_featured_media_url":"","jetpack_shortlink":"https:\/\/wp.me\/p3bBgS-1Pr","jetpack_sharing_enabled":true,"jetpack_likes_enabled":true,"_links":{"self":[{"href":"http:\/\/delamanodemaria.com\/index.php?rest_route=\/wp\/v2\/posts\/7033"}],"collection":[{"href":"http:\/\/delamanodemaria.com\/index.php?rest_route=\/wp\/v2\/posts"}],"about":[{"href":"http:\/\/delamanodemaria.com\/index.php?rest_route=\/wp\/v2\/types\/post"}],"author":[{"embeddable":true,"href":"http:\/\/delamanodemaria.com\/index.php?rest_route=\/wp\/v2\/users\/1"}],"replies":[{"embeddable":true,"href":"http:\/\/delamanodemaria.com\/index.php?rest_route=%2Fwp%2Fv2%2Fcomments&post=7033"}],"version-history":[{"count":2,"href":"http:\/\/delamanodemaria.com\/index.php?rest_route=\/wp\/v2\/posts\/7033\/revisions"}],"predecessor-version":[{"id":7037,"href":"http:\/\/delamanodemaria.com\/index.php?rest_route=\/wp\/v2\/posts\/7033\/revisions\/7037"}],"wp:attachment":[{"href":"http:\/\/delamanodemaria.com\/index.php?rest_route=%2Fwp%2Fv2%2Fmedia&parent=7033"}],"wp:term":[{"taxonomy":"category","embeddable":true,"href":"http:\/\/delamanodemaria.com\/index.php?rest_route=%2Fwp%2Fv2%2Fcategories&post=7033"},{"taxonomy":"post_tag","embeddable":true,"href":"http:\/\/delamanodemaria.com\/index.php?rest_route=%2Fwp%2Fv2%2Ftags&post=7033"}],"curies":[{"name":"wp","href":"https:\/\/api.w.org\/{rel}","templated":true}]}}