{"id":7053,"date":"2016-04-22T17:20:30","date_gmt":"2016-04-22T21:20:30","guid":{"rendered":"http:\/\/delamanodemaria.com\/?p=7053"},"modified":"2016-04-22T17:20:30","modified_gmt":"2016-04-22T21:20:30","slug":"reflexion-para-el-sabado-de-la-cuarta-semana-de-pascua-23-04-16","status":"publish","type":"post","link":"http:\/\/delamanodemaria.com\/?p=7053","title":{"rendered":"REFLEXI\u00d3N PARA EL S\u00c1BADO DE LA CUARTA SEMANA DE PASCUA 23-04-16"},"content":{"rendered":"<p><img decoding=\"async\" loading=\"lazy\" class=\"alignnone size-full wp-image-907\" src=\"http:\/\/delamanodemaria.com\/wp-content\/uploads\/2013\/04\/El-Padre-y-yo-somos-uno.jpg\" alt=\"El Padre y yo somos uno\" width=\"599\" height=\"499\" srcset=\"http:\/\/delamanodemaria.com\/wp-content\/uploads\/2013\/04\/El-Padre-y-yo-somos-uno.jpg 599w, http:\/\/delamanodemaria.com\/wp-content\/uploads\/2013\/04\/El-Padre-y-yo-somos-uno-300x249.jpg 300w, http:\/\/delamanodemaria.com\/wp-content\/uploads\/2013\/04\/El-Padre-y-yo-somos-uno-360x300.jpg 360w\" sizes=\"(max-width: 599px) 100vw, 599px\" \/><\/p>\n<p>La liturgia de hoy nos ofrece como primera lectura (Hc 13,44-52) la misma que le\u00edmos el pasado domingo IV de Pascua. Esta nos presenta a Pablo y Bernab\u00e9 predicando la Buena Nueva que \u201cse iba difundiendo por toda la regi\u00f3n\u201d de Pisidia. Pablo acababa de decirles a los de Antioqu\u00eda que la justificaci\u00f3n que ellos no hab\u00edan podido alcanzar por la Ley de Mois\u00e9s, gracias a Jes\u00fas, la alcanzar\u00eda todo el que cree (13,38b-39). Como siempre, la Palabra fue acogida con agrado por los gentiles y rechazada por los jud\u00edos, quienes en su mayor\u00eda se radicalizaban en su apego a la Ley por encima de la predicaci\u00f3n de Pablo y Bernab\u00e9.<\/p>\n<p>No pudiendo rebatir esa predicaci\u00f3n, optaron por desacreditarlos, vali\u00e9ndose de \u201clas se\u00f1oras distinguidas y devotas y los principales de la ciudad, [quienes] provocaron una persecuci\u00f3n contra Pablo y Bernab\u00e9 y los expulsaron del territorio. Ellos sacudieron el polvo de los pies, como protesta contra la ciudad, y se fueron a Iconio\u201d a continuar su labor evangelizadora. Termina diciendo el pasaje que \u201clos disc\u00edpulos quedaron llenos de alegr\u00eda y de Esp\u00edritu Santo\u201d. Y no es para menos. A pesar de los inconvenientes y las persecuciones, estando llenos de Esp\u00edritu Santo y llevando la Palabra en sus corazones, se sent\u00edan acompa\u00f1ados por Jes\u00fas, quien antes de subir al Padre les hab\u00eda prometido: \u201cYo estoy con ustedes todos los d\u00edas hasta el fin de la historia\u201d (Mt 28,20).<\/p>\n<p>En la lectura evang\u00e9lica (Jn 14,7-14) encontramos a Jes\u00fas nuevamente estableciendo esa identidad entre el Padre y \u00c9l: \u201cSi me conoc\u00e9is a m\u00ed, conocer\u00e9is tambi\u00e9n a mi Padre. Ahora ya lo conoc\u00e9is y lo hab\u00e9is visto\u201d. Y ante la insistencia de Felipe de que les muestre al Padre, Jes\u00fas le responde: \u201c\u00bfC\u00f3mo dices t\u00fa: \u2018Mu\u00e9stranos al Padre\u2019? \u00bfNo crees que yo estoy en el Padre, y el Padre en m\u00ed? Lo que yo os digo no lo hablo por cuenta propia. El Padre, que permanece en m\u00ed, hace sus obras. Creedme: yo estoy en el Padre, y el Padre en m\u00ed. Si no, creed a las obras. Os lo aseguro: el que cree en m\u00ed, tambi\u00e9n \u00e9l har\u00e1 las obras que yo hago, y a\u00fan mayores\u201d.<\/p>\n<p>Jes\u00fas no solo nos est\u00e1 diciendo que \u00c9l es quien nos puede mostrar al Padre en Su propia persona, sino que el Padre y su Reino se hacen tambi\u00e9n presentes en este mundo a trav\u00e9s de las obras de los que creen en el Hijo y le creen al Hijo, porque \u201clo que pid\u00e1is en mi nombre, yo lo har\u00e9, para que el Padre sea glorificado en el Hijo. Si me ped\u00eds algo en mi nombre, yo lo har\u00e9\u201d.<\/p>\n<p>El creyente, la persona de fe, est\u00e1 llamada a continuar la misi\u00f3n que el Padre le encomend\u00f3 al Hijo, y que \u00c9l nos ha delegado. Y en el desempe\u00f1o de esa misi\u00f3n lo acompa\u00f1ar\u00e1n grandes signos, como nos dec\u00eda el evangelio seg\u00fan san Marcos que le\u00edamos en su Fiesta: \u201cechar\u00e1n demonios en mi nombre, hablar\u00e1n lenguas nuevas, coger\u00e1n serpientes en sus manos y, si beben un veneno mortal, no les har\u00e1 da\u00f1o. Impondr\u00e1n las manos a los enfermos, y quedar\u00e1n sanos\u201d (Mc 16, 17-18). Esto es una promesa del Se\u00f1or, y \u00c9l nunca se retracta de su Palabra.<\/p>\n<p>Se\u00f1or, que tu Hijo est\u00e9 presente en todas las obras que hagamos en Tu nombre para que al igual que \u00c9l, seamos signos de Tu presencia en el mundo.<\/p>\n<div style=\"padding-bottom:20px; padding-top:10px;\" class=\"hupso-share-buttons\"><!-- Hupso Share Buttons - https:\/\/www.hupso.com\/share\/ --><a class=\"hupso_toolbar\" href=\"https:\/\/www.hupso.com\/share\/\"><img src=\"http:\/\/static.hupso.com\/share\/buttons\/lang\/es\/share-medium.png\" style=\"border:0px; padding-top: 5px; float:left;\" alt=\"Share Button\"\/><\/a><script type=\"text\/javascript\">var hupso_services_t=new Array(\"Twitter\",\"Facebook\",\"Google Plus\",\"Pinterest\",\"Linkedin\",\"Email\",\"Print\");var hupso_background_t=\"#EAF4FF\";var hupso_border_t=\"#66CCFF\";var hupso_toolbar_size_t=\"medium\";var hupso_image_folder_url = \"\";var hupso_twitter_via=\"hectorops\";var hupso_url_t=\"\";var hupso_title_t=\"REFLEXI%C3%93N%20PARA%20EL%20S%C3%81BADO%20DE%20LA%20CUARTA%20SEMANA%20DE%20PASCUA%2023-04-16\";<\/script><script type=\"text\/javascript\" src=\"http:\/\/static.hupso.com\/share\/js\/share_toolbar.js\"><\/script><!-- Hupso Share Buttons --><\/div>","protected":false},"excerpt":{"rendered":"<p>La liturgia de hoy nos ofrece como primera lectura (Hc 13,44-52) la misma que le\u00edmos el pasado domingo IV de Pascua. Esta nos presenta a Pablo y Bernab\u00e9 predicando la Buena Nueva que \u201cse iba difundiendo por toda la regi\u00f3n\u201d &hellip; <a href=\"http:\/\/delamanodemaria.com\/?p=7053\">Continue reading <span class=\"meta-nav\">&rarr;<\/span><\/a><\/p>\n<div style=\"padding-bottom:20px; padding-top:10px;\" class=\"hupso-share-buttons\"><!-- Hupso Share Buttons - https:\/\/www.hupso.com\/share\/ --><a class=\"hupso_toolbar\" href=\"https:\/\/www.hupso.com\/share\/\"><img src=\"http:\/\/static.hupso.com\/share\/buttons\/lang\/es\/share-medium.png\" style=\"border:0px; padding-top: 5px; float:left;\" alt=\"Share Button\"\/><\/a><script type=\"text\/javascript\">var hupso_services_t=new Array(\"Twitter\",\"Facebook\",\"Google Plus\",\"Pinterest\",\"Linkedin\",\"Email\",\"Print\");var hupso_background_t=\"#EAF4FF\";var hupso_border_t=\"#66CCFF\";var hupso_toolbar_size_t=\"medium\";var hupso_image_folder_url = \"\";var hupso_twitter_via=\"hectorops\";var hupso_url_t=\"\";var hupso_title_t=\"REFLEXI%C3%93N%20PARA%20EL%20S%C3%81BADO%20DE%20LA%20CUARTA%20SEMANA%20DE%20PASCUA%2023-04-16\";<\/script><script type=\"text\/javascript\" src=\"http:\/\/static.hupso.com\/share\/js\/share_toolbar.js\"><\/script><!-- Hupso Share Buttons --><\/div>","protected":false},"author":1,"featured_media":0,"comment_status":"open","ping_status":"open","sticky":false,"template":"","format":"standard","meta":{"jetpack_post_was_ever_published":false,"_jetpack_newsletter_access":"","_jetpack_newsletter_tier_id":0,"jetpack_publicize_message":"","jetpack_is_tweetstorm":false,"jetpack_publicize_feature_enabled":true,"jetpack_social_post_already_shared":true,"jetpack_social_options":{"image_generator_settings":{"template":"highway","enabled":false}}},"categories":[1],"tags":[1306,763,96,137,1309,112,111,834,138,42,2,97,394],"jetpack_publicize_connections":[],"jetpack_featured_media_url":"","jetpack_shortlink":"https:\/\/wp.me\/p3bBgS-1PL","jetpack_sharing_enabled":true,"jetpack_likes_enabled":true,"_links":{"self":[{"href":"http:\/\/delamanodemaria.com\/index.php?rest_route=\/wp\/v2\/posts\/7053"}],"collection":[{"href":"http:\/\/delamanodemaria.com\/index.php?rest_route=\/wp\/v2\/posts"}],"about":[{"href":"http:\/\/delamanodemaria.com\/index.php?rest_route=\/wp\/v2\/types\/post"}],"author":[{"embeddable":true,"href":"http:\/\/delamanodemaria.com\/index.php?rest_route=\/wp\/v2\/users\/1"}],"replies":[{"embeddable":true,"href":"http:\/\/delamanodemaria.com\/index.php?rest_route=%2Fwp%2Fv2%2Fcomments&post=7053"}],"version-history":[{"count":3,"href":"http:\/\/delamanodemaria.com\/index.php?rest_route=\/wp\/v2\/posts\/7053\/revisions"}],"predecessor-version":[{"id":7056,"href":"http:\/\/delamanodemaria.com\/index.php?rest_route=\/wp\/v2\/posts\/7053\/revisions\/7056"}],"wp:attachment":[{"href":"http:\/\/delamanodemaria.com\/index.php?rest_route=%2Fwp%2Fv2%2Fmedia&parent=7053"}],"wp:term":[{"taxonomy":"category","embeddable":true,"href":"http:\/\/delamanodemaria.com\/index.php?rest_route=%2Fwp%2Fv2%2Fcategories&post=7053"},{"taxonomy":"post_tag","embeddable":true,"href":"http:\/\/delamanodemaria.com\/index.php?rest_route=%2Fwp%2Fv2%2Ftags&post=7053"}],"curies":[{"name":"wp","href":"https:\/\/api.w.org\/{rel}","templated":true}]}}