{"id":7064,"date":"2016-04-24T17:15:27","date_gmt":"2016-04-24T21:15:27","guid":{"rendered":"http:\/\/delamanodemaria.com\/?p=7064"},"modified":"2016-04-24T17:15:27","modified_gmt":"2016-04-24T21:15:27","slug":"reflexion-para-la-fiesta-de-san-marcos-evangelista-25-04-16","status":"publish","type":"post","link":"http:\/\/delamanodemaria.com\/?p=7064","title":{"rendered":"REFLEXI\u00d3N PARA LA FIESTA DE SAN MARCOS, EVANGELISTA 25-04-16"},"content":{"rendered":"<p><img decoding=\"async\" loading=\"lazy\" class=\"alignnone size-full wp-image-1940 aligncenter\" src=\"http:\/\/delamanodemaria.com\/wp-content\/uploads\/2013\/09\/id-a-todo-el-mundo.jpg\" alt=\"id a todo el mundo\" width=\"560\" height=\"480\" srcset=\"http:\/\/delamanodemaria.com\/wp-content\/uploads\/2013\/09\/id-a-todo-el-mundo.jpg 560w, http:\/\/delamanodemaria.com\/wp-content\/uploads\/2013\/09\/id-a-todo-el-mundo-300x257.jpg 300w, http:\/\/delamanodemaria.com\/wp-content\/uploads\/2013\/09\/id-a-todo-el-mundo-350x300.jpg 350w\" sizes=\"(max-width: 560px) 100vw, 560px\" \/><\/p>\n<p>Hoy hacemos un par\u00e9ntesis en la liturgia Pascual para celebrar la Fiesta de san Marcos, evangelista. Marcos no fue uno de \u201clos doce\u201d. Seg\u00fan Pap\u00edas de Hier\u00e1polis fue <em>hermeneguo<\/em>, es decir amanuense o int\u00e9rprete de Pedro. Escribi\u00f3 su relato evang\u00e9lico entre los a\u00f1os 65-70, siendo el primero en escribirse, cronol\u00f3gicamente. Marcos escribe para los paganos de la regi\u00f3n it\u00e1lica, con el objetivo de demostrarles que Jes\u00fas es Dios.<\/p>\n<p>Para esta Fiesta la liturgia nos presenta parte de la conclusi\u00f3n de su relato evang\u00e9lico (Mc 16,15-20), que algunos estudiosos sostienen fue a\u00f1adida posteriormente, ya que parece ser un conjunto de episodios extra\u00eddos de los relatos pascuales de otros evangelios escritos posteriormente (la parte que se piensa fue a\u00f1adida comprende los vv. 9-20).<\/p>\n<p>El pasaje incluye dos \u201ctiempos\u201d distintos, separados por el fen\u00f3meno de la Ascensi\u00f3n, que aunque no se describe, se afirma: \u201cDespu\u00e9s de hablarles, el Se\u00f1or Jes\u00fas subi\u00f3 al cielo y se sent\u00f3 a la derecha de Dios\u201d. En la primera parte del pasaje, cuando encomienda a \u201clos Once\u201d la misi\u00f3n de ir al mundo entero y proclamar el Evangelio a toda la creaci\u00f3n, el evangelista se refiere a \u00c9l como \u201cJes\u00fas\u201d. En el momento justo antes de \u201csubir al cielo\u201d y sentarse a la derecha del Padre (signo de igualdad), se refiere a \u00c9l como \u201cSe\u00f1or Jes\u00fas\u201d. Con esa f\u00f3rmula se confiesa la fe apost\u00f3lica recogida en el Credo: que Jes\u00fas (el nacido de Santa Mar\u00eda Virgen, que padeci\u00f3 bajo el poder de Poncio Pilato) es el Se\u00f1or resucitado que ha sido glorificado. Y que ese Jes\u00fas es Dios, igual al Padre.<\/p>\n<p>Otra cosa surge claramente de este pasaje: que los disc\u00edpulos de Jes\u00fas hemos de continuar la misi\u00f3n de Jes\u00fas, es decir, proclamar a todos la Buena Noticia (\u201cEvangelio\u201d) del Reino y seguir sus pasos.<\/p>\n<p>Hay una parte de este relato que siempre me ha llamado la atenci\u00f3n, sobre todo porque algunas sectas fundamentalistas la interpretan literalmente (lo que, por cierto, ha causado un n\u00famero considerable de muertes). Me refiero a la parte en que Jes\u00fas dice a los ap\u00f3stoles: \u201cA los que crean, les acompa\u00f1ar\u00e1n estos signos: echar\u00e1n demonios en mi nombre, hablar\u00e1n lenguas nuevas, coger\u00e1n serpientes en sus manos y, si beben un veneno mortal, no les har\u00e1 da\u00f1o. Impondr\u00e1n las manos a los enfermos, y quedar\u00e1n sanos\u201d.<\/p>\n<p>No hay duda, a los creyentes nos acompa\u00f1ar\u00e1n esos signos. Expulsaremos demonios, es decir, la fe en Jes\u00fas nos ayudar\u00e1 erradicar el mal del mundo en Su nombre. Hablaremos nuevas lenguas, o sea, un nuevo lenguaje de amor, fraternidad, paz y comunicaci\u00f3n entre los hombres. Cogeremos serpientes con las manos, es decir, cogeremos y expulsaremos toda clase de males como el discrimen, la corrupci\u00f3n, las cosas repugnantes y malignas que da\u00f1an al hombre. Tampoco habr\u00e1 \u201cvenenos\u201d que puedan da\u00f1arnos, pues a\u00fan aquellos que logren calumniarnos con el veneno de sus mentiras no podr\u00e1n da\u00f1arnos, porque todo ello se convierte en bien para los que aman al Se\u00f1or. Finalmente, la Buena Noticia del Reino se convierte en fuente de alivio para los pobres y enfermos.<\/p>\n<p>Jes\u00fas \u201csubi\u00f3 al cielo y se sent\u00f3 a la derecha del Padre\u201d, pero a sus disc\u00edpulos (s\u00ed, a ti y a m\u00ed) nos encarg\u00f3 continuar su misi\u00f3n en el mundo y en la historia, hasta que vuelva. As\u00ed que: \u00a1manos a la obra!<\/p>\n<div style=\"padding-bottom:20px; padding-top:10px;\" class=\"hupso-share-buttons\"><!-- Hupso Share Buttons - https:\/\/www.hupso.com\/share\/ --><a class=\"hupso_toolbar\" href=\"https:\/\/www.hupso.com\/share\/\"><img src=\"http:\/\/static.hupso.com\/share\/buttons\/lang\/es\/share-medium.png\" style=\"border:0px; padding-top: 5px; float:left;\" alt=\"Share Button\"\/><\/a><script type=\"text\/javascript\">var hupso_services_t=new Array(\"Twitter\",\"Facebook\",\"Google Plus\",\"Pinterest\",\"Linkedin\",\"Email\",\"Print\");var hupso_background_t=\"#EAF4FF\";var hupso_border_t=\"#66CCFF\";var hupso_toolbar_size_t=\"medium\";var hupso_image_folder_url = \"\";var hupso_twitter_via=\"hectorops\";var hupso_url_t=\"\";var hupso_title_t=\"REFLEXI%C3%93N%20PARA%20LA%20FIESTA%20DE%20SAN%20MARCOS%2C%20EVANGELISTA%2025-04-16\";<\/script><script type=\"text\/javascript\" src=\"http:\/\/static.hupso.com\/share\/js\/share_toolbar.js\"><\/script><!-- Hupso Share Buttons --><\/div>","protected":false},"excerpt":{"rendered":"<p>Hoy hacemos un par\u00e9ntesis en la liturgia Pascual para celebrar la Fiesta de san Marcos, evangelista. Marcos no fue uno de \u201clos doce\u201d. Seg\u00fan Pap\u00edas de Hier\u00e1polis fue hermeneguo, es decir amanuense o int\u00e9rprete de Pedro. Escribi\u00f3 su relato evang\u00e9lico &hellip; <a href=\"http:\/\/delamanodemaria.com\/?p=7064\">Continue reading <span class=\"meta-nav\">&rarr;<\/span><\/a><\/p>\n<div style=\"padding-bottom:20px; padding-top:10px;\" class=\"hupso-share-buttons\"><!-- Hupso Share Buttons - https:\/\/www.hupso.com\/share\/ --><a class=\"hupso_toolbar\" href=\"https:\/\/www.hupso.com\/share\/\"><img src=\"http:\/\/static.hupso.com\/share\/buttons\/lang\/es\/share-medium.png\" style=\"border:0px; padding-top: 5px; float:left;\" alt=\"Share Button\"\/><\/a><script type=\"text\/javascript\">var hupso_services_t=new Array(\"Twitter\",\"Facebook\",\"Google Plus\",\"Pinterest\",\"Linkedin\",\"Email\",\"Print\");var hupso_background_t=\"#EAF4FF\";var hupso_border_t=\"#66CCFF\";var hupso_toolbar_size_t=\"medium\";var hupso_image_folder_url = \"\";var hupso_twitter_via=\"hectorops\";var hupso_url_t=\"\";var hupso_title_t=\"REFLEXI%C3%93N%20PARA%20LA%20FIESTA%20DE%20SAN%20MARCOS%2C%20EVANGELISTA%2025-04-16\";<\/script><script type=\"text\/javascript\" src=\"http:\/\/static.hupso.com\/share\/js\/share_toolbar.js\"><\/script><!-- Hupso Share Buttons --><\/div>","protected":false},"author":1,"featured_media":0,"comment_status":"open","ping_status":"open","sticky":false,"template":"","format":"standard","meta":{"jetpack_post_was_ever_published":false,"_jetpack_newsletter_access":"","_jetpack_newsletter_tier_id":0,"jetpack_publicize_message":"","jetpack_is_tweetstorm":false,"jetpack_publicize_feature_enabled":true,"jetpack_social_post_already_shared":true,"jetpack_social_options":{"image_generator_settings":{"template":"highway","enabled":false}}},"categories":[1],"tags":[1281,105,70,200,1313,96,1007,112,42,1197,2,885,458],"jetpack_publicize_connections":[],"jetpack_featured_media_url":"","jetpack_shortlink":"https:\/\/wp.me\/p3bBgS-1PW","jetpack_sharing_enabled":true,"jetpack_likes_enabled":true,"_links":{"self":[{"href":"http:\/\/delamanodemaria.com\/index.php?rest_route=\/wp\/v2\/posts\/7064"}],"collection":[{"href":"http:\/\/delamanodemaria.com\/index.php?rest_route=\/wp\/v2\/posts"}],"about":[{"href":"http:\/\/delamanodemaria.com\/index.php?rest_route=\/wp\/v2\/types\/post"}],"author":[{"embeddable":true,"href":"http:\/\/delamanodemaria.com\/index.php?rest_route=\/wp\/v2\/users\/1"}],"replies":[{"embeddable":true,"href":"http:\/\/delamanodemaria.com\/index.php?rest_route=%2Fwp%2Fv2%2Fcomments&post=7064"}],"version-history":[{"count":2,"href":"http:\/\/delamanodemaria.com\/index.php?rest_route=\/wp\/v2\/posts\/7064\/revisions"}],"predecessor-version":[{"id":7066,"href":"http:\/\/delamanodemaria.com\/index.php?rest_route=\/wp\/v2\/posts\/7064\/revisions\/7066"}],"wp:attachment":[{"href":"http:\/\/delamanodemaria.com\/index.php?rest_route=%2Fwp%2Fv2%2Fmedia&parent=7064"}],"wp:term":[{"taxonomy":"category","embeddable":true,"href":"http:\/\/delamanodemaria.com\/index.php?rest_route=%2Fwp%2Fv2%2Fcategories&post=7064"},{"taxonomy":"post_tag","embeddable":true,"href":"http:\/\/delamanodemaria.com\/index.php?rest_route=%2Fwp%2Fv2%2Ftags&post=7064"}],"curies":[{"name":"wp","href":"https:\/\/api.w.org\/{rel}","templated":true}]}}