{"id":7081,"date":"2016-04-28T16:47:58","date_gmt":"2016-04-28T20:47:58","guid":{"rendered":"http:\/\/delamanodemaria.com\/?p=7081"},"modified":"2016-04-28T21:44:31","modified_gmt":"2016-04-29T01:44:31","slug":"reflexion-para-el-viernes-de-la-quinta-semana-de-pascua-y-fiesta-de-santa-catalina-de-siena-29-04-16","status":"publish","type":"post","link":"http:\/\/delamanodemaria.com\/?p=7081","title":{"rendered":"REFLEXI\u00d3N PARA EL VIERNES DE LA QUINTA SEMANA DE PASCUA (Y FIESTA DE SANTA CATALINA DE SIENA) 29-04-16"},"content":{"rendered":"<div id=\"attachment_922\" style=\"width: 614px\" class=\"wp-caption alignnone\"><img aria-describedby=\"caption-attachment-922\" decoding=\"async\" loading=\"lazy\" class=\"size-full wp-image-922\" src=\"http:\/\/delamanodemaria.com\/wp-content\/uploads\/2013\/04\/votos-perpetuos-hlm.jpg\" alt=\"El 29 de abril de 2006, Fiesta de Santa Catalina de Siena, hice mi promesa perpetua en la Tercera Orden de Santo Domingo de Guzm\u00e1n.\" width=\"604\" height=\"450\" srcset=\"http:\/\/delamanodemaria.com\/wp-content\/uploads\/2013\/04\/votos-perpetuos-hlm.jpg 604w, http:\/\/delamanodemaria.com\/wp-content\/uploads\/2013\/04\/votos-perpetuos-hlm-300x223.jpg 300w, http:\/\/delamanodemaria.com\/wp-content\/uploads\/2013\/04\/votos-perpetuos-hlm-402x300.jpg 402w\" sizes=\"(max-width: 604px) 100vw, 604px\" \/><p id=\"caption-attachment-922\" class=\"wp-caption-text\">El 29 de abril de 2006, Fiesta de Santa Catalina de Siena, hice mi promesa perpetua en la Tercera Orden de Santo Domingo de Guzm\u00e1n.<\/p><\/div>\n<p>Hoy es un d\u00eda sumamente importante para m\u00ed: <strong><em>Fiesta de Santa Catalina de Siena<\/em><\/strong>, virgen y doctora de la Iglesia, terciaria dominica, y patrona de los Laicos dominicos. Tambi\u00e9n hoy celebro <strong><em>el d\u00e9cimo aniversario de mi profesi\u00f3n perpetua<\/em><\/strong> como Laico de la Orden de Predicadores.<\/p>\n<p>Aunque para la Provincia Eclesi\u00e1stica de Puerto Rico es Memoria obligatoria, para nosotros los dominicos es Fiesta, por lo que contemplamos las lecturas propias de la misma. <a href=\"http:\/\/delamanodemaria.com\/?p=3450\" target=\"_blank\">El a\u00f1o pasado reflexionamos sobre dichas lecturas y la vida de esta gran santa<\/a>.<\/p>\n<p>Mientras tanto, continuamos nuestra ruta pascual hacia Pentecost\u00e9s, que est\u00e1 dominada por la acci\u00f3n del Esp\u00edritu Santo en Hechos de los Ap\u00f3stoles y el mandamiento del Amor en el Evangelio seg\u00fan san Juan.<\/p>\n<p>\u201cEsto les mando: que se amen unos otros\u201d. Con este mandato de parte de Jes\u00fas comienza y cierra el evangelio para hoy (Jn 15,12-17). Es con este mandamiento que Jes\u00fas \u201clleva a plenitud la ley\u201d, y nos libera de aquella \u201cpesada carga\u201d en que los fariseos y sacerdotes de su tiempo hab\u00edan convertido la Ley de Mois\u00e9s. Ya no se trata de un mero cumplimiento ritualista, se trata de entender y cumplir los mandamientos desde una nueva \u00f3ptica; la \u00f3ptica del amor, conscientes de que hemos sido elegidos por Dios, por mera gratuidad, por amor, con todos nuestros defectos. Y \u00c9l mismo nos ha destinado para que vayamos y prodiguemos ese amor y demos fruto, y nuestro fruto dure.<\/p>\n<p>Este celo de dar a conocer la Buena Nueva del Reino de Dios, que est\u00e1 cimentado en el amor, es lo que impulsa a los ap\u00f3stoles en la primera lectura de hoy (Hc 15,22-31) a enviarles una palabra de aliento a aquellos primeros cristianos de Antioqu\u00eda que estaban angustiados ante las pretensiones de los judaizantes y los fariseos convertidos al cristianismo, quienes predicaban que los paganos que se convert\u00edan ten\u00edan que observar las leyes y preceptos jud\u00edos, incluyendo la circuncisi\u00f3n. Ellos se sintieron amados por Dios, y ese amor es tan intenso que hay que compartirlo con todos, sin importar que sean \u201cdiferentes\u201d.<\/p>\n<p>Y el que dispensa ese amor es el Esp\u00edritu Santo que, como hemos dicho en ocasiones anteriores, es el Amor que se profesan el Padre y el Hijo que se derrama sobre nosotros. Ese Esp\u00edritu fue el que llev\u00f3 a los participantes de aqu\u00e9l primer concilio ecum\u00e9nico de Jerusal\u00e9n a decidir que no era necesario \u201cjudaizarse\u201d para hacerse cristiano; que bastaba con creer en Jes\u00fas y en la Buena Noticia del Reino para pertenecer a la Iglesia, el nuevo Pueblo de Dios. Por eso preceden su mensaje con las palabras: \u201cHemos decidido, <strong><em>el Esp\u00edritu Santo<\/em><\/strong> y nosotros,\u2026\u201d<\/p>\n<p>El mensaje de Jes\u00fas es sencillo: \u201cEsto les mando: que se amen unos otros\u201d. En ese corto mensaje est\u00e1 encerrada toda su doctrina. Porque su Palabra es la fuente inagotable de alegr\u00eda; de la verdadera \u201calegr\u00eda del cristiano\u201d. Por eso la primera lectura nos dice que: \u201cAl leer aquellas palabras alentadoras, se alegraron mucho\u201d.<\/p>\n<p>\u201cHemos decidido, el Esp\u00edritu Santo y nosotros\u201d\u2026 \u00bfInvocas al Esp\u00edritu Santo cada vez que tienes que tomar una decisi\u00f3n importante? \u00bfTe acercas con humildad a Mar\u00eda, la madre de Jes\u00fas, la \u201csobreabundante\u201d, para que comparta contigo esa Gracia divina que ha hecho maravillas en ella (<em>Cfr<\/em>. Lc 2,49)?<\/p>\n<p>Hoy Jes\u00fas contin\u00faa dici\u00e9ndonos lo mismo: \u201cEsto les mando: que se amen unos otros\u201d. \u00bfDe verdad crees en Jes\u00fas y le crees a Jes\u00fas? \u00a1Que se te note!<\/p>\n<div style=\"padding-bottom:20px; padding-top:10px;\" class=\"hupso-share-buttons\"><!-- Hupso Share Buttons - https:\/\/www.hupso.com\/share\/ --><a class=\"hupso_toolbar\" href=\"https:\/\/www.hupso.com\/share\/\"><img src=\"http:\/\/static.hupso.com\/share\/buttons\/lang\/es\/share-medium.png\" style=\"border:0px; padding-top: 5px; float:left;\" alt=\"Share Button\"\/><\/a><script type=\"text\/javascript\">var hupso_services_t=new Array(\"Twitter\",\"Facebook\",\"Google Plus\",\"Pinterest\",\"Linkedin\",\"Email\",\"Print\");var hupso_background_t=\"#EAF4FF\";var hupso_border_t=\"#66CCFF\";var hupso_toolbar_size_t=\"medium\";var hupso_image_folder_url = \"\";var hupso_twitter_via=\"hectorops\";var hupso_url_t=\"\";var hupso_title_t=\"REFLEXI%C3%93N%20PARA%20EL%20VIERNES%20DE%20LA%20QUINTA%20SEMANA%20DE%20PASCUA%20%28Y%20FIESTA%20DE%20SANTA%20CATALINA%20DE%20SIENA%29%2029-04-16\";<\/script><script type=\"text\/javascript\" src=\"http:\/\/static.hupso.com\/share\/js\/share_toolbar.js\"><\/script><!-- Hupso Share Buttons --><\/div>","protected":false},"excerpt":{"rendered":"<p>Hoy es un d\u00eda sumamente importante para m\u00ed: Fiesta de Santa Catalina de Siena, virgen y doctora de la Iglesia, terciaria dominica, y patrona de los Laicos dominicos. Tambi\u00e9n hoy celebro el d\u00e9cimo aniversario de mi profesi\u00f3n perpetua como Laico &hellip; <a href=\"http:\/\/delamanodemaria.com\/?p=7081\">Continue reading <span class=\"meta-nav\">&rarr;<\/span><\/a><\/p>\n<div style=\"padding-bottom:20px; padding-top:10px;\" class=\"hupso-share-buttons\"><!-- Hupso Share Buttons - https:\/\/www.hupso.com\/share\/ --><a class=\"hupso_toolbar\" href=\"https:\/\/www.hupso.com\/share\/\"><img src=\"http:\/\/static.hupso.com\/share\/buttons\/lang\/es\/share-medium.png\" style=\"border:0px; padding-top: 5px; float:left;\" alt=\"Share Button\"\/><\/a><script type=\"text\/javascript\">var hupso_services_t=new Array(\"Twitter\",\"Facebook\",\"Google Plus\",\"Pinterest\",\"Linkedin\",\"Email\",\"Print\");var hupso_background_t=\"#EAF4FF\";var hupso_border_t=\"#66CCFF\";var hupso_toolbar_size_t=\"medium\";var hupso_image_folder_url = \"\";var hupso_twitter_via=\"hectorops\";var hupso_url_t=\"\";var hupso_title_t=\"REFLEXI%C3%93N%20PARA%20EL%20VIERNES%20DE%20LA%20QUINTA%20SEMANA%20DE%20PASCUA%20%28Y%20FIESTA%20DE%20SANTA%20CATALINA%20DE%20SIENA%29%2029-04-16\";<\/script><script type=\"text\/javascript\" src=\"http:\/\/static.hupso.com\/share\/js\/share_toolbar.js\"><\/script><!-- Hupso Share Buttons --><\/div>","protected":false},"author":1,"featured_media":0,"comment_status":"open","ping_status":"open","sticky":false,"template":"","format":"standard","meta":{"jetpack_post_was_ever_published":false,"_jetpack_newsletter_access":"","_jetpack_newsletter_tier_id":0,"jetpack_publicize_message":"","jetpack_is_tweetstorm":false,"jetpack_publicize_feature_enabled":true,"jetpack_social_post_already_shared":true,"jetpack_social_options":{"image_generator_settings":{"template":"highway","enabled":false}}},"categories":[1],"tags":[30,89,763,204,29,502,1138,137,1309,1318,631,748,428,1319,610,8,103,834,138,42,71,2,526,527],"jetpack_publicize_connections":[],"jetpack_featured_media_url":"","jetpack_shortlink":"https:\/\/wp.me\/p3bBgS-1Qd","jetpack_sharing_enabled":true,"jetpack_likes_enabled":true,"_links":{"self":[{"href":"http:\/\/delamanodemaria.com\/index.php?rest_route=\/wp\/v2\/posts\/7081"}],"collection":[{"href":"http:\/\/delamanodemaria.com\/index.php?rest_route=\/wp\/v2\/posts"}],"about":[{"href":"http:\/\/delamanodemaria.com\/index.php?rest_route=\/wp\/v2\/types\/post"}],"author":[{"embeddable":true,"href":"http:\/\/delamanodemaria.com\/index.php?rest_route=\/wp\/v2\/users\/1"}],"replies":[{"embeddable":true,"href":"http:\/\/delamanodemaria.com\/index.php?rest_route=%2Fwp%2Fv2%2Fcomments&post=7081"}],"version-history":[{"count":2,"href":"http:\/\/delamanodemaria.com\/index.php?rest_route=\/wp\/v2\/posts\/7081\/revisions"}],"predecessor-version":[{"id":7083,"href":"http:\/\/delamanodemaria.com\/index.php?rest_route=\/wp\/v2\/posts\/7081\/revisions\/7083"}],"wp:attachment":[{"href":"http:\/\/delamanodemaria.com\/index.php?rest_route=%2Fwp%2Fv2%2Fmedia&parent=7081"}],"wp:term":[{"taxonomy":"category","embeddable":true,"href":"http:\/\/delamanodemaria.com\/index.php?rest_route=%2Fwp%2Fv2%2Fcategories&post=7081"},{"taxonomy":"post_tag","embeddable":true,"href":"http:\/\/delamanodemaria.com\/index.php?rest_route=%2Fwp%2Fv2%2Ftags&post=7081"}],"curies":[{"name":"wp","href":"https:\/\/api.w.org\/{rel}","templated":true}]}}