{"id":7110,"date":"2016-05-01T19:56:33","date_gmt":"2016-05-01T23:56:33","guid":{"rendered":"http:\/\/delamanodemaria.com\/?p=7110"},"modified":"2016-05-01T20:13:41","modified_gmt":"2016-05-02T00:13:41","slug":"reflexion-para-el-lunes-de-la-sexta-semana-de-pascua-02-05-16","status":"publish","type":"post","link":"http:\/\/delamanodemaria.com\/?p=7110","title":{"rendered":"REFLEXI\u00d3N PARA EL LUNES DE LA SEXTA SEMANA DE PASCUA 02-05-16"},"content":{"rendered":"<div id=\"attachment_3646\" style=\"width: 970px\" class=\"wp-caption aligncenter\"><img aria-describedby=\"caption-attachment-3646\" decoding=\"async\" loading=\"lazy\" class=\"size-full wp-image-3646\" src=\"http:\/\/delamanodemaria.com\/wp-content\/uploads\/2014\/06\/Bautismo-de-Lidya.jpg\" alt=\"Celebrando la Eucarist\u00eda en un peque\u00f1o islote en medio del r\u00edo justo en el lugar en que Pablo bautiz\u00f3 a Lidia, la primera cristiana bautizada en el continente europeo (Hc 16,13-15). Una experiencia inolvidable. All\u00ed celebramos la misa de la vigilia de Pentecost\u00e9s. Foto tomada durante nuestra peregrinaci\u00f3n del 2014.\" width=\"960\" height=\"639\" srcset=\"http:\/\/delamanodemaria.com\/wp-content\/uploads\/2014\/06\/Bautismo-de-Lidya.jpg 960w, http:\/\/delamanodemaria.com\/wp-content\/uploads\/2014\/06\/Bautismo-de-Lidya-300x199.jpg 300w, http:\/\/delamanodemaria.com\/wp-content\/uploads\/2014\/06\/Bautismo-de-Lidya-450x300.jpg 450w\" sizes=\"(max-width: 960px) 100vw, 960px\" \/><p id=\"caption-attachment-3646\" class=\"wp-caption-text\">Celebrando la Eucarist\u00eda en un peque\u00f1o islote en medio del r\u00edo justo en el lugar en que Pablo bautiz\u00f3 a Lidia, la primera cristiana bautizada en el continente europeo (Hc 16,13-15). Una experiencia inolvidable. All\u00ed celebramos la misa de la vigilia de Pentecost\u00e9s. Foto tomada durante nuestra peregrinaci\u00f3n del 2014.<\/p><\/div>\n<p>La liturgia pascual contin\u00faa present\u00e1ndonos la historia de la Iglesia primitiva y su expansi\u00f3n por todo el mundo conocido, gracias a la acci\u00f3n del Esp\u00edritu Santo. La primera lectura para hoy (Hc 16,11-15), en un pasaje aparentemente sencillo, nos presenta un hecho trascendental en la historia de la Iglesia. El relato de un viaje en barco nos presenta a Pablo, ya acompa\u00f1ado por Lucas, poniendo pie y predicando por primera vez la Buena Noticia de Jes\u00fas en el continente europeo. El viaje nos muestra a Pablo llegando primero a Ne\u00e1plois, y luego a Filipos, donde permaneci\u00f3 un tiempo y fund\u00f3 la primera comunidad cristiana en Europa; comunidad a la que m\u00e1s tarde escribir\u00eda la carta que tambi\u00e9n forma parte del Nuevo Testamento. Corr\u00eda aproximadamente el a\u00f1o 50.<\/p>\n<p>Gracias a ese viaje misionero de Pablo lleg\u00f3 tambi\u00e9n el Evangelio a tierras americanas, por voz de aquellos primeros misioneros europeos que arriesgaron sus vidas cruzando el Atl\u00e1ntico para traer el mensaje de salvaci\u00f3n a estas tierras.<\/p>\n<p>Hay un dato que no quiero dejar de mencionar. Si nos fijamos, de este punto en adelante la narraci\u00f3n de los Hechos de los Ap\u00f3stoles cambia de tercera persona a primera persona (\u201czarpamos\u201d, \u201csalimos\u201d, \u201cnos detuvimos\u201d, etc.); lo que significa que desde ese momento en adelante, ya Lucas, el autor del libro, acompa\u00f1a a Pablo en sus viajes.<\/p>\n<p>En ese primer encuentro con unas mujeres que estaba orando, sobresale la figura de Lidia, una comerciante a quien \u201cel Se\u00f1or le abri\u00f3 el coraz\u00f3n para que aceptara lo que dec\u00eda Pablo\u201d. Vemos la acci\u00f3n del Esp\u00edritu abriendo caminos, ayudando a los misioneros, provey\u00e9ndoles los medios. Habiendo escuchado y aceptado el Evangelio de Nuestro Se\u00f1or Jesucristo, Lidia se hizo bautizar, e invit\u00f3 a Pablo y Lucas a hospedarse en su casa (<em>Cfr<\/em>. Lc 10,5-7).<\/p>\n<p>La lectura evang\u00e9lica (Jn 15,26 -16,4a) contin\u00faa narr\u00e1ndonos el discurso de despedida de Jes\u00fas, en el cual Jes\u00fas instruye y prepara a sus disc\u00edpulos para lo que les espera, incluyendo el martirio. Les asegura que ha de enviarles el Par\u00e1clito que dar\u00e1 testimonio de \u00c9l; y que ellos tambi\u00e9n dar\u00e1n testimonio de \u00c9l. La palabra \u201ctestimonio\u201d, seg\u00fan utilizada en el Nuevo Testamento, es sin\u00f3nimo de martirio. Dar la vida por el Evangelio es el gran Testimonio, confesar con la sangre la Verdad. Jes\u00fas les est\u00e1 diciendo de tendr\u00e1n que enfrentar el martirio: \u201cllegar\u00e1 incluso una hora cuando el que os d\u00e9 muerte pensar\u00e1 que da culto a Dios\u201d. Y les advierte que: \u201cOs he hablado de esto para que, cuando llegue la hora, os acord\u00e9is de que yo os lo hab\u00eda dicho\u201d.<\/p>\n<p>Es el Esp\u00edritu quien ha de darles las fuerzas para \u201cdar testimonio\u201d. Y mientras existan en el mundo el pecado, el ego\u00edsmo y el mal, los cristianos seremos perseguidos, humillados, ridiculizados. La mayor\u00eda de nosotros tenemos la dicha de proclamar nuestra fe en un mundo donde no tenemos que confesar la Verdad con nuestra sangre, pero ello no nos exime de la burla, la persecuci\u00f3n, a veces abierta y (la peor) a veces vedada. Desgraciadamente, todav\u00eda hoy existen aquellos que sufren el martirio por profesar su fe, como est\u00e1 ocurriendo en el Oriente medio.<\/p>\n<p>Se\u00f1or, env\u00eda tu Santo Esp\u00edritu sobre nosotros, para que tengamos la valent\u00eda y perseverancia de proclamar tu Evangelio, a tiempo y a destiempo, sin importar las consecuencias.<\/p>\n<div style=\"padding-bottom:20px; padding-top:10px;\" class=\"hupso-share-buttons\"><!-- Hupso Share Buttons - https:\/\/www.hupso.com\/share\/ --><a class=\"hupso_toolbar\" href=\"https:\/\/www.hupso.com\/share\/\"><img src=\"http:\/\/static.hupso.com\/share\/buttons\/lang\/es\/share-medium.png\" style=\"border:0px; padding-top: 5px; float:left;\" alt=\"Share Button\"\/><\/a><script type=\"text\/javascript\">var hupso_services_t=new Array(\"Twitter\",\"Facebook\",\"Google Plus\",\"Pinterest\",\"Linkedin\",\"Email\",\"Print\");var hupso_background_t=\"#EAF4FF\";var hupso_border_t=\"#66CCFF\";var hupso_toolbar_size_t=\"medium\";var hupso_image_folder_url = \"\";var hupso_twitter_via=\"hectorops\";var hupso_url_t=\"\";var hupso_title_t=\"REFLEXI%C3%93N%20PARA%20EL%20LUNES%20DE%20LA%20SEXTA%20SEMANA%20DE%20PASCUA%2002-05-16\";<\/script><script type=\"text\/javascript\" src=\"http:\/\/static.hupso.com\/share\/js\/share_toolbar.js\"><\/script><!-- Hupso Share Buttons --><\/div>","protected":false},"excerpt":{"rendered":"<p>La liturgia pascual contin\u00faa present\u00e1ndonos la historia de la Iglesia primitiva y su expansi\u00f3n por todo el mundo conocido, gracias a la acci\u00f3n del Esp\u00edritu Santo. La primera lectura para hoy (Hc 16,11-15), en un pasaje aparentemente sencillo, nos presenta &hellip; <a href=\"http:\/\/delamanodemaria.com\/?p=7110\">Continue reading <span class=\"meta-nav\">&rarr;<\/span><\/a><\/p>\n<div style=\"padding-bottom:20px; padding-top:10px;\" class=\"hupso-share-buttons\"><!-- Hupso Share Buttons - https:\/\/www.hupso.com\/share\/ --><a class=\"hupso_toolbar\" href=\"https:\/\/www.hupso.com\/share\/\"><img src=\"http:\/\/static.hupso.com\/share\/buttons\/lang\/es\/share-medium.png\" style=\"border:0px; padding-top: 5px; float:left;\" alt=\"Share Button\"\/><\/a><script type=\"text\/javascript\">var hupso_services_t=new Array(\"Twitter\",\"Facebook\",\"Google Plus\",\"Pinterest\",\"Linkedin\",\"Email\",\"Print\");var hupso_background_t=\"#EAF4FF\";var hupso_border_t=\"#66CCFF\";var hupso_toolbar_size_t=\"medium\";var hupso_image_folder_url = \"\";var hupso_twitter_via=\"hectorops\";var hupso_url_t=\"\";var hupso_title_t=\"REFLEXI%C3%93N%20PARA%20EL%20LUNES%20DE%20LA%20SEXTA%20SEMANA%20DE%20PASCUA%2002-05-16\";<\/script><script type=\"text\/javascript\" src=\"http:\/\/static.hupso.com\/share\/js\/share_toolbar.js\"><\/script><!-- Hupso Share Buttons --><\/div>","protected":false},"author":1,"featured_media":0,"comment_status":"open","ping_status":"open","sticky":false,"template":"","format":"standard","meta":{"jetpack_post_was_ever_published":false,"_jetpack_newsletter_access":"","_jetpack_newsletter_tier_id":0,"jetpack_publicize_message":"","jetpack_is_tweetstorm":false,"jetpack_publicize_feature_enabled":true,"jetpack_social_post_already_shared":true,"jetpack_social_options":{"image_generator_settings":{"template":"highway","enabled":false}}},"categories":[1],"tags":[1322,1325,29,1324,200,903,33,1323,126,111,42,317,2,127],"jetpack_publicize_connections":[],"jetpack_featured_media_url":"","jetpack_shortlink":"https:\/\/wp.me\/p3bBgS-1QG","jetpack_sharing_enabled":true,"jetpack_likes_enabled":true,"_links":{"self":[{"href":"http:\/\/delamanodemaria.com\/index.php?rest_route=\/wp\/v2\/posts\/7110"}],"collection":[{"href":"http:\/\/delamanodemaria.com\/index.php?rest_route=\/wp\/v2\/posts"}],"about":[{"href":"http:\/\/delamanodemaria.com\/index.php?rest_route=\/wp\/v2\/types\/post"}],"author":[{"embeddable":true,"href":"http:\/\/delamanodemaria.com\/index.php?rest_route=\/wp\/v2\/users\/1"}],"replies":[{"embeddable":true,"href":"http:\/\/delamanodemaria.com\/index.php?rest_route=%2Fwp%2Fv2%2Fcomments&post=7110"}],"version-history":[{"count":4,"href":"http:\/\/delamanodemaria.com\/index.php?rest_route=\/wp\/v2\/posts\/7110\/revisions"}],"predecessor-version":[{"id":7114,"href":"http:\/\/delamanodemaria.com\/index.php?rest_route=\/wp\/v2\/posts\/7110\/revisions\/7114"}],"wp:attachment":[{"href":"http:\/\/delamanodemaria.com\/index.php?rest_route=%2Fwp%2Fv2%2Fmedia&parent=7110"}],"wp:term":[{"taxonomy":"category","embeddable":true,"href":"http:\/\/delamanodemaria.com\/index.php?rest_route=%2Fwp%2Fv2%2Fcategories&post=7110"},{"taxonomy":"post_tag","embeddable":true,"href":"http:\/\/delamanodemaria.com\/index.php?rest_route=%2Fwp%2Fv2%2Ftags&post=7110"}],"curies":[{"name":"wp","href":"https:\/\/api.w.org\/{rel}","templated":true}]}}