{"id":7120,"date":"2016-05-03T22:50:43","date_gmt":"2016-05-04T02:50:43","guid":{"rendered":"http:\/\/delamanodemaria.com\/?p=7120"},"modified":"2016-05-04T16:57:02","modified_gmt":"2016-05-04T20:57:02","slug":"reflexion-para-el-miercoles-de-la-sexta-semana-de-pascua-y-memoria-del-beato-carlos-manuel-rodriguez-04-06-16","status":"publish","type":"post","link":"http:\/\/delamanodemaria.com\/?p=7120","title":{"rendered":"REFLEXI\u00d3N PARA EL MI\u00c9RCOLES DE LA SEXTA SEMANA DE PASCUA (Y MEMORIA DEL BEATO CARLOS MANUEL RODR\u00cdGUEZ) 04-05-16"},"content":{"rendered":"<p><img decoding=\"async\" loading=\"lazy\" class=\"alignnone size-full wp-image-981\" src=\"http:\/\/delamanodemaria.com\/wp-content\/uploads\/2013\/05\/Esp\u00edritu-Santo-med.jpg\" alt=\"Esp\u00edritu Santo med\" width=\"600\" height=\"313\" srcset=\"http:\/\/delamanodemaria.com\/wp-content\/uploads\/2013\/05\/Esp\u00edritu-Santo-med.jpg 600w, http:\/\/delamanodemaria.com\/wp-content\/uploads\/2013\/05\/Esp\u00edritu-Santo-med-300x156.jpg 300w, http:\/\/delamanodemaria.com\/wp-content\/uploads\/2013\/05\/Esp\u00edritu-Santo-med-500x260.jpg 500w\" sizes=\"(max-width: 600px) 100vw, 600px\" \/><\/p>\n<p>Hoy celebramos la memoria libre de nuestro primer beato puertorrique\u00f1o, Carlos Manuel (\u201cCharlie\u201d) Rodr\u00edguez. El a\u00f1o pasado publicamos su biograf\u00eda. <a href=\"http:\/\/delamanodemaria.com\/?p=5359\" target=\"_blank\">Les invitamos a leerla para conocer mejor a este cristiano ejemplar<\/a>.<\/p>\n<p>Por su parte, la liturgia Pascual contin\u00faa prepar\u00e1ndonos para la gran solemnidad de Pentecost\u00e9s a trav\u00e9s de las lecturas que nos presenta durante esta cincuentena.<\/p>\n<p>La primera (Hc 17,15.22\u201318,1) contin\u00faa mostr\u00e1ndonos la acci\u00f3n del Esp\u00edritu Santo guiando a los primeros disc\u00edpulos en la expansi\u00f3n de la Iglesia por todo el mundo greco-romamo. Ya en tierras europeas, encontramos a Pablo predicando la Buena Noticia en Atenas, en medio del Are\u00f3pago. All\u00ed, inspirado por el Esp\u00edritu Santo, aprovecha la existencia de un altar al \u201cal dios desconocido\u201d y las obras literarias atenienses para, presentarles al \u201cDios que hizo el mundo y lo que contiene, [que] es Se\u00f1or de cielo y tierra y no habita en templos construidos por hombres, ni lo sirven manos humanas; como si necesitara de alguien, \u00e9l que a todos da la vida y el aliento, y todo\u201d.<\/p>\n<p>Pablo culmina su discurso present\u00e1ndoles a Aqu\u00e9l que en el d\u00eda se\u00f1alado \u201cjuzgar\u00e1 el universo con justicia\u201d, de quien Dios ha dado prueba \u201cresucit\u00e1ndolo de entre los muertos\u201d.<\/p>\n<p>El Resucitado, aqu\u00e9l cuya victoria sobre la muerte nos abri\u00f3 el camino a nuestra resurrecci\u00f3n y a la vida eterna (\u201cy la muerte no ser\u00e1 m\u00e1s; y no habr\u00e1 m\u00e1s llanto, ni clamor, ni dolor: porque las primeras cosas son pasadas\u201d &#8211; Ap 21,4); aqu\u00e9l cuya Resurrecci\u00f3n corona la celebraci\u00f3n de la Vigilia Pascual, de la cual el Beato Charlie dijo: \u201c\u00a1Vivimos para esa Noche!\u201d<\/p>\n<p>La segunda lectura de hoy (Jn 16,12-15) nos presenta a Jes\u00fas prometi\u00e9ndonos el \u201cEsp\u00edritu de la verdad\u201d que nos va a ayudar a comprender todas aquellas verdades que por nuestra peque\u00f1ez no podemos asimilar de golpe.<\/p>\n<p>Por eso tenemos que invocar al Esp\u00edritu Santo en oraci\u00f3n para que venga sobre nosotros y nos gu\u00ede \u201chasta la verdad plena\u201d. Pero, \u00a1ojo!; no podemos olvidar que la verdad plena es una. No se trata de que el Esp\u00edritu venga a \u201crevelarnos\u201d nuevas doctrinas o nuevas \u201cverdades\u201d a cada cual. Por eso hay tantas denominaciones y sectas, cada una con su propia \u201cverdad\u201d. Debemos recordar que la misi\u00f3n del Esp\u00edritu es \u201cser memoria de Jes\u00fas\u201d, no revelarnos nada nuevo; pues la Divina Revelaci\u00f3n termin\u00f3 con la persona de Jes\u00fas.<\/p>\n<p>El Esp\u00edritu Santo descendi\u00f3 sobre el colegio apost\u00f3lico en Pentecost\u00e9s; por eso nuestra Iglesia es apost\u00f3lica, es decir, fundada sobre la doctrina de los ap\u00f3stoles, quienes a su vez transmitieron el Esp\u00edritu Santo a sus sucesores hasta nuestros d\u00edas. Eso es lo que asegura la continuidad e integridad del mensaje de Jes\u00fas. Y eso tiene nombre y apellido: El Magisterio de la Iglesia. Por eso ha permanecido fiel a las ense\u00f1anzas de los ap\u00f3stoles por casi dos mil a\u00f1os.<\/p>\n<p>Por tanto, pidamos al Esp\u00edritu Santo que se derrame sobre nosotros para poder acceder al dep\u00f3sito de la fe (constituido por la Palabra y la Santa Tradici\u00f3n) guiados por el Magisterio de la Iglesia, y llegar a la \u201cverdad plena\u201d que Jes\u00fas nos revel\u00f3.<\/p>\n<div style=\"padding-bottom:20px; padding-top:10px;\" class=\"hupso-share-buttons\"><!-- Hupso Share Buttons - https:\/\/www.hupso.com\/share\/ --><a class=\"hupso_toolbar\" href=\"https:\/\/www.hupso.com\/share\/\"><img src=\"http:\/\/static.hupso.com\/share\/buttons\/lang\/es\/share-medium.png\" style=\"border:0px; padding-top: 5px; float:left;\" alt=\"Share Button\"\/><\/a><script type=\"text\/javascript\">var hupso_services_t=new Array(\"Twitter\",\"Facebook\",\"Google Plus\",\"Pinterest\",\"Linkedin\",\"Email\",\"Print\");var hupso_background_t=\"#EAF4FF\";var hupso_border_t=\"#66CCFF\";var hupso_toolbar_size_t=\"medium\";var hupso_image_folder_url = \"\";var hupso_twitter_via=\"hectorops\";var hupso_url_t=\"\";var hupso_title_t=\"REFLEXI%C3%93N%20PARA%20EL%20MI%C3%89RCOLES%20DE%20LA%20SEXTA%20SEMANA%20DE%20PASCUA%20%28Y%20MEMORIA%20DEL%20BEATO%20CARLOS%20MANUEL%20RODR%C3%8DGUEZ%29%2004-05-16\";<\/script><script type=\"text\/javascript\" src=\"http:\/\/static.hupso.com\/share\/js\/share_toolbar.js\"><\/script><!-- Hupso Share Buttons --><\/div>","protected":false},"excerpt":{"rendered":"<p>Hoy celebramos la memoria libre de nuestro primer beato puertorrique\u00f1o, Carlos Manuel (\u201cCharlie\u201d) Rodr\u00edguez. El a\u00f1o pasado publicamos su biograf\u00eda. Les invitamos a leerla para conocer mejor a este cristiano ejemplar. Por su parte, la liturgia Pascual contin\u00faa prepar\u00e1ndonos para &hellip; <a href=\"http:\/\/delamanodemaria.com\/?p=7120\">Continue reading <span class=\"meta-nav\">&rarr;<\/span><\/a><\/p>\n<div style=\"padding-bottom:20px; padding-top:10px;\" class=\"hupso-share-buttons\"><!-- Hupso Share Buttons - https:\/\/www.hupso.com\/share\/ --><a class=\"hupso_toolbar\" href=\"https:\/\/www.hupso.com\/share\/\"><img src=\"http:\/\/static.hupso.com\/share\/buttons\/lang\/es\/share-medium.png\" style=\"border:0px; padding-top: 5px; float:left;\" alt=\"Share Button\"\/><\/a><script type=\"text\/javascript\">var hupso_services_t=new Array(\"Twitter\",\"Facebook\",\"Google Plus\",\"Pinterest\",\"Linkedin\",\"Email\",\"Print\");var hupso_background_t=\"#EAF4FF\";var hupso_border_t=\"#66CCFF\";var hupso_toolbar_size_t=\"medium\";var hupso_image_folder_url = \"\";var hupso_twitter_via=\"hectorops\";var hupso_url_t=\"\";var hupso_title_t=\"REFLEXI%C3%93N%20PARA%20EL%20MI%C3%89RCOLES%20DE%20LA%20SEXTA%20SEMANA%20DE%20PASCUA%20%28Y%20MEMORIA%20DEL%20BEATO%20CARLOS%20MANUEL%20RODR%C3%8DGUEZ%29%2004-05-16\";<\/script><script type=\"text\/javascript\" src=\"http:\/\/static.hupso.com\/share\/js\/share_toolbar.js\"><\/script><!-- Hupso Share Buttons --><\/div>","protected":false},"author":1,"featured_media":0,"comment_status":"open","ping_status":"open","sticky":false,"template":"","format":"standard","meta":{"jetpack_post_was_ever_published":false,"_jetpack_newsletter_access":"","_jetpack_newsletter_tier_id":0,"jetpack_publicize_message":"","jetpack_is_tweetstorm":false,"jetpack_publicize_feature_enabled":true,"jetpack_social_post_already_shared":true,"jetpack_social_options":{"image_generator_settings":{"template":"highway","enabled":false}}},"categories":[1],"tags":[1326,122,105,864,909,1103,547,29,96,584,1308,138,42,71,10,2,519,646,129,418,236,36,58,1266],"jetpack_publicize_connections":[],"jetpack_featured_media_url":"","jetpack_shortlink":"https:\/\/wp.me\/p3bBgS-1QQ","jetpack_sharing_enabled":true,"jetpack_likes_enabled":true,"_links":{"self":[{"href":"http:\/\/delamanodemaria.com\/index.php?rest_route=\/wp\/v2\/posts\/7120"}],"collection":[{"href":"http:\/\/delamanodemaria.com\/index.php?rest_route=\/wp\/v2\/posts"}],"about":[{"href":"http:\/\/delamanodemaria.com\/index.php?rest_route=\/wp\/v2\/types\/post"}],"author":[{"embeddable":true,"href":"http:\/\/delamanodemaria.com\/index.php?rest_route=\/wp\/v2\/users\/1"}],"replies":[{"embeddable":true,"href":"http:\/\/delamanodemaria.com\/index.php?rest_route=%2Fwp%2Fv2%2Fcomments&post=7120"}],"version-history":[{"count":5,"href":"http:\/\/delamanodemaria.com\/index.php?rest_route=\/wp\/v2\/posts\/7120\/revisions"}],"predecessor-version":[{"id":7129,"href":"http:\/\/delamanodemaria.com\/index.php?rest_route=\/wp\/v2\/posts\/7120\/revisions\/7129"}],"wp:attachment":[{"href":"http:\/\/delamanodemaria.com\/index.php?rest_route=%2Fwp%2Fv2%2Fmedia&parent=7120"}],"wp:term":[{"taxonomy":"category","embeddable":true,"href":"http:\/\/delamanodemaria.com\/index.php?rest_route=%2Fwp%2Fv2%2Fcategories&post=7120"},{"taxonomy":"post_tag","embeddable":true,"href":"http:\/\/delamanodemaria.com\/index.php?rest_route=%2Fwp%2Fv2%2Ftags&post=7120"}],"curies":[{"name":"wp","href":"https:\/\/api.w.org\/{rel}","templated":true}]}}