{"id":7125,"date":"2016-05-04T17:08:24","date_gmt":"2016-05-04T21:08:24","guid":{"rendered":"http:\/\/delamanodemaria.com\/?p=7125"},"modified":"2016-05-04T17:08:24","modified_gmt":"2016-05-04T21:08:24","slug":"reflexion-para-el-jueves-de-la-sexta-semana-de-pascua-05-05-16","status":"publish","type":"post","link":"http:\/\/delamanodemaria.com\/?p=7125","title":{"rendered":"REFLEXI\u00d3N PARA EL JUEVES DE LA SEXTA SEMANA DE PASCUA 05-05-16"},"content":{"rendered":"<p><img decoding=\"async\" loading=\"lazy\" class=\"alignnone size-full wp-image-7127\" src=\"http:\/\/delamanodemaria.com\/wp-content\/uploads\/2016\/05\/Vuestra-tristeza-se-convertir\u00e1-en-alegr\u00eda.jpg\" alt=\"Vuestra tristeza se convertir\u00e1 en alegr\u00eda\" width=\"590\" height=\"581\" srcset=\"http:\/\/delamanodemaria.com\/wp-content\/uploads\/2016\/05\/Vuestra-tristeza-se-convertir\u00e1-en-alegr\u00eda.jpg 590w, http:\/\/delamanodemaria.com\/wp-content\/uploads\/2016\/05\/Vuestra-tristeza-se-convertir\u00e1-en-alegr\u00eda-300x295.jpg 300w, http:\/\/delamanodemaria.com\/wp-content\/uploads\/2016\/05\/Vuestra-tristeza-se-convertir\u00e1-en-alegr\u00eda-305x300.jpg 305w\" sizes=\"(max-width: 590px) 100vw, 590px\" \/><\/p>\n<p>La liturgia pascual contin\u00faa narr\u00e1ndonos la misi\u00f3n evangelizadora de Pablo. En el pasaje que contempl\u00e1bamos ayer lo vimos en Atenas predicado en el are\u00f3pago. A pesar de que logr\u00f3 algunas conversiones no tuvo el \u00e9xito esperado, y la lectura de hoy (Hc 18,1-8) nos lo muestra abandonando Atenas y dirigi\u00e9ndose a Corinto.<\/p>\n<p>All\u00ed se encontr\u00f3 con Aquila y su mujer Priscila, con quienes se junt\u00f3. Contrario a lo que el Esp\u00edritu le dictaba, Pablo insist\u00eda en continuar tratando de convertir a los jud\u00edos, tal vez motivado por su formaci\u00f3n como fariseo. El fracaso de Pablo con los jud\u00edos de Corinto fue rotundo. Tan solo Crispo, el jefe de la sinagoga, se convirti\u00f3. Ante los insultos y la f\u00e9rrea oposici\u00f3n de los jud\u00edos, Pablo se sacudi\u00f3 la ropa y les dijo: \u201cVosotros sois responsables de lo que os ocurra, yo no tengo culpa. En adelante me voy con los gentiles\u201d. Y as\u00ed lo hizo.<\/p>\n<p>Pablo permaneci\u00f3 en Corinto por aproximadamente un a\u00f1o y medio, en donde logr\u00f3 muchas conversiones entre los gentiles, que conformaron una comunidad cristiana a la que luego escribir\u00eda dos cartas. Pablo pas\u00f3 muchos dolores de cabeza con esa comunidad, pero no se rindi\u00f3; continu\u00f3 predicando hasta que la semilla plantada dio fruto.<\/p>\n<p>A nosotros muchas veces nos ocurre lo mismo en medio del mundo arropado por el secularismo en que nos ha tocado vivir. Vemos que nuestra predicaci\u00f3n no rinde los frutos que esperamos o, al menos, no tan r\u00e1pido como quisi\u00e9ramos. Tal vez inclusive puede que sea otro quien coseche los frutos. Pero as\u00ed es la semilla del Reino, que se siembra y va creciendo bajo tierra, fuera de nuestra vista, hasta que el d\u00eda propicio germina y da fruto. Es ah\u00ed donde entra en juego el Esp\u00edritu Santo que nos da el don de la paciencia que nos hace madurar; madurez que nos aviva la esperanza (Rm 5,3) y nos permite seguir adelante.<\/p>\n<p>La lectura evang\u00e9lica (Jn 16,16-20) contin\u00faa narrando la sobremesa de la \u00faltima cena y el discurso de despedida de Jes\u00fas, quien sigue tratando de explicar a sus disc\u00edpulos su muerte inminente y su posterior resurrecci\u00f3n, algo que no entender\u00e1n hasta que ocurra. Jes\u00fas intenta explicarle estos misterios utilizando una especie de juego de palabras: \u201cDentro de poco ya no me ver\u00e9is, pero poco m\u00e1s tarde me volver\u00e9is a ver\u201d. Como no comprenden, trata de explic\u00e1rselos de otra manera: \u201cPues s\u00ed, os aseguro que llorar\u00e9is y os lamentar\u00e9is vosotros, mientras el mundo estar\u00e1 alegre; vosotros estar\u00e9is tristes, pero vuestra tristeza se convertir\u00e1 en alegr\u00eda\u201d.<\/p>\n<p>Los disc\u00edpulos no entend\u00edan en aquel momento que Jes\u00fas ten\u00eda que morir y luego resucitar, para con su muerte y resurrecci\u00f3n abrirnos las puertas a la vida eterna. Antes de la \u00faltima cena se los hab\u00eda dicho y tampoco lo hab\u00edan comprendido: \u201cLes aseguro que si el grano de trigo que cae en la tierra no muere, queda solo; pero si muere, da mucho fruto\u201d (Jn 12,24).<\/p>\n<p>\u00a1Cu\u00e1ntas veces en nuestras vidas no podemos \u201cver\u201d a Jes\u00fas en medio de la oscuridad que nos rodea! \u00a1Cu\u00e1ntas veces sentimos ese vac\u00edo, esa ausencia! Pero cuando tenemos la certeza de que si perseveramos en la oraci\u00f3n, \u201cdentro de poco\u201d volveremos a verlo y \u201cnuestra tristeza se convertir\u00e1 en alegr\u00eda\u201d, nos sentimos consolados. Para eso tenemos que creer en Jes\u00fas y creerle a Jes\u00fas. Porque para \u00c9l no hay desierto ni abismo que no pueda conquistar.<\/p>\n<div style=\"padding-bottom:20px; padding-top:10px;\" class=\"hupso-share-buttons\"><!-- Hupso Share Buttons - https:\/\/www.hupso.com\/share\/ --><a class=\"hupso_toolbar\" href=\"https:\/\/www.hupso.com\/share\/\"><img src=\"http:\/\/static.hupso.com\/share\/buttons\/lang\/es\/share-medium.png\" style=\"border:0px; padding-top: 5px; float:left;\" alt=\"Share Button\"\/><\/a><script type=\"text\/javascript\">var hupso_services_t=new Array(\"Twitter\",\"Facebook\",\"Google Plus\",\"Pinterest\",\"Linkedin\",\"Email\",\"Print\");var hupso_background_t=\"#EAF4FF\";var hupso_border_t=\"#66CCFF\";var hupso_toolbar_size_t=\"medium\";var hupso_image_folder_url = \"\";var hupso_twitter_via=\"hectorops\";var hupso_url_t=\"\";var hupso_title_t=\"REFLEXI%C3%93N%20PARA%20EL%20JUEVES%20DE%20LA%20SEXTA%20SEMANA%20DE%20PASCUA%2005-05-16\";<\/script><script type=\"text\/javascript\" src=\"http:\/\/static.hupso.com\/share\/js\/share_toolbar.js\"><\/script><!-- Hupso Share Buttons --><\/div>","protected":false},"excerpt":{"rendered":"<p>La liturgia pascual contin\u00faa narr\u00e1ndonos la misi\u00f3n evangelizadora de Pablo. En el pasaje que contempl\u00e1bamos ayer lo vimos en Atenas predicado en el are\u00f3pago. A pesar de que logr\u00f3 algunas conversiones no tuvo el \u00e9xito esperado, y la lectura de &hellip; <a href=\"http:\/\/delamanodemaria.com\/?p=7125\">Continue reading <span class=\"meta-nav\">&rarr;<\/span><\/a><\/p>\n<div style=\"padding-bottom:20px; padding-top:10px;\" class=\"hupso-share-buttons\"><!-- Hupso Share Buttons - https:\/\/www.hupso.com\/share\/ --><a class=\"hupso_toolbar\" href=\"https:\/\/www.hupso.com\/share\/\"><img src=\"http:\/\/static.hupso.com\/share\/buttons\/lang\/es\/share-medium.png\" style=\"border:0px; padding-top: 5px; float:left;\" alt=\"Share Button\"\/><\/a><script type=\"text\/javascript\">var hupso_services_t=new Array(\"Twitter\",\"Facebook\",\"Google Plus\",\"Pinterest\",\"Linkedin\",\"Email\",\"Print\");var hupso_background_t=\"#EAF4FF\";var hupso_border_t=\"#66CCFF\";var hupso_toolbar_size_t=\"medium\";var hupso_image_folder_url = \"\";var hupso_twitter_via=\"hectorops\";var hupso_url_t=\"\";var hupso_title_t=\"REFLEXI%C3%93N%20PARA%20EL%20JUEVES%20DE%20LA%20SEXTA%20SEMANA%20DE%20PASCUA%2005-05-16\";<\/script><script type=\"text\/javascript\" src=\"http:\/\/static.hupso.com\/share\/js\/share_toolbar.js\"><\/script><!-- Hupso Share Buttons --><\/div>","protected":false},"author":1,"featured_media":0,"comment_status":"open","ping_status":"open","sticky":false,"template":"","format":"standard","meta":{"jetpack_post_was_ever_published":false,"_jetpack_newsletter_access":"","_jetpack_newsletter_tier_id":0,"jetpack_publicize_message":"","jetpack_is_tweetstorm":false,"jetpack_publicize_feature_enabled":true,"jetpack_social_post_already_shared":true,"jetpack_social_options":{"image_generator_settings":{"template":"highway","enabled":false}}},"categories":[1],"tags":[550,1310,1287,137,42,10,2,1327,463],"jetpack_publicize_connections":[],"jetpack_featured_media_url":"","jetpack_shortlink":"https:\/\/wp.me\/p3bBgS-1QV","jetpack_sharing_enabled":true,"jetpack_likes_enabled":true,"_links":{"self":[{"href":"http:\/\/delamanodemaria.com\/index.php?rest_route=\/wp\/v2\/posts\/7125"}],"collection":[{"href":"http:\/\/delamanodemaria.com\/index.php?rest_route=\/wp\/v2\/posts"}],"about":[{"href":"http:\/\/delamanodemaria.com\/index.php?rest_route=\/wp\/v2\/types\/post"}],"author":[{"embeddable":true,"href":"http:\/\/delamanodemaria.com\/index.php?rest_route=\/wp\/v2\/users\/1"}],"replies":[{"embeddable":true,"href":"http:\/\/delamanodemaria.com\/index.php?rest_route=%2Fwp%2Fv2%2Fcomments&post=7125"}],"version-history":[{"count":3,"href":"http:\/\/delamanodemaria.com\/index.php?rest_route=\/wp\/v2\/posts\/7125\/revisions"}],"predecessor-version":[{"id":7130,"href":"http:\/\/delamanodemaria.com\/index.php?rest_route=\/wp\/v2\/posts\/7125\/revisions\/7130"}],"wp:attachment":[{"href":"http:\/\/delamanodemaria.com\/index.php?rest_route=%2Fwp%2Fv2%2Fmedia&parent=7125"}],"wp:term":[{"taxonomy":"category","embeddable":true,"href":"http:\/\/delamanodemaria.com\/index.php?rest_route=%2Fwp%2Fv2%2Fcategories&post=7125"},{"taxonomy":"post_tag","embeddable":true,"href":"http:\/\/delamanodemaria.com\/index.php?rest_route=%2Fwp%2Fv2%2Ftags&post=7125"}],"curies":[{"name":"wp","href":"https:\/\/api.w.org\/{rel}","templated":true}]}}