{"id":7188,"date":"2016-05-15T19:22:42","date_gmt":"2016-05-15T23:22:42","guid":{"rendered":"http:\/\/delamanodemaria.com\/?p=7188"},"modified":"2016-05-15T19:22:42","modified_gmt":"2016-05-15T23:22:42","slug":"reflexion-para-el-lunes-de-la-septima-semana-del-t-o-2-16-05-16","status":"publish","type":"post","link":"http:\/\/delamanodemaria.com\/?p=7188","title":{"rendered":"REFLEXI\u00d3N PARA EL LUNES DE LA S\u00c9PTIMA SEMANA DEL T.O. (2) 16-05-16"},"content":{"rendered":"<p><img decoding=\"async\" loading=\"lazy\" class=\"alignnone size-full wp-image-7190\" src=\"http:\/\/delamanodemaria.com\/wp-content\/uploads\/2016\/05\/endemoniado-epileptico.jpg\" alt=\"endemoniado epileptico\" width=\"600\" height=\"450\" srcset=\"http:\/\/delamanodemaria.com\/wp-content\/uploads\/2016\/05\/endemoniado-epileptico.jpg 600w, http:\/\/delamanodemaria.com\/wp-content\/uploads\/2016\/05\/endemoniado-epileptico-300x225.jpg 300w, http:\/\/delamanodemaria.com\/wp-content\/uploads\/2016\/05\/endemoniado-epileptico-400x300.jpg 400w\" sizes=\"(max-width: 600px) 100vw, 600px\" \/><\/p>\n<p>Hoy retomamos el tiempo ordinario del ciclo lit\u00fargico, y la lectura evang\u00e9lica que contemplamos (Mc 9,14-29) nos narra el pasaje de la \u201ccuraci\u00f3n del endemoniado epil\u00e9ptico\u201d, llamado as\u00ed porque a pesar de que en el pasaje se habla de que el joven estaba pose\u00eddo por un esp\u00edritu inmundo, la descripci\u00f3n de los efectos de la \u201cposesi\u00f3n\u201d apuntan a un episodio de epilepsia. Recordemos que en aqu\u00e9l tiempo, toda condici\u00f3n similar que no tuviera explicaci\u00f3n se la atribu\u00edan a los esp\u00edritus inmundos o demonios. De todos modos, epilepsia o posesi\u00f3n, el hecho es que Jes\u00fas cur\u00f3 al joven.<\/p>\n<p>Jes\u00fas llega y se encuentra con el padre del joven, quien le explica que sus disc\u00edpulos no han sido capaces de echar el esp\u00edritu. Jes\u00fas se molesta e increpa a sus disc\u00edpulos: \u201c\u00a1Gente sin fe! \u00bfHasta cu\u00e1ndo estar\u00e9 con vosotros? \u00bfHasta cu\u00e1ndo os tendr\u00e9 que soportar? Tra\u00e9dmelo\u201d. Le llevaron al joven, y tan pronto el esp\u00edritu \u201cvio a Jes\u00fas, retorci\u00f3 al ni\u00f1o; cay\u00f3 por tierra y se revolcaba, echando espumarajos\u201d. En ese momento el padre se desespera (trato de imaginar la angustia del padre) y le suplica a Jes\u00fas que lo ayude: \u201cSi algo puedes, ten l\u00e1stima de nosotros y ay\u00fadanos\u201d. A lo que Jes\u00fas replic\u00f3: \u201c\u00bfSi puedo? Todo es posible al que tiene fe\u201d.<\/p>\n<p>Luego de un intercambio entre Jes\u00fas y el padre, en el que el \u00faltimo le confiesa su fe d\u00e9bil, Jes\u00fas increp\u00f3 al esp\u00edritu inmundo y \u00e9ste sali\u00f3 del joven. Imagino la verg\u00fcenza de los disc\u00edpulos ante su fracaso estrepitoso enfrente de los presentes. A la primera oportunidad que tuvieron a solas con Jes\u00fas le preguntaron: \u201c\u00bfPor qu\u00e9 no pudimos echarlo nosotros?\u201d. La contestaci\u00f3n de Jes\u00fas fue tajante: \u201cEsta especie s\u00f3lo puede salir con oraci\u00f3n y ayuno\u201d.<\/p>\n<p>Jes\u00fas confi\u00f3 su \u201csecreto\u201d a los disc\u00edpulos. Jes\u00fas era una persona de oraci\u00f3n constante, vivi\u00f3 toda su vida terrena en un ambiente de oraci\u00f3n. Los relatos evang\u00e9licos lo muestran constantemente retir\u00e1ndose a orar (a veces pasaba la noche entera en oraci\u00f3n), u orando en p\u00fablico. Invocaba la ayuda de lo alto, y el Esp\u00edritu de Dios (Esp\u00edritu Santo) le arropaba y le daba fuerzas para seguir adelante en su misi\u00f3n y realizar todos los milagros y portentos que vemos en los evangelios. Por eso la oraci\u00f3n se considera el arma o instrumento que toma el primer plano en el combate espiritual contra las fuerzas del mal.<\/p>\n<p>Antes de partir Jes\u00fas nos dijo que los que crey\u00e9ramos en \u00c9l tendr\u00edamos poder para echar demonios, curar enfermos, etc. (<em>Cfr<\/em>. Mc 16,17). Y si creemos en \u00c9l y le creemos, seguiremos sus pasos, y eso incluye ser personas de oraci\u00f3n. Para eso nos dej\u00f3 el Esp\u00edritu Santo. El Esp\u00edritu que nos ayuda a llamar \u201cPadre\u201d a Dios, nos dar\u00e1 tambi\u00e9n la fuerza para echar demonios. Pero para eso tenemos que invocarlo con fe, el tipo de fe que nos lleva a actuar como si ya se nos hubiese concedido lo que pedimos al Padre, como lo hizo Jes\u00fas al resucitar a L\u00e1zaro (<em>Cfr<\/em>. Jn 11,41).<\/p>\n<p>Hoy te invito a desarrollar una relaci\u00f3n \u00edntima con el Esp\u00edritu Santo, y ver\u00e1s los portentos que puedes realizar. Y, \u00bfc\u00f3mo lograr esa relaci\u00f3n? Jes\u00fas te confi\u00f3 su secreto: la oraci\u00f3n.<\/p>\n<div style=\"padding-bottom:20px; padding-top:10px;\" class=\"hupso-share-buttons\"><!-- Hupso Share Buttons - https:\/\/www.hupso.com\/share\/ --><a class=\"hupso_toolbar\" href=\"https:\/\/www.hupso.com\/share\/\"><img src=\"http:\/\/static.hupso.com\/share\/buttons\/lang\/es\/share-medium.png\" style=\"border:0px; padding-top: 5px; float:left;\" alt=\"Share Button\"\/><\/a><script type=\"text\/javascript\">var hupso_services_t=new Array(\"Twitter\",\"Facebook\",\"Google Plus\",\"Pinterest\",\"Linkedin\",\"Email\",\"Print\");var hupso_background_t=\"#EAF4FF\";var hupso_border_t=\"#66CCFF\";var hupso_toolbar_size_t=\"medium\";var hupso_image_folder_url = \"\";var hupso_twitter_via=\"hectorops\";var hupso_url_t=\"\";var hupso_title_t=\"REFLEXI%C3%93N%20PARA%20EL%20LUNES%20DE%20LA%20S%C3%89PTIMA%20SEMANA%20DEL%20T.O.%20%282%29%2016-05-16\";<\/script><script type=\"text\/javascript\" src=\"http:\/\/static.hupso.com\/share\/js\/share_toolbar.js\"><\/script><!-- Hupso Share Buttons --><\/div>","protected":false},"excerpt":{"rendered":"<p>Hoy retomamos el tiempo ordinario del ciclo lit\u00fargico, y la lectura evang\u00e9lica que contemplamos (Mc 9,14-29) nos narra el pasaje de la \u201ccuraci\u00f3n del endemoniado epil\u00e9ptico\u201d, llamado as\u00ed porque a pesar de que en el pasaje se habla de que &hellip; <a href=\"http:\/\/delamanodemaria.com\/?p=7188\">Continue reading <span class=\"meta-nav\">&rarr;<\/span><\/a><\/p>\n<div style=\"padding-bottom:20px; padding-top:10px;\" class=\"hupso-share-buttons\"><!-- Hupso Share Buttons - https:\/\/www.hupso.com\/share\/ --><a class=\"hupso_toolbar\" href=\"https:\/\/www.hupso.com\/share\/\"><img src=\"http:\/\/static.hupso.com\/share\/buttons\/lang\/es\/share-medium.png\" style=\"border:0px; padding-top: 5px; float:left;\" alt=\"Share Button\"\/><\/a><script type=\"text\/javascript\">var hupso_services_t=new Array(\"Twitter\",\"Facebook\",\"Google Plus\",\"Pinterest\",\"Linkedin\",\"Email\",\"Print\");var hupso_background_t=\"#EAF4FF\";var hupso_border_t=\"#66CCFF\";var hupso_toolbar_size_t=\"medium\";var hupso_image_folder_url = \"\";var hupso_twitter_via=\"hectorops\";var hupso_url_t=\"\";var hupso_title_t=\"REFLEXI%C3%93N%20PARA%20EL%20LUNES%20DE%20LA%20S%C3%89PTIMA%20SEMANA%20DEL%20T.O.%20%282%29%2016-05-16\";<\/script><script type=\"text\/javascript\" src=\"http:\/\/static.hupso.com\/share\/js\/share_toolbar.js\"><\/script><!-- Hupso Share Buttons --><\/div>","protected":false},"author":1,"featured_media":0,"comment_status":"open","ping_status":"open","sticky":false,"template":"","format":"standard","meta":{"jetpack_post_was_ever_published":false,"_jetpack_newsletter_access":"","_jetpack_newsletter_tier_id":0,"jetpack_publicize_message":"","jetpack_is_tweetstorm":false,"jetpack_publicize_feature_enabled":true,"jetpack_social_post_already_shared":true,"jetpack_social_options":{"image_generator_settings":{"template":"highway","enabled":false}}},"categories":[1],"tags":[586,192,1352,1170,70,299,1351,29,22,27,130,834,2,722],"jetpack_publicize_connections":[],"jetpack_featured_media_url":"","jetpack_shortlink":"https:\/\/wp.me\/p3bBgS-1RW","jetpack_sharing_enabled":true,"jetpack_likes_enabled":true,"_links":{"self":[{"href":"http:\/\/delamanodemaria.com\/index.php?rest_route=\/wp\/v2\/posts\/7188"}],"collection":[{"href":"http:\/\/delamanodemaria.com\/index.php?rest_route=\/wp\/v2\/posts"}],"about":[{"href":"http:\/\/delamanodemaria.com\/index.php?rest_route=\/wp\/v2\/types\/post"}],"author":[{"embeddable":true,"href":"http:\/\/delamanodemaria.com\/index.php?rest_route=\/wp\/v2\/users\/1"}],"replies":[{"embeddable":true,"href":"http:\/\/delamanodemaria.com\/index.php?rest_route=%2Fwp%2Fv2%2Fcomments&post=7188"}],"version-history":[{"count":2,"href":"http:\/\/delamanodemaria.com\/index.php?rest_route=\/wp\/v2\/posts\/7188\/revisions"}],"predecessor-version":[{"id":7191,"href":"http:\/\/delamanodemaria.com\/index.php?rest_route=\/wp\/v2\/posts\/7188\/revisions\/7191"}],"wp:attachment":[{"href":"http:\/\/delamanodemaria.com\/index.php?rest_route=%2Fwp%2Fv2%2Fmedia&parent=7188"}],"wp:term":[{"taxonomy":"category","embeddable":true,"href":"http:\/\/delamanodemaria.com\/index.php?rest_route=%2Fwp%2Fv2%2Fcategories&post=7188"},{"taxonomy":"post_tag","embeddable":true,"href":"http:\/\/delamanodemaria.com\/index.php?rest_route=%2Fwp%2Fv2%2Ftags&post=7188"}],"curies":[{"name":"wp","href":"https:\/\/api.w.org\/{rel}","templated":true}]}}