{"id":7199,"date":"2016-05-17T19:39:45","date_gmt":"2016-05-17T23:39:45","guid":{"rendered":"http:\/\/delamanodemaria.com\/?p=7199"},"modified":"2016-05-17T19:41:13","modified_gmt":"2016-05-17T23:41:13","slug":"reflexion-para-el-miercoles-de-la-septima-semana-del-t-o-2-18-05-16","status":"publish","type":"post","link":"http:\/\/delamanodemaria.com\/?p=7199","title":{"rendered":"REFLEXI\u00d3N PARA EL MI\u00c9RCOLES DE LA S\u00c9PTIMA SEMANA DEL T.O. (2) 18-05-16"},"content":{"rendered":"<p><img decoding=\"async\" loading=\"lazy\" class=\"alignnone size-full wp-image-1754\" src=\"http:\/\/delamanodemaria.com\/wp-content\/uploads\/2013\/08\/el-pan-de-la-unidad.jpg\" alt=\"el-pan-de-la-unidad\" width=\"599\" height=\"253\" srcset=\"http:\/\/delamanodemaria.com\/wp-content\/uploads\/2013\/08\/el-pan-de-la-unidad.jpg 599w, http:\/\/delamanodemaria.com\/wp-content\/uploads\/2013\/08\/el-pan-de-la-unidad-300x126.jpg 300w, http:\/\/delamanodemaria.com\/wp-content\/uploads\/2013\/08\/el-pan-de-la-unidad-500x211.jpg 500w\" sizes=\"(max-width: 599px) 100vw, 599px\" \/><\/p>\n<p>El ego\u00edsmo, el protagonismo, la mezquindad, se repiten a lo largo de la historia, y los que pretendemos seguir al Se\u00f1or no somos la excepci\u00f3n. Y la lectura evang\u00e9lica que nos brinda la liturgia para hoy (Mc 9,38-40), es un vivo ejemplo de ello. Nada menos que Juan, \u201cel disc\u00edpulo amado\u201d, le dice a Jes\u00fas: \u201cMaestro, hemos visto a uno que echaba demonios en tu nombre, y se lo hemos querido impedir, porque no es de los nuestros\u201d. \u201cNo es de los nuestros\u2026\u201d \u00bfPodemos pensar en una frase m\u00e1s ego\u00edsta, m\u00e1s excluyente, m\u00e1s discriminatoria, m\u00e1s \u201cclasista\u201d, m\u00e1s divisoria que esa? \u00bfD\u00f3nde qued\u00f3 aquello de \u201cen esto todos reconocer\u00e1n que ustedes son mis disc\u00edpulos: en el amor que se tengan los unos a los otros\u201d (Jn 13,35)?<\/p>\n<p>Hoy d\u00eda no es diferente. \u00bfCu\u00e1ntas veces vemos esas divisiones, esas distinciones, entre los diversos grupos o movimientos dentro de una misma parroquia, e inclusive dentro de un mismo grupo o movimiento? \u00bfCu\u00e1ntos celos entre feligreses porque alguien que \u201cacaba de llegar\u201d puede y hace algo igual o mejor que los que lo han venido haciendo hasta ahora, y pretendemos excluirlo porque \u201cno es de los nuestros\u201d? \u00a1Cu\u00e1nto resentimiento, cu\u00e1nto \u201cchisme\u201d porque el p\u00e1rroco, o el di\u00e1cono, o el director del movimiento le encomend\u00f3 a otro feligr\u00e9s alguna tarea o funci\u00f3n que \u201ces m\u00eda\u201d!<\/p>\n<p>La respuesta de Jes\u00fas a Juan (y a nosotros) no se hace esperar: \u201cNo se lo impid\u00e1is, porque uno que hace milagros en mi nombre no puede luego hablar mal de m\u00ed. El que no est\u00e1 contra nosotros est\u00e1 a favor nuestro\u201d. Si estamos actuando en nombre de Jes\u00fas, \u00bfc\u00f3mo podemos estar en contra de que otros lo hagan? \u00bfAcaso pretendemos tener el monopolio de la persona y el nombre de Jes\u00fas?<\/p>\n<p>A veces se nos olvida que el Esp\u00edritu reparte sus carismas seg\u00fan lo estima necesario para el funcionamiento de la Iglesia, que no es otra cosa que el pueblo santo de Dios reunido en su nombre. \u00bfQui\u00e9nes somos nosotros para dictar a qui\u00e9n o qui\u00e9nes el Esp\u00edritu reparte sus carismas?<\/p>\n<p>\u00a1Ojal\u00e1 todos tuvieran el carisma de profetizar, o de hablar en lenguas, o de interpretarlas, o de ense\u00f1ar, o de la oraci\u00f3n, o de hacer milagros, o de tantos otros m\u00faltiples carismas que el Esp\u00edritu pueda estimar necesarios para el buen funcionamiento del Cuerpo m\u00edstico de Cristo!<\/p>\n<p>Pidamos al Se\u00f1or que derrame su Esp\u00edritu sobre toda su Santa Iglesia, y alegr\u00e9monos cuando veamos a nuestros hermanos desarrollar los carismas que ese Esp\u00edritu ha dado a cada cual y ponerlos al servicio del Pueblo de Dios.<\/p>\n<p>Sin adelantar juicios que en este espacio limitado no podemos abordar, este pasaje tambi\u00e9n debe llevarnos a reflexionar sobre el papel de aquellas otras confesiones cristianas que con pleno convencimiento y de buena fe predican, en nombre de Jes\u00fas, el mensaje de la Buena Noticia del Reino. \u00bfSe lo vamos a impedir porque no son \u201cde los nuestros? \u201c\u2026para que todos sean uno. Como t\u00fa, Padre, en m\u00ed y yo en ti, que ellos tambi\u00e9n sean uno en nosotros, para que el mundo crea que t\u00fa me has enviado\u201d (Jn 17,21).<\/p>\n<div style=\"padding-bottom:20px; padding-top:10px;\" class=\"hupso-share-buttons\"><!-- Hupso Share Buttons - https:\/\/www.hupso.com\/share\/ --><a class=\"hupso_toolbar\" href=\"https:\/\/www.hupso.com\/share\/\"><img src=\"http:\/\/static.hupso.com\/share\/buttons\/lang\/es\/share-medium.png\" style=\"border:0px; padding-top: 5px; float:left;\" alt=\"Share Button\"\/><\/a><script type=\"text\/javascript\">var hupso_services_t=new Array(\"Twitter\",\"Facebook\",\"Google Plus\",\"Pinterest\",\"Linkedin\",\"Email\",\"Print\");var hupso_background_t=\"#EAF4FF\";var hupso_border_t=\"#66CCFF\";var hupso_toolbar_size_t=\"medium\";var hupso_image_folder_url = \"\";var hupso_twitter_via=\"hectorops\";var hupso_url_t=\"\";var hupso_title_t=\"REFLEXI%C3%93N%20PARA%20EL%20MI%C3%89RCOLES%20DE%20LA%20S%C3%89PTIMA%20SEMANA%20DEL%20T.O.%20%282%29%2018-05-16\";<\/script><script type=\"text\/javascript\" src=\"http:\/\/static.hupso.com\/share\/js\/share_toolbar.js\"><\/script><!-- Hupso Share Buttons --><\/div>","protected":false},"excerpt":{"rendered":"<p>El ego\u00edsmo, el protagonismo, la mezquindad, se repiten a lo largo de la historia, y los que pretendemos seguir al Se\u00f1or no somos la excepci\u00f3n. Y la lectura evang\u00e9lica que nos brinda la liturgia para hoy (Mc 9,38-40), es un &hellip; <a href=\"http:\/\/delamanodemaria.com\/?p=7199\">Continue reading <span class=\"meta-nav\">&rarr;<\/span><\/a><\/p>\n<div style=\"padding-bottom:20px; padding-top:10px;\" class=\"hupso-share-buttons\"><!-- Hupso Share Buttons - https:\/\/www.hupso.com\/share\/ --><a class=\"hupso_toolbar\" href=\"https:\/\/www.hupso.com\/share\/\"><img src=\"http:\/\/static.hupso.com\/share\/buttons\/lang\/es\/share-medium.png\" style=\"border:0px; padding-top: 5px; float:left;\" alt=\"Share Button\"\/><\/a><script type=\"text\/javascript\">var hupso_services_t=new Array(\"Twitter\",\"Facebook\",\"Google Plus\",\"Pinterest\",\"Linkedin\",\"Email\",\"Print\");var hupso_background_t=\"#EAF4FF\";var hupso_border_t=\"#66CCFF\";var hupso_toolbar_size_t=\"medium\";var hupso_image_folder_url = \"\";var hupso_twitter_via=\"hectorops\";var hupso_url_t=\"\";var hupso_title_t=\"REFLEXI%C3%93N%20PARA%20EL%20MI%C3%89RCOLES%20DE%20LA%20S%C3%89PTIMA%20SEMANA%20DEL%20T.O.%20%282%29%2018-05-16\";<\/script><script type=\"text\/javascript\" src=\"http:\/\/static.hupso.com\/share\/js\/share_toolbar.js\"><\/script><!-- Hupso Share Buttons --><\/div>","protected":false},"author":1,"featured_media":0,"comment_status":"open","ping_status":"open","sticky":false,"template":"","format":"standard","meta":{"jetpack_post_was_ever_published":false,"_jetpack_newsletter_access":"","_jetpack_newsletter_tier_id":0,"jetpack_publicize_message":"","jetpack_is_tweetstorm":false,"jetpack_publicize_feature_enabled":true,"jetpack_social_post_already_shared":true,"jetpack_social_options":{"image_generator_settings":{"template":"highway","enabled":false}}},"categories":[1],"tags":[105,149,848,465,299,29,96,139,27,2,97],"jetpack_publicize_connections":[],"jetpack_featured_media_url":"","jetpack_shortlink":"https:\/\/wp.me\/p3bBgS-1S7","jetpack_sharing_enabled":true,"jetpack_likes_enabled":true,"_links":{"self":[{"href":"http:\/\/delamanodemaria.com\/index.php?rest_route=\/wp\/v2\/posts\/7199"}],"collection":[{"href":"http:\/\/delamanodemaria.com\/index.php?rest_route=\/wp\/v2\/posts"}],"about":[{"href":"http:\/\/delamanodemaria.com\/index.php?rest_route=\/wp\/v2\/types\/post"}],"author":[{"embeddable":true,"href":"http:\/\/delamanodemaria.com\/index.php?rest_route=\/wp\/v2\/users\/1"}],"replies":[{"embeddable":true,"href":"http:\/\/delamanodemaria.com\/index.php?rest_route=%2Fwp%2Fv2%2Fcomments&post=7199"}],"version-history":[{"count":2,"href":"http:\/\/delamanodemaria.com\/index.php?rest_route=\/wp\/v2\/posts\/7199\/revisions"}],"predecessor-version":[{"id":7201,"href":"http:\/\/delamanodemaria.com\/index.php?rest_route=\/wp\/v2\/posts\/7199\/revisions\/7201"}],"wp:attachment":[{"href":"http:\/\/delamanodemaria.com\/index.php?rest_route=%2Fwp%2Fv2%2Fmedia&parent=7199"}],"wp:term":[{"taxonomy":"category","embeddable":true,"href":"http:\/\/delamanodemaria.com\/index.php?rest_route=%2Fwp%2Fv2%2Fcategories&post=7199"},{"taxonomy":"post_tag","embeddable":true,"href":"http:\/\/delamanodemaria.com\/index.php?rest_route=%2Fwp%2Fv2%2Ftags&post=7199"}],"curies":[{"name":"wp","href":"https:\/\/api.w.org\/{rel}","templated":true}]}}