{"id":7226,"date":"2016-05-21T16:42:06","date_gmt":"2016-05-21T20:42:06","guid":{"rendered":"http:\/\/delamanodemaria.com\/?p=7226"},"modified":"2016-05-21T16:45:31","modified_gmt":"2016-05-21T20:45:31","slug":"reflexion-para-la-solemnidad-de-la-santisima-trinidad-22-05-16","status":"publish","type":"post","link":"http:\/\/delamanodemaria.com\/?p=7226","title":{"rendered":"REFLEXI\u00d3N PARA LA SOLEMNIDAD DE LA SANT\u00cdSIMA TRINIDAD 22-05-16"},"content":{"rendered":"<p><img decoding=\"async\" loading=\"lazy\" class=\"alignnone size-full wp-image-1102\" src=\"http:\/\/delamanodemaria.com\/wp-content\/uploads\/2013\/05\/Santisima-Trinidad-2.jpg\" alt=\"Santisima Trinidad 2\" width=\"750\" height=\"694\" srcset=\"http:\/\/delamanodemaria.com\/wp-content\/uploads\/2013\/05\/Santisima-Trinidad-2.jpg 750w, http:\/\/delamanodemaria.com\/wp-content\/uploads\/2013\/05\/Santisima-Trinidad-2-300x277.jpg 300w, http:\/\/delamanodemaria.com\/wp-content\/uploads\/2013\/05\/Santisima-Trinidad-2-324x300.jpg 324w\" sizes=\"(max-width: 750px) 100vw, 750px\" \/><\/p>\n<p>Hoy celebramos la solemnidad de la Sant\u00edsima Trinidad, ese misterio insondable del Dios Uno y Trino. Un solo Dios, tres personas divinas. Y la liturgia nos presenta la misma lectura evang\u00e9lica que contemplamos el <a href=\"http:\/\/delamanodemaria.com\/?p=7120\" target=\"_blank\">mi\u00e9rcoles de la sexta semana de Pascua<\/a> (Jn 16,12-15).<\/p>\n<p>En ese momento en que nos prepar\u00e1bamos para la solemnidad de Pentecost\u00e9s, nuestra mirada estaba centrada en la tercera Persona de la Sant\u00edsima Trinidad, el Esp\u00edritu Santo consolador que los ap\u00f3stoles recibir\u00edan reunidos en torno a Mar\u00eda, la madre de Jes\u00fas y madre nuestra.<\/p>\n<p>La solemnidad que celebramos hoy nos recuerda que ese Esp\u00edritu es Uno con el Padre y el Hijo, y nos remite a ellos, pues el Esp\u00edritu es el amor de Dios que ha sido derramado en nuestros corazones (ver segunda lectura de hoy: Rm 5,1-15).<\/p>\n<p>Y podemos participar de esa vida eterna gracias a ese amor entre el Padre y el Hijo que se derrama sobre nosotros en la forma del Esp\u00edritu Santo. Por eso recitamos en el Credo Niceno-Constantinopolitano: \u201cCreemos en el Esp\u00edritu Santo, Se\u00f1or y dador de vida, que procede del Padre y del Hijo, que con el Padre y el Hijo recibe una misma adoraci\u00f3n y gloria\u201d. El Padre ama al Hijo con amor infinito y el Hijo ama al Padre de igual modo; y ese amor que se genera entre ellos es el Esp\u00edritu de la Verdad que se derrama sobre nosotros y nos conduce a la Verdad plena, que es el amor incondicional de Dios.<\/p>\n<p>Ese Esp\u00edritu que nos conduce a la plenitud del Amor es el que nos permite sentirnos seguros al llevar a cabo la misi\u00f3n que Jes\u00fas nos encomend\u00f3. \u201cM\u00e1s a\u00fan, nos gloriamos hasta de las mismas tribulaciones, porque sabemos que la tribulaci\u00f3n produce la constancia; la constancia, la virtud probada; la virtud probada, la esperanza. Y la esperanza no quedar\u00e1 defraudada, porque el amor de Dios ha sido derramado en nuestros corazones por el Esp\u00edritu Santo, que nos ha sido dado\u201d (Rm 5,3-5).<\/p>\n<p>Jes\u00fas nos asegura, adem\u00e1s, que lo que el Esp\u00edritu nos comunique en ese coloquio amoroso \u201cno ser\u00e1 suyo: hablar\u00e1 de lo que oye y [nos] comunicar\u00e1 lo que est\u00e1 por venir\u201d. Por eso el Esp\u00edritu le glorificar\u00e1, porque ser\u00e1 de \u00c9l que reciba todo lo que nos ha de revelar. Es decir, que el Esp\u00edritu nos ha de conducir al conocimiento de la Verdad plena que se ha manifestado en la persona de Jes\u00fas. Y el que conoce a Jes\u00fas, conoce al Padre (Jn 14,7).<\/p>\n<p>De este modo, en esta acci\u00f3n del Esp\u00edritu Santo se nos revela, no solo el amor de Dios, sino la plenitud de la Trinidad. Solo a trav\u00e9s de una comunicaci\u00f3n plena en la oraci\u00f3n, que trasciende todo ejercicio intelectual, podemos acercarnos al misterio del Dios Uno y Trino que se nos revela en el Esp\u00edritu que nos permite clamar \u00a1Abba! al Padre (Rm 8,15), junto al Hijo.<\/p>\n<div style=\"padding-bottom:20px; padding-top:10px;\" class=\"hupso-share-buttons\"><!-- Hupso Share Buttons - https:\/\/www.hupso.com\/share\/ --><a class=\"hupso_toolbar\" href=\"https:\/\/www.hupso.com\/share\/\"><img src=\"http:\/\/static.hupso.com\/share\/buttons\/lang\/es\/share-medium.png\" style=\"border:0px; padding-top: 5px; float:left;\" alt=\"Share Button\"\/><\/a><script type=\"text\/javascript\">var hupso_services_t=new Array(\"Twitter\",\"Facebook\",\"Google Plus\",\"Pinterest\",\"Linkedin\",\"Email\",\"Print\");var hupso_background_t=\"#EAF4FF\";var hupso_border_t=\"#66CCFF\";var hupso_toolbar_size_t=\"medium\";var hupso_image_folder_url = \"\";var hupso_twitter_via=\"hectorops\";var hupso_url_t=\"\";var hupso_title_t=\"REFLEXI%C3%93N%20PARA%20LA%20SOLEMNIDAD%20DE%20LA%20SANT%C3%8DSIMA%20TRINIDAD%2022-05-16\";<\/script><script type=\"text\/javascript\" src=\"http:\/\/static.hupso.com\/share\/js\/share_toolbar.js\"><\/script><!-- Hupso Share Buttons --><\/div>","protected":false},"excerpt":{"rendered":"<p>Hoy celebramos la solemnidad de la Sant\u00edsima Trinidad, ese misterio insondable del Dios Uno y Trino. Un solo Dios, tres personas divinas. Y la liturgia nos presenta la misma lectura evang\u00e9lica que contemplamos el mi\u00e9rcoles de la sexta semana de &hellip; <a href=\"http:\/\/delamanodemaria.com\/?p=7226\">Continue reading <span class=\"meta-nav\">&rarr;<\/span><\/a><\/p>\n<div style=\"padding-bottom:20px; padding-top:10px;\" class=\"hupso-share-buttons\"><!-- Hupso Share Buttons - https:\/\/www.hupso.com\/share\/ --><a class=\"hupso_toolbar\" href=\"https:\/\/www.hupso.com\/share\/\"><img src=\"http:\/\/static.hupso.com\/share\/buttons\/lang\/es\/share-medium.png\" style=\"border:0px; padding-top: 5px; float:left;\" alt=\"Share Button\"\/><\/a><script type=\"text\/javascript\">var hupso_services_t=new Array(\"Twitter\",\"Facebook\",\"Google Plus\",\"Pinterest\",\"Linkedin\",\"Email\",\"Print\");var hupso_background_t=\"#EAF4FF\";var hupso_border_t=\"#66CCFF\";var hupso_toolbar_size_t=\"medium\";var hupso_image_folder_url = \"\";var hupso_twitter_via=\"hectorops\";var hupso_url_t=\"\";var hupso_title_t=\"REFLEXI%C3%93N%20PARA%20LA%20SOLEMNIDAD%20DE%20LA%20SANT%C3%8DSIMA%20TRINIDAD%2022-05-16\";<\/script><script type=\"text\/javascript\" src=\"http:\/\/static.hupso.com\/share\/js\/share_toolbar.js\"><\/script><!-- Hupso Share Buttons --><\/div>","protected":false},"author":1,"featured_media":0,"comment_status":"open","ping_status":"open","sticky":false,"template":"","format":"standard","meta":{"jetpack_post_was_ever_published":false,"_jetpack_newsletter_access":"","_jetpack_newsletter_tier_id":0,"jetpack_publicize_message":"","jetpack_is_tweetstorm":false,"jetpack_publicize_feature_enabled":true,"jetpack_social_post_already_shared":true,"jetpack_social_options":{"image_generator_settings":{"template":"highway","enabled":false}}},"categories":[1],"tags":[534,548,498,1357,547,29,96,71,2,156,321,36],"jetpack_publicize_connections":[],"jetpack_featured_media_url":"","jetpack_shortlink":"https:\/\/wp.me\/p3bBgS-1Sy","jetpack_sharing_enabled":true,"jetpack_likes_enabled":true,"_links":{"self":[{"href":"http:\/\/delamanodemaria.com\/index.php?rest_route=\/wp\/v2\/posts\/7226"}],"collection":[{"href":"http:\/\/delamanodemaria.com\/index.php?rest_route=\/wp\/v2\/posts"}],"about":[{"href":"http:\/\/delamanodemaria.com\/index.php?rest_route=\/wp\/v2\/types\/post"}],"author":[{"embeddable":true,"href":"http:\/\/delamanodemaria.com\/index.php?rest_route=\/wp\/v2\/users\/1"}],"replies":[{"embeddable":true,"href":"http:\/\/delamanodemaria.com\/index.php?rest_route=%2Fwp%2Fv2%2Fcomments&post=7226"}],"version-history":[{"count":3,"href":"http:\/\/delamanodemaria.com\/index.php?rest_route=\/wp\/v2\/posts\/7226\/revisions"}],"predecessor-version":[{"id":7231,"href":"http:\/\/delamanodemaria.com\/index.php?rest_route=\/wp\/v2\/posts\/7226\/revisions\/7231"}],"wp:attachment":[{"href":"http:\/\/delamanodemaria.com\/index.php?rest_route=%2Fwp%2Fv2%2Fmedia&parent=7226"}],"wp:term":[{"taxonomy":"category","embeddable":true,"href":"http:\/\/delamanodemaria.com\/index.php?rest_route=%2Fwp%2Fv2%2Fcategories&post=7226"},{"taxonomy":"post_tag","embeddable":true,"href":"http:\/\/delamanodemaria.com\/index.php?rest_route=%2Fwp%2Fv2%2Ftags&post=7226"}],"curies":[{"name":"wp","href":"https:\/\/api.w.org\/{rel}","templated":true}]}}