{"id":7303,"date":"2016-06-05T21:27:46","date_gmt":"2016-06-06T01:27:46","guid":{"rendered":"http:\/\/delamanodemaria.com\/?p=7303"},"modified":"2016-06-05T21:27:46","modified_gmt":"2016-06-06T01:27:46","slug":"reflexion-para-el-lunes-de-la-decima-semana-del-t-o-2-06-06-16","status":"publish","type":"post","link":"http:\/\/delamanodemaria.com\/?p=7303","title":{"rendered":"REFLEXI\u00d3N PARA EL LUNES DE LA D\u00c9CIMA SEMANA DEL T.O. (2) 06-06-16"},"content":{"rendered":"<p><img decoding=\"async\" loading=\"lazy\" class=\"alignnone size-full wp-image-7305\" src=\"http:\/\/delamanodemaria.com\/wp-content\/uploads\/2016\/06\/bienaventuranzas2.jpg\" alt=\"bienaventuranzas2\" width=\"663\" height=\"594\" srcset=\"http:\/\/delamanodemaria.com\/wp-content\/uploads\/2016\/06\/bienaventuranzas2.jpg 663w, http:\/\/delamanodemaria.com\/wp-content\/uploads\/2016\/06\/bienaventuranzas2-300x269.jpg 300w, http:\/\/delamanodemaria.com\/wp-content\/uploads\/2016\/06\/bienaventuranzas2-335x300.jpg 335w\" sizes=\"(max-width: 663px) 100vw, 663px\" \/><\/p>\n<p>La liturgia nos regala hoy la versi\u00f3n de Mateo del pasaje de las Bienaventuranzas (Mt 4,25 &#8211; 5,12). Esta versi\u00f3n es la que da el nombre de \u201cSerm\u00f3n de Monta\u00f1a\u201d a este pasaje, pues la versi\u00f3n de Lucas nos presenta a Jes\u00fas pronunciando el discurso de las Bienaventuranzas \u201cen un paraje llano\u201d (Lc 6,17).<\/p>\n<p>La raz\u00f3n para la diferencia entre una y otra versi\u00f3n obedece al fin pedag\u00f3gico de cada relato evang\u00e9lico, y al grupo a quien va dirigido. Lucas escribe para fortalecer la fe de los cristianos que ya estaban siendo perseguidos por profesar su fe. Mateo escribe su relato para los jud\u00edos de Palestina convertidos al cristianismo, con el objetivo de probar que Jes\u00fas es el Mes\u00edas prometido, ya que en \u00c9l se cumplen todas las profec\u00edas del Antiguo Testamento.<\/p>\n<p>Mateo quiere demostrar adem\u00e1s, que en la persona de Jes\u00fas se cumple la profec\u00eda de Dt 18,18. Para ello recurre a establecer un paralelismo entre Jes\u00fas y Mois\u00e9s: Mois\u00e9s y Jes\u00fas perseguidos en su infancia; Mois\u00e9s y Jes\u00fas ofreciendo un pan de vida, Mois\u00e9s escribiendo cinco libros (la autor\u00eda humana del Pentateuco se le atribu\u00eda entonces a Mois\u00e9s) y Jes\u00fas pronunciando cinco grandes discursos.<\/p>\n<p>Finalmente, del mismo modo que Mois\u00e9s subi\u00f3 al Monte Sina\u00ed, Mateo nos presenta a Jes\u00fas subiendo \u201cal monte\u201d. Con ello quiere significar que Jes\u00fas va a llevar a cabo la fundaci\u00f3n del \u201cnuevo pueblo de Dios\u201d basado en una nueva Alianza, con Jes\u00fas como el \u201cnuevo Mois\u00e9s\u201d.<\/p>\n<p>A diferencia del dec\u00e1logo, que contiene unos mandatos y unas prohibiciones abstractas, las Bienaventuranzas se refieren a situaciones de hecho concretas (ej. pobreza, llanto, hambre, sed), sufrimientos que viven todos los que trabajan en la construcci\u00f3n de ese nuevo orden al que Jes\u00fas se refiere como \u201cel Reino\u201d. Por eso los sujetos de las Bienaventuranzas no son las situaciones, sino las personas que las sufren por causa de la justicia y por seguir los pasos de Jes\u00fas. A esos es que quienes Jes\u00fas llama \u201cbienaventurados\u201d, a los que est\u00e1n dispuestos a \u201crenunciar a s\u00ed mismos\u201d para seguir a Jes\u00fas (<em>Cfr<\/em>. Mt 16,24; Mc 8,34).<\/p>\n<p>Adem\u00e1s de las situaciones pasivas que hemos rese\u00f1ado, hay otras activas, que nos presentan actitudes concretas que los verdaderos disc\u00edpulos de Jes\u00fas han de observar, como la mansedumbre, la misericordia, la limpieza de coraz\u00f3n, y la lucha por la justicia. A estos tambi\u00e9n Jes\u00fas llama \u201cbienaventurados\u201d.<\/p>\n<p>El diccionario de la Real Academia Espa\u00f1ola define \u201cbienaventurado\u201d como el \u201cque goza de Dios en el cielo\u201d. Y tiene raz\u00f3n, porque las bienaventuranzas nos describen la conducta de los ciudadanos del Reino; ese Reino que ya ha comenzado pero que todav\u00eda no ha culminado; el famoso \u201cya, pero todav\u00eda\u201d.<\/p>\n<p>Hemos dicho en otras ocasiones que podemos comenzar a vivir nuestro cielo en la tierra. \u00bfC\u00f3mo?, Jes\u00fas nos da la \u201creceta\u201d en las Bienaventuranzas. Y si quisi\u00e9ramos resumirlas podemos hacerlo en una sola palabra: Amor (<em>Cfr<\/em>. Jn 14,21).<\/p>\n<p>\u201cSe\u00f1or, Dios nuestro, t\u00fa escribes derecho con l\u00edneas torcidas. Haz que las desconcertantes palabras de tu Hijo en las Bienaventuranzas nos despierten y nos permitan ver d\u00f3nde podemos encontrar tu clase de felicidad, ya que es la \u00fanica que dura y permanece\u201d (de la Oraci\u00f3n despu\u00e9s de la comuni\u00f3n).<\/p>\n<div style=\"padding-bottom:20px; padding-top:10px;\" class=\"hupso-share-buttons\"><!-- Hupso Share Buttons - https:\/\/www.hupso.com\/share\/ --><a class=\"hupso_toolbar\" href=\"https:\/\/www.hupso.com\/share\/\"><img src=\"http:\/\/static.hupso.com\/share\/buttons\/lang\/es\/share-medium.png\" style=\"border:0px; padding-top: 5px; float:left;\" alt=\"Share Button\"\/><\/a><script type=\"text\/javascript\">var hupso_services_t=new Array(\"Twitter\",\"Facebook\",\"Google Plus\",\"Pinterest\",\"Linkedin\",\"Email\",\"Print\");var hupso_background_t=\"#EAF4FF\";var hupso_border_t=\"#66CCFF\";var hupso_toolbar_size_t=\"medium\";var hupso_image_folder_url = \"\";var hupso_twitter_via=\"hectorops\";var hupso_url_t=\"\";var hupso_title_t=\"REFLEXI%C3%93N%20PARA%20EL%20LUNES%20DE%20LA%20D%C3%89CIMA%20SEMANA%20DEL%20T.O.%20%282%29%2006-06-16\";<\/script><script type=\"text\/javascript\" src=\"http:\/\/static.hupso.com\/share\/js\/share_toolbar.js\"><\/script><!-- Hupso Share Buttons --><\/div>","protected":false},"excerpt":{"rendered":"<p>La liturgia nos regala hoy la versi\u00f3n de Mateo del pasaje de las Bienaventuranzas (Mt 4,25 &#8211; 5,12). Esta versi\u00f3n es la que da el nombre de \u201cSerm\u00f3n de Monta\u00f1a\u201d a este pasaje, pues la versi\u00f3n de Lucas nos presenta &hellip; <a href=\"http:\/\/delamanodemaria.com\/?p=7303\">Continue reading <span class=\"meta-nav\">&rarr;<\/span><\/a><\/p>\n<div style=\"padding-bottom:20px; padding-top:10px;\" class=\"hupso-share-buttons\"><!-- Hupso Share Buttons - https:\/\/www.hupso.com\/share\/ --><a class=\"hupso_toolbar\" href=\"https:\/\/www.hupso.com\/share\/\"><img src=\"http:\/\/static.hupso.com\/share\/buttons\/lang\/es\/share-medium.png\" style=\"border:0px; padding-top: 5px; float:left;\" alt=\"Share Button\"\/><\/a><script type=\"text\/javascript\">var hupso_services_t=new Array(\"Twitter\",\"Facebook\",\"Google Plus\",\"Pinterest\",\"Linkedin\",\"Email\",\"Print\");var hupso_background_t=\"#EAF4FF\";var hupso_border_t=\"#66CCFF\";var hupso_toolbar_size_t=\"medium\";var hupso_image_folder_url = \"\";var hupso_twitter_via=\"hectorops\";var hupso_url_t=\"\";var hupso_title_t=\"REFLEXI%C3%93N%20PARA%20EL%20LUNES%20DE%20LA%20D%C3%89CIMA%20SEMANA%20DEL%20T.O.%20%282%29%2006-06-16\";<\/script><script type=\"text\/javascript\" src=\"http:\/\/static.hupso.com\/share\/js\/share_toolbar.js\"><\/script><!-- Hupso Share Buttons --><\/div>","protected":false},"author":1,"featured_media":0,"comment_status":"open","ping_status":"open","sticky":false,"template":"","format":"standard","meta":{"jetpack_post_was_ever_published":false,"_jetpack_newsletter_access":"","_jetpack_newsletter_tier_id":0,"jetpack_publicize_message":"","jetpack_is_tweetstorm":false,"jetpack_publicize_feature_enabled":true,"jetpack_social_post_already_shared":true,"jetpack_social_options":{"image_generator_settings":{"template":"highway","enabled":false}}},"categories":[1],"tags":[30,586,1380,186,88,467,96,238,90,1379,779,637,2,97,187,722],"jetpack_publicize_connections":[],"jetpack_featured_media_url":"","jetpack_shortlink":"https:\/\/wp.me\/p3bBgS-1TN","jetpack_sharing_enabled":true,"jetpack_likes_enabled":true,"_links":{"self":[{"href":"http:\/\/delamanodemaria.com\/index.php?rest_route=\/wp\/v2\/posts\/7303"}],"collection":[{"href":"http:\/\/delamanodemaria.com\/index.php?rest_route=\/wp\/v2\/posts"}],"about":[{"href":"http:\/\/delamanodemaria.com\/index.php?rest_route=\/wp\/v2\/types\/post"}],"author":[{"embeddable":true,"href":"http:\/\/delamanodemaria.com\/index.php?rest_route=\/wp\/v2\/users\/1"}],"replies":[{"embeddable":true,"href":"http:\/\/delamanodemaria.com\/index.php?rest_route=%2Fwp%2Fv2%2Fcomments&post=7303"}],"version-history":[{"count":2,"href":"http:\/\/delamanodemaria.com\/index.php?rest_route=\/wp\/v2\/posts\/7303\/revisions"}],"predecessor-version":[{"id":7306,"href":"http:\/\/delamanodemaria.com\/index.php?rest_route=\/wp\/v2\/posts\/7303\/revisions\/7306"}],"wp:attachment":[{"href":"http:\/\/delamanodemaria.com\/index.php?rest_route=%2Fwp%2Fv2%2Fmedia&parent=7303"}],"wp:term":[{"taxonomy":"category","embeddable":true,"href":"http:\/\/delamanodemaria.com\/index.php?rest_route=%2Fwp%2Fv2%2Fcategories&post=7303"},{"taxonomy":"post_tag","embeddable":true,"href":"http:\/\/delamanodemaria.com\/index.php?rest_route=%2Fwp%2Fv2%2Ftags&post=7303"}],"curies":[{"name":"wp","href":"https:\/\/api.w.org\/{rel}","templated":true}]}}