{"id":7349,"date":"2016-06-15T21:20:53","date_gmt":"2016-06-16T01:20:53","guid":{"rendered":"http:\/\/delamanodemaria.com\/?p=7349"},"modified":"2016-06-15T21:20:53","modified_gmt":"2016-06-16T01:20:53","slug":"reflexion-para-el-jueves-de-la-undecima-semana-del-t-o-2-16-06-16","status":"publish","type":"post","link":"http:\/\/delamanodemaria.com\/?p=7349","title":{"rendered":"REFLEXI\u00d3N PARA EL JUEVES DE LA UND\u00c9CIMA SEMANA DEL T.O. (2) 16-06-16"},"content":{"rendered":"<p><img decoding=\"async\" loading=\"lazy\" class=\"alignnone size-full wp-image-2014\" src=\"http:\/\/delamanodemaria.com\/wp-content\/uploads\/2013\/10\/Padre-Nuestro.jpg\" alt=\"Padre Nuestro\" width=\"577\" height=\"515\" srcset=\"http:\/\/delamanodemaria.com\/wp-content\/uploads\/2013\/10\/Padre-Nuestro.jpg 577w, http:\/\/delamanodemaria.com\/wp-content\/uploads\/2013\/10\/Padre-Nuestro-300x267.jpg 300w, http:\/\/delamanodemaria.com\/wp-content\/uploads\/2013\/10\/Padre-Nuestro-336x300.jpg 336w\" sizes=\"(max-width: 577px) 100vw, 577px\" \/><\/p>\n<p>En el Serm\u00f3n de la Monta\u00f1a que hemos estado leyendo en estos d\u00edas, Jes\u00fas agrupa algunos consejos sobre la oraci\u00f3n dados por \u00c9l en varias ocasiones.<\/p>\n<p>En el evangelio que le\u00edamos ayer Jes\u00fas nos dec\u00eda: \u201ccuando vayas a rezar, entra en tu aposento, cierra la puerta y reza a tu Padre, que est\u00e1 en lo escondido\u201d. Nos estaba ense\u00f1ando la importancia de ese tiempo \u201ca solas\u201d con el Se\u00f1or, ese \u201ccoloquio amoroso\u201d tan necesario para desarrollar esa relaci\u00f3n filial \u00edntima con el Padre. Cuando hablo a mis estudiantes de este tema siempre lo comparo con esas palabras que los novios se dicen al o\u00eddo. Palabras cuyo contenido solo ellos conocen, y que van cimentado esos lazos de amor que siguen creciendo d\u00eda a d\u00eda. As\u00ed tiene que ser nuestra relaci\u00f3n con Dios.<\/p>\n<p>En la lectura de hoy (Mt 6,7-15), Jes\u00fas nos recalca la importancia de la oraci\u00f3n personal, al aconsejarnos que no seamos\u00a0 \u201ccomo los gentiles, que se imaginan que por hablar mucho les har\u00e1n caso\u201d. A lo que se refiere Jes\u00fas es que si no acompa\u00f1amos nuestra plegaria comunitaria, en alta voz, con la oraci\u00f3n personal, \u00edntima, aquella se convierte en meras palabras que de tanto repetirlas llegan perder su sentido y eficacia.<\/p>\n<p>Jes\u00fas nos ense\u00f1a la importancia de alabar, de dar gracias, antes de pedir. Mucha veces nuestra oraci\u00f3n, a\u00fan la personal, se convierte en un listado de peticiones y quejas, olvid\u00e1ndonos de que el Padre, que \u201cve en lo escondido\u201d, ya conoce nuestras necesidades. Nos recuerda que toda conversaci\u00f3n (as\u00ed debe ser la verdadera oraci\u00f3n) con el Padre debe comenzar d\u00e1ndole las gracias por la vida, por el privilegio de permitirnos dirigirnos a \u00c9l como verdaderos hijos.<\/p>\n<p>Adem\u00e1s de ense\u00f1arnos a dirigirnos al Padre como <em>Abba<\/em>, el nombre con que los ni\u00f1os hebreos se dirig\u00edan a su padre (\u201c<em>Abba<\/em> nuestro\u2026\u201d), cuyo Reino esperamos, a aceptar Su santa voluntad, y a confiar en Su divina providencia y protecci\u00f3n contra las acechanzas del maligno, nos establece la norma, la medida, en que vamos a ser acreedores de Su perd\u00f3n cuando le fallamos (que para la mayor\u00eda de nosotros es a diario): \u201cperd\u00f3nanos nuestras ofensas, pues nosotros hemos perdonado a los que nos han ofendido\u201d.<\/p>\n<p>Adem\u00e1s de repetirlo mec\u00e1nicamente (como los gentiles cuya \u201cpalabrer\u00eda\u201d \u00c9l critica), \u00bfen alg\u00fan momento nos detenemos a pensar en lo que estamos diciendo respecto al perd\u00f3n? Si le pedimos al Padre que nos perdone en la misma medida que perdonamos a los que nos ofenden, \u00bfseremos acreedores de Su perd\u00f3n? \u00a1Uf! Una vez m\u00e1s Jes\u00fas nos la pone dif\u00edcil. \u00bfQui\u00e9n dijo que el seguimiento de Jes\u00fas era f\u00e1cil? \u201cEl que quiera seguirme\u2026\u201d (Mt 16,24; Mc 8,34; Lc 9,23).<\/p>\n<p>Nuevamente tenemos que decir: \u00bfDif\u00edcil? S\u00ed. \u00bfImposible? No. \u00c9l nos advirti\u00f3 que el camino iba a ser empinado, pero nos dio la herramienta para hacerlo llevadero. Hace dos d\u00edas \u00c9l mismo nos dec\u00eda: \u201cAmad a vuestros enemigos\u201d. El Padre nos perdona porque nos ama, porque el perd\u00f3n es fruto del amor. Si le escuchamos y seguimos en lo primero (amar incluso a nuestros enemigos), lo segundo (perdonar a los que nos ofenden) es consecuencia l\u00f3gica, obligada.<\/p>\n<p>Finalmente, hemos de abandonarnos a Su santa Voluntad, confiados en que \u00c9l en su infinita bondad y misericordia, nos conceder\u00e1 todo y solo lo que nos conviene.<\/p>\n<div style=\"padding-bottom:20px; padding-top:10px;\" class=\"hupso-share-buttons\"><!-- Hupso Share Buttons - https:\/\/www.hupso.com\/share\/ --><a class=\"hupso_toolbar\" href=\"https:\/\/www.hupso.com\/share\/\"><img src=\"http:\/\/static.hupso.com\/share\/buttons\/lang\/es\/share-medium.png\" style=\"border:0px; padding-top: 5px; float:left;\" alt=\"Share Button\"\/><\/a><script type=\"text\/javascript\">var hupso_services_t=new Array(\"Twitter\",\"Facebook\",\"Google Plus\",\"Pinterest\",\"Linkedin\",\"Email\",\"Print\");var hupso_background_t=\"#EAF4FF\";var hupso_border_t=\"#66CCFF\";var hupso_toolbar_size_t=\"medium\";var hupso_image_folder_url = \"\";var hupso_twitter_via=\"hectorops\";var hupso_url_t=\"\";var hupso_title_t=\"REFLEXI%C3%93N%20PARA%20EL%20JUEVES%20DE%20LA%20UND%C3%89CIMA%20SEMANA%20DEL%20T.O.%20%282%29%2016-06-16\";<\/script><script type=\"text\/javascript\" src=\"http:\/\/static.hupso.com\/share\/js\/share_toolbar.js\"><\/script><!-- Hupso Share Buttons --><\/div>","protected":false},"excerpt":{"rendered":"<p>En el Serm\u00f3n de la Monta\u00f1a que hemos estado leyendo en estos d\u00edas, Jes\u00fas agrupa algunos consejos sobre la oraci\u00f3n dados por \u00c9l en varias ocasiones. En el evangelio que le\u00edamos ayer Jes\u00fas nos dec\u00eda: \u201ccuando vayas a rezar, entra &hellip; <a href=\"http:\/\/delamanodemaria.com\/?p=7349\">Continue reading <span class=\"meta-nav\">&rarr;<\/span><\/a><\/p>\n<div style=\"padding-bottom:20px; padding-top:10px;\" class=\"hupso-share-buttons\"><!-- Hupso Share Buttons - https:\/\/www.hupso.com\/share\/ --><a class=\"hupso_toolbar\" href=\"https:\/\/www.hupso.com\/share\/\"><img src=\"http:\/\/static.hupso.com\/share\/buttons\/lang\/es\/share-medium.png\" style=\"border:0px; padding-top: 5px; float:left;\" alt=\"Share Button\"\/><\/a><script type=\"text\/javascript\">var hupso_services_t=new Array(\"Twitter\",\"Facebook\",\"Google Plus\",\"Pinterest\",\"Linkedin\",\"Email\",\"Print\");var hupso_background_t=\"#EAF4FF\";var hupso_border_t=\"#66CCFF\";var hupso_toolbar_size_t=\"medium\";var hupso_image_folder_url = \"\";var hupso_twitter_via=\"hectorops\";var hupso_url_t=\"\";var hupso_title_t=\"REFLEXI%C3%93N%20PARA%20EL%20JUEVES%20DE%20LA%20UND%C3%89CIMA%20SEMANA%20DEL%20T.O.%20%282%29%2016-06-16\";<\/script><script type=\"text\/javascript\" src=\"http:\/\/static.hupso.com\/share\/js\/share_toolbar.js\"><\/script><!-- Hupso Share Buttons --><\/div>","protected":false},"author":1,"featured_media":0,"comment_status":"open","ping_status":"open","sticky":false,"template":"","format":"standard","meta":{"jetpack_post_was_ever_published":false,"_jetpack_newsletter_access":"","_jetpack_newsletter_tier_id":0,"jetpack_publicize_message":"","jetpack_is_tweetstorm":false,"jetpack_publicize_feature_enabled":true,"jetpack_social_post_already_shared":true,"jetpack_social_options":{"image_generator_settings":{"template":"highway","enabled":false}}},"categories":[1],"tags":[197,366,791,586,689,155,96,1395,196,15,2,97,187,722,232],"jetpack_publicize_connections":[],"jetpack_featured_media_url":"","jetpack_shortlink":"https:\/\/wp.me\/p3bBgS-1Ux","jetpack_sharing_enabled":true,"jetpack_likes_enabled":true,"_links":{"self":[{"href":"http:\/\/delamanodemaria.com\/index.php?rest_route=\/wp\/v2\/posts\/7349"}],"collection":[{"href":"http:\/\/delamanodemaria.com\/index.php?rest_route=\/wp\/v2\/posts"}],"about":[{"href":"http:\/\/delamanodemaria.com\/index.php?rest_route=\/wp\/v2\/types\/post"}],"author":[{"embeddable":true,"href":"http:\/\/delamanodemaria.com\/index.php?rest_route=\/wp\/v2\/users\/1"}],"replies":[{"embeddable":true,"href":"http:\/\/delamanodemaria.com\/index.php?rest_route=%2Fwp%2Fv2%2Fcomments&post=7349"}],"version-history":[{"count":2,"href":"http:\/\/delamanodemaria.com\/index.php?rest_route=\/wp\/v2\/posts\/7349\/revisions"}],"predecessor-version":[{"id":7351,"href":"http:\/\/delamanodemaria.com\/index.php?rest_route=\/wp\/v2\/posts\/7349\/revisions\/7351"}],"wp:attachment":[{"href":"http:\/\/delamanodemaria.com\/index.php?rest_route=%2Fwp%2Fv2%2Fmedia&parent=7349"}],"wp:term":[{"taxonomy":"category","embeddable":true,"href":"http:\/\/delamanodemaria.com\/index.php?rest_route=%2Fwp%2Fv2%2Fcategories&post=7349"},{"taxonomy":"post_tag","embeddable":true,"href":"http:\/\/delamanodemaria.com\/index.php?rest_route=%2Fwp%2Fv2%2Ftags&post=7349"}],"curies":[{"name":"wp","href":"https:\/\/api.w.org\/{rel}","templated":true}]}}