{"id":7353,"date":"2016-06-16T21:56:01","date_gmt":"2016-06-17T01:56:01","guid":{"rendered":"http:\/\/delamanodemaria.com\/?p=7353"},"modified":"2016-06-16T21:56:01","modified_gmt":"2016-06-17T01:56:01","slug":"reflexion-para-el-viernes-de-la-undecima-semana-del-t-o-2-17-06-16","status":"publish","type":"post","link":"http:\/\/delamanodemaria.com\/?p=7353","title":{"rendered":"REFLEXI\u00d3N PARA EL VIERNES DE LA UND\u00c9CIMA SEMANA DEL T.O. (2) 17-06-16"},"content":{"rendered":"<p><img decoding=\"async\" loading=\"lazy\" class=\"alignnone size-full wp-image-1290\" src=\"http:\/\/delamanodemaria.com\/wp-content\/uploads\/2013\/06\/tesoro.jpg\" alt=\"tesoro\" width=\"900\" height=\"641\" srcset=\"http:\/\/delamanodemaria.com\/wp-content\/uploads\/2013\/06\/tesoro.jpg 900w, http:\/\/delamanodemaria.com\/wp-content\/uploads\/2013\/06\/tesoro-300x213.jpg 300w, http:\/\/delamanodemaria.com\/wp-content\/uploads\/2013\/06\/tesoro-421x300.jpg 421w\" sizes=\"(max-width: 900px) 100vw, 900px\" \/><\/p>\n<p>En la lectura evang\u00e9lica que nos presenta la liturgia para hoy (Mt 6,19-23), Jes\u00fas comienza plante\u00e1ndonos un tema que es una constante en su ense\u00f1anza: el desapego de los bienes terrenales: \u201cNo atesor\u00e9is tesoros en la tierra, donde la polilla y la carcoma los roen, donde los ladrones abren boquetes y los roban. Atesorad tesoros en el cielo, donde no hay polilla ni carcoma que se los coman ni ladrones que abran boquetes y roben. Porque donde est\u00e1 tu tesoro all\u00ed est\u00e1 tu coraz\u00f3n\u201d.<\/p>\n<p>\u201cDonde est\u00e1 tu tesoro all\u00ed est\u00e1 tu coraz\u00f3n\u2026\u201d Un tesoro es algo precioso, algo que valoramos por encima de otras cosas, cuya posesi\u00f3n nos causa satisfacci\u00f3n, orgullo, felicidad y, m\u00e1s aun, seguridad. Es algo que consideramos especialmente valioso. Por eso el perderlo nos causa tristeza, y hasta angustia.<\/p>\n<p>Jes\u00fas nos invita a no poner nuestra confianza, ni nuestro coraz\u00f3n, en las cosas del mundo que por su propia naturaleza son ef\u00edmeras. Las sedas y maderas m\u00e1s finas pueden ser carcomidas o ro\u00eddas por la carcoma y la polilla o destruidas por el fuego, y las piedras y metales m\u00e1s preciosos pueden ser presa de los ladrones. Entonces sentiremos que hemos perdido lo m\u00e1s valioso en nuestras vidas.<\/p>\n<p>Por eso Jes\u00fas nos invita a poner nuestra confianza, nuestra felicidad, nuestra seguridad en las cosas del cielo. \u201cBendito quien se f\u00eda de Yahv\u00e9, pues no defraudar\u00e1 Yahv\u00e9 su confianza\u201d (Jr 17,7).<\/p>\n<p>\u201cLa l\u00e1mpara del cuerpo es el ojo. Si tu ojo est\u00e1 sano, tu cuerpo entero tendr\u00e1 luz; si tu ojo est\u00e1 enfermo, tu cuerpo entero estar\u00e1 a oscuras. Y si la \u00fanica luz que tienes est\u00e1 oscura, \u00a1cu\u00e1nta ser\u00e1 la oscuridad!\u201d \u00bfA qu\u00e9 ojo se refiere Jes\u00fas en este pasaje?<\/p>\n<p>Mi gran amiga <em>Minerva Maldonado<\/em> me refiri\u00f3 en una ocasi\u00f3n al libro de Eclesi\u00e1stico (Sir\u00e1cides), en donde se recapitula la creaci\u00f3n del hombre (Eclo 17,1-14). All\u00ed se nos dice que Dios, al crear a los hombres \u201cpuso en ellos su ojo interior, haci\u00e9ndolos as\u00ed descubrir las grandes cosas que hab\u00eda hecho, para que alabaran su Nombre Sant\u00edsimo y proclamaran la grandeza de sus obras\u201d.<\/p>\n<p>La implicaci\u00f3n es clara. Si nos empe\u00f1amos en atesorar tesoros en la tierra, estos van a \u201cenfermar\u201d el \u201cojo interior\u201d que Dios puso en nuestros corazones. Y estaremos a oscuras; y seremos incapaces de reconocer y admirar las maravillas de la creaci\u00f3n. Eso, a su vez, nos impedir\u00e1 alabar su Nombre Sant\u00edsimo y proclamar la grandeza de sus obras.<\/p>\n<p>Por eso se dice que quien atesora tesoros en la tierra vive en las tinieblas. El que tiene su coraz\u00f3n orientado hacia lo material vive una ceguera espiritual. Las cosas materiales se convierten en una venda que impide que la Luz del Amor de Dios llegue a \u00e9l y se refleje en sus ojos. De ah\u00ed la necesidad de tener nuestros ojos fijos en las \u201ccosas del cielo\u201d, es decir, en Dios-Luz.<\/p>\n<p>\u201cEl Se\u00f1or es mi luz y mi salvaci\u00f3n, \u00bfa qui\u00e9n temer\u00e9?\u201d (Sal 26,1).<\/p>\n<p>Hoy, pidamos al Se\u00f1or que nos conceda la gracia de apartar todo aquello que opaque nuestro ojo interior, para que podamos contemplar su grandeza y alabarle por siempre.<\/p>\n<p>Que tengan todos un hermoso fin de semana y, no olviden visitar la casa del Padre; \u00c9l les espera\u2026<\/p>\n<div style=\"padding-bottom:20px; padding-top:10px;\" class=\"hupso-share-buttons\"><!-- Hupso Share Buttons - https:\/\/www.hupso.com\/share\/ --><a class=\"hupso_toolbar\" href=\"https:\/\/www.hupso.com\/share\/\"><img src=\"http:\/\/static.hupso.com\/share\/buttons\/lang\/es\/share-medium.png\" style=\"border:0px; padding-top: 5px; float:left;\" alt=\"Share Button\"\/><\/a><script type=\"text\/javascript\">var hupso_services_t=new Array(\"Twitter\",\"Facebook\",\"Google Plus\",\"Pinterest\",\"Linkedin\",\"Email\",\"Print\");var hupso_background_t=\"#EAF4FF\";var hupso_border_t=\"#66CCFF\";var hupso_toolbar_size_t=\"medium\";var hupso_image_folder_url = \"\";var hupso_twitter_via=\"hectorops\";var hupso_url_t=\"\";var hupso_title_t=\"REFLEXI%C3%93N%20PARA%20EL%20VIERNES%20DE%20LA%20UND%C3%89CIMA%20SEMANA%20DEL%20T.O.%20%282%29%2017-06-16\";<\/script><script type=\"text\/javascript\" src=\"http:\/\/static.hupso.com\/share\/js\/share_toolbar.js\"><\/script><!-- Hupso Share Buttons --><\/div>","protected":false},"excerpt":{"rendered":"<p>En la lectura evang\u00e9lica que nos presenta la liturgia para hoy (Mt 6,19-23), Jes\u00fas comienza plante\u00e1ndonos un tema que es una constante en su ense\u00f1anza: el desapego de los bienes terrenales: \u201cNo atesor\u00e9is tesoros en la tierra, donde la polilla &hellip; <a href=\"http:\/\/delamanodemaria.com\/?p=7353\">Continue reading <span class=\"meta-nav\">&rarr;<\/span><\/a><\/p>\n<div style=\"padding-bottom:20px; padding-top:10px;\" class=\"hupso-share-buttons\"><!-- Hupso Share Buttons - https:\/\/www.hupso.com\/share\/ --><a class=\"hupso_toolbar\" href=\"https:\/\/www.hupso.com\/share\/\"><img src=\"http:\/\/static.hupso.com\/share\/buttons\/lang\/es\/share-medium.png\" style=\"border:0px; padding-top: 5px; float:left;\" alt=\"Share Button\"\/><\/a><script type=\"text\/javascript\">var hupso_services_t=new Array(\"Twitter\",\"Facebook\",\"Google Plus\",\"Pinterest\",\"Linkedin\",\"Email\",\"Print\");var hupso_background_t=\"#EAF4FF\";var hupso_border_t=\"#66CCFF\";var hupso_toolbar_size_t=\"medium\";var hupso_image_folder_url = \"\";var hupso_twitter_via=\"hectorops\";var hupso_url_t=\"\";var hupso_title_t=\"REFLEXI%C3%93N%20PARA%20EL%20VIERNES%20DE%20LA%20UND%C3%89CIMA%20SEMANA%20DEL%20T.O.%20%282%29%2017-06-16\";<\/script><script type=\"text\/javascript\" src=\"http:\/\/static.hupso.com\/share\/js\/share_toolbar.js\"><\/script><!-- Hupso Share Buttons --><\/div>","protected":false},"author":1,"featured_media":0,"comment_status":"open","ping_status":"open","sticky":false,"template":"","format":"standard","meta":{"jetpack_post_was_ever_published":false,"_jetpack_newsletter_access":"","_jetpack_newsletter_tier_id":0,"jetpack_publicize_message":"","jetpack_is_tweetstorm":false,"jetpack_publicize_feature_enabled":true,"jetpack_social_post_already_shared":true,"jetpack_social_options":{"image_generator_settings":{"template":"highway","enabled":false}}},"categories":[1],"tags":[534,586,88,451,940,1399,96,1396,1070,1052,1397,2,1398,551,722],"jetpack_publicize_connections":[],"jetpack_featured_media_url":"","jetpack_shortlink":"https:\/\/wp.me\/p3bBgS-1UB","jetpack_sharing_enabled":true,"jetpack_likes_enabled":true,"_links":{"self":[{"href":"http:\/\/delamanodemaria.com\/index.php?rest_route=\/wp\/v2\/posts\/7353"}],"collection":[{"href":"http:\/\/delamanodemaria.com\/index.php?rest_route=\/wp\/v2\/posts"}],"about":[{"href":"http:\/\/delamanodemaria.com\/index.php?rest_route=\/wp\/v2\/types\/post"}],"author":[{"embeddable":true,"href":"http:\/\/delamanodemaria.com\/index.php?rest_route=\/wp\/v2\/users\/1"}],"replies":[{"embeddable":true,"href":"http:\/\/delamanodemaria.com\/index.php?rest_route=%2Fwp%2Fv2%2Fcomments&post=7353"}],"version-history":[{"count":3,"href":"http:\/\/delamanodemaria.com\/index.php?rest_route=\/wp\/v2\/posts\/7353\/revisions"}],"predecessor-version":[{"id":7356,"href":"http:\/\/delamanodemaria.com\/index.php?rest_route=\/wp\/v2\/posts\/7353\/revisions\/7356"}],"wp:attachment":[{"href":"http:\/\/delamanodemaria.com\/index.php?rest_route=%2Fwp%2Fv2%2Fmedia&parent=7353"}],"wp:term":[{"taxonomy":"category","embeddable":true,"href":"http:\/\/delamanodemaria.com\/index.php?rest_route=%2Fwp%2Fv2%2Fcategories&post=7353"},{"taxonomy":"post_tag","embeddable":true,"href":"http:\/\/delamanodemaria.com\/index.php?rest_route=%2Fwp%2Fv2%2Ftags&post=7353"}],"curies":[{"name":"wp","href":"https:\/\/api.w.org\/{rel}","templated":true}]}}