{"id":7443,"date":"2016-07-06T20:39:41","date_gmt":"2016-07-07T00:39:41","guid":{"rendered":"http:\/\/delamanodemaria.com\/?p=7443"},"modified":"2016-07-06T20:55:54","modified_gmt":"2016-07-07T00:55:54","slug":"reflexion-para-el-jueves-de-la-decimo-cuarta-semana-del-t-o-2-07-07-26","status":"publish","type":"post","link":"http:\/\/delamanodemaria.com\/?p=7443","title":{"rendered":"REFLEXI\u00d3N PARA EL JUEVES DE LA D\u00c9CIMO CUARTA SEMANA DEL T.O. (2) 07-07-26"},"content":{"rendered":"<p><img decoding=\"async\" loading=\"lazy\" class=\"alignnone size-full wp-image-6625\" src=\"http:\/\/delamanodemaria.com\/wp-content\/uploads\/2016\/02\/Los-envi\u00f3-de-dos-en-dos.jpg\" alt=\"Los envi\u00f3 de dos en dos\" width=\"600\" height=\"359\" srcset=\"http:\/\/delamanodemaria.com\/wp-content\/uploads\/2016\/02\/Los-envi\u00f3-de-dos-en-dos.jpg 600w, http:\/\/delamanodemaria.com\/wp-content\/uploads\/2016\/02\/Los-envi\u00f3-de-dos-en-dos-300x180.jpg 300w, http:\/\/delamanodemaria.com\/wp-content\/uploads\/2016\/02\/Los-envi\u00f3-de-dos-en-dos-500x300.jpg 500w\" sizes=\"(max-width: 600px) 100vw, 600px\" \/><\/p>\n<p>La primera lectura de hoy (Os 11,1-4.8c-9) nos presenta los atributos maternos de Dios, que adem\u00e1s de ser Padre es \u201cMadre\u201d, y nos ama con ese amor que solo una madre es capaz de prodigar al hijo de sus entra\u00f1as. Ya en una ocasi\u00f3n hemos reflexionado sobre esta lectura, <a href=\"http:\/\/delamanodemaria.com\/?p=3770\" target=\"_blank\">a la que les remitimos<\/a>.<\/p>\n<p>En la lectura evang\u00e9lica, continuaci\u00f3n de la de ayer, Jes\u00fas contin\u00faa impartiendo las instrucciones a los \u201cdoce\u201d antes de enviarlos en la misi\u00f3n de proclamar el Evangelio. En el pasaje que leemos hoy Jes\u00fas enfatiza el desapego a las cosas materiales, instando a sus ap\u00f3stoles a dejar atr\u00e1s todo lo que pueda convertirse en una preocupaci\u00f3n que desv\u00ede su atenci\u00f3n de la misi\u00f3n que les est\u00e1 encomendando. Se trata de abandonarse a la Providencia divina. La verdadera \u201cpobreza evang\u00e9lica\u201d.<\/p>\n<p>La misi\u00f3n que Jes\u00fas les encomienda a los ap\u00f3stoles es formidable: \u201cproclamad que el reino de los cielos est\u00e1 cerca. Curad enfermos, resucitad muertos, limpiad leprosos, echad demonios\u201d. Les est\u00e1 pidiendo que contin\u00faen su misi\u00f3n, y que lo hagan como \u00c9l lo hace. El disc\u00edpulo sigue los pasos del maestro\u2026 Recordemos que Jes\u00fas naci\u00f3 pobre, teniendo por cuna una pesebre (Lc 2,7), vivi\u00f3 pobre, sin tener d\u00f3nde recostar la cabeza (Mt 8,20), y muri\u00f3 pobre, teniendo como \u00fanica posesi\u00f3n su ropa, cuyos verdugos se repartieron \u201cechando a suertes\u201d (Mt 27,35).<\/p>\n<p>Una frase resalta en este relato del env\u00edo de los \u201cdoce\u201d: \u201cLo que hab\u00e9is recibido gratis, dadlo gratis\u201d. Con esta frase Jes\u00fas les (nos) recuerda que el Evangelio es para todos, que la salvaci\u00f3n es regalo de Dios, y como tal tenemos que compartir con todos los dones que hemos recibido de \u00c9l. No podemos convertir el anuncio de la Buena Nueva del Reino en un negocio o en una fuente de ingresos (como las \u201ciglesias de la prosperidad\u201d que venden a sus feligreses una promesa de prosperidad econ\u00f3mica a cambio de un diezmo que a quien \u00fanico beneficia es al pastor, o aquellas parroquias cat\u00f3licas que tienen un listado de \u201ctarifas\u201d para los sacramentos), ni en una forma de obtener bienes para nosotros, porque se desvirt\u00faa. Sobre este particular el papa Francisco se ha expresado <a href=\"http:\/\/www.eluniverso.com\/vida-estilo\/2014\/11\/21\/nota\/4251351\/papa-francisco-denuncia-que-algunas-parroquias-hagan-negocio\" target=\"_blank\">una y otra vez<\/a>: \u201cCu\u00e1ntas veces entramos en una iglesia, a\u00fan hoy, y hemos visto la lista de los precios&#8221; para el bautismo, la bendici\u00f3n, las intenciones para la Misa. Y el pueblo se escandaliza\u201d\u2026<\/p>\n<p>Hace un par de a\u00f1os <a href=\"http:\/\/www.europapress.es\/sociedad\/noticia-papa-francisco-me-duele-ver-cura-monja-ultimo-modelo-coche-20130707134737.html\" target=\"_blank\">el papa Francisco dec\u00eda a un nutrido grupo de seminaristas y novicias congregados en el Vaticano<\/a>: \u201cMe duele ver a un cura o a una monja con el \u00faltimo modelo de coche\u201d. Francisco est\u00e1 claro.<\/p>\n<div style=\"padding-bottom:20px; padding-top:10px;\" class=\"hupso-share-buttons\"><!-- Hupso Share Buttons - https:\/\/www.hupso.com\/share\/ --><a class=\"hupso_toolbar\" href=\"https:\/\/www.hupso.com\/share\/\"><img src=\"http:\/\/static.hupso.com\/share\/buttons\/lang\/es\/share-medium.png\" style=\"border:0px; padding-top: 5px; float:left;\" alt=\"Share Button\"\/><\/a><script type=\"text\/javascript\">var hupso_services_t=new Array(\"Twitter\",\"Facebook\",\"Google Plus\",\"Pinterest\",\"Linkedin\",\"Email\",\"Print\");var hupso_background_t=\"#EAF4FF\";var hupso_border_t=\"#66CCFF\";var hupso_toolbar_size_t=\"medium\";var hupso_image_folder_url = \"\";var hupso_twitter_via=\"hectorops\";var hupso_url_t=\"\";var hupso_title_t=\"REFLEXI%C3%93N%20PARA%20EL%20JUEVES%20DE%20LA%20D%C3%89CIMO%20CUARTA%20SEMANA%20DEL%20T.O.%20%282%29%2007-07-26\";<\/script><script type=\"text\/javascript\" src=\"http:\/\/static.hupso.com\/share\/js\/share_toolbar.js\"><\/script><!-- Hupso Share Buttons --><\/div>","protected":false},"excerpt":{"rendered":"<p>La primera lectura de hoy (Os 11,1-4.8c-9) nos presenta los atributos maternos de Dios, que adem\u00e1s de ser Padre es \u201cMadre\u201d, y nos ama con ese amor que solo una madre es capaz de prodigar al hijo de sus entra\u00f1as. &hellip; <a href=\"http:\/\/delamanodemaria.com\/?p=7443\">Continue reading <span class=\"meta-nav\">&rarr;<\/span><\/a><\/p>\n<div style=\"padding-bottom:20px; padding-top:10px;\" class=\"hupso-share-buttons\"><!-- Hupso Share Buttons - https:\/\/www.hupso.com\/share\/ --><a class=\"hupso_toolbar\" href=\"https:\/\/www.hupso.com\/share\/\"><img src=\"http:\/\/static.hupso.com\/share\/buttons\/lang\/es\/share-medium.png\" style=\"border:0px; padding-top: 5px; float:left;\" alt=\"Share Button\"\/><\/a><script type=\"text\/javascript\">var hupso_services_t=new Array(\"Twitter\",\"Facebook\",\"Google Plus\",\"Pinterest\",\"Linkedin\",\"Email\",\"Print\");var hupso_background_t=\"#EAF4FF\";var hupso_border_t=\"#66CCFF\";var hupso_toolbar_size_t=\"medium\";var hupso_image_folder_url = \"\";var hupso_twitter_via=\"hectorops\";var hupso_url_t=\"\";var hupso_title_t=\"REFLEXI%C3%93N%20PARA%20EL%20JUEVES%20DE%20LA%20D%C3%89CIMO%20CUARTA%20SEMANA%20DEL%20T.O.%20%282%29%2007-07-26\";<\/script><script type=\"text\/javascript\" src=\"http:\/\/static.hupso.com\/share\/js\/share_toolbar.js\"><\/script><!-- Hupso Share Buttons --><\/div>","protected":false},"author":1,"featured_media":0,"comment_status":"open","ping_status":"open","sticky":false,"template":"","format":"standard","meta":{"jetpack_post_was_ever_published":false,"_jetpack_newsletter_access":"","_jetpack_newsletter_tier_id":0,"jetpack_publicize_message":"","jetpack_is_tweetstorm":false,"jetpack_publicize_feature_enabled":true,"jetpack_social_post_already_shared":true,"jetpack_social_options":{"image_generator_settings":{"template":"highway","enabled":false}}},"categories":[1],"tags":[586,763,569,214,654,112,262,871,2,460,144],"jetpack_publicize_connections":[],"jetpack_featured_media_url":"","jetpack_shortlink":"https:\/\/wp.me\/p3bBgS-1W3","jetpack_sharing_enabled":true,"jetpack_likes_enabled":true,"_links":{"self":[{"href":"http:\/\/delamanodemaria.com\/index.php?rest_route=\/wp\/v2\/posts\/7443"}],"collection":[{"href":"http:\/\/delamanodemaria.com\/index.php?rest_route=\/wp\/v2\/posts"}],"about":[{"href":"http:\/\/delamanodemaria.com\/index.php?rest_route=\/wp\/v2\/types\/post"}],"author":[{"embeddable":true,"href":"http:\/\/delamanodemaria.com\/index.php?rest_route=\/wp\/v2\/users\/1"}],"replies":[{"embeddable":true,"href":"http:\/\/delamanodemaria.com\/index.php?rest_route=%2Fwp%2Fv2%2Fcomments&post=7443"}],"version-history":[{"count":5,"href":"http:\/\/delamanodemaria.com\/index.php?rest_route=\/wp\/v2\/posts\/7443\/revisions"}],"predecessor-version":[{"id":7448,"href":"http:\/\/delamanodemaria.com\/index.php?rest_route=\/wp\/v2\/posts\/7443\/revisions\/7448"}],"wp:attachment":[{"href":"http:\/\/delamanodemaria.com\/index.php?rest_route=%2Fwp%2Fv2%2Fmedia&parent=7443"}],"wp:term":[{"taxonomy":"category","embeddable":true,"href":"http:\/\/delamanodemaria.com\/index.php?rest_route=%2Fwp%2Fv2%2Fcategories&post=7443"},{"taxonomy":"post_tag","embeddable":true,"href":"http:\/\/delamanodemaria.com\/index.php?rest_route=%2Fwp%2Fv2%2Ftags&post=7443"}],"curies":[{"name":"wp","href":"https:\/\/api.w.org\/{rel}","templated":true}]}}