{"id":7473,"date":"2016-07-11T10:14:58","date_gmt":"2016-07-11T14:14:58","guid":{"rendered":"http:\/\/delamanodemaria.com\/?p=7473"},"modified":"2016-07-11T10:15:43","modified_gmt":"2016-07-11T14:15:43","slug":"papa-francisco-nombra-primera-mujer-vicedirectora-de-oficina-de-prensa-de-la-santa-sede","status":"publish","type":"post","link":"http:\/\/delamanodemaria.com\/?p=7473","title":{"rendered":"Papa Francisco nombra primera mujer vicedirectora de Oficina de Prensa de la Santa Sede"},"content":{"rendered":"<div id=\"attachment_7474\" style=\"width: 979px\" class=\"wp-caption alignnone\"><img aria-describedby=\"caption-attachment-7474\" decoding=\"async\" loading=\"lazy\" class=\"size-full wp-image-7474\" src=\"http:\/\/delamanodemaria.com\/wp-content\/uploads\/2016\/07\/mujer-vice-directora.jpg\" alt=\"Pope Francis (C), Greg Burke (R) and Paloma Garcia Ovejero (L) pose at the Vatican on July 11, 2016. Pope Francis has named a former Fox TV correspondent, Greg Burke, to replace his longtime spokesman and Paloma Garcia Ovejero, of Spain, to be his deputy. \/ AFP PHOTO \/ OSSERVATORE ROMANO \/ -\" width=\"969\" height=\"646\" srcset=\"http:\/\/delamanodemaria.com\/wp-content\/uploads\/2016\/07\/mujer-vice-directora.jpg 969w, http:\/\/delamanodemaria.com\/wp-content\/uploads\/2016\/07\/mujer-vice-directora-300x200.jpg 300w, http:\/\/delamanodemaria.com\/wp-content\/uploads\/2016\/07\/mujer-vice-directora-768x512.jpg 768w, http:\/\/delamanodemaria.com\/wp-content\/uploads\/2016\/07\/mujer-vice-directora-450x300.jpg 450w\" sizes=\"(max-width: 969px) 100vw, 969px\" \/><p id=\"caption-attachment-7474\" class=\"wp-caption-text\">Pope Francis (C), Greg Burke (R) and Paloma Garcia Ovejero (L) pose at the Vatican on July 11, 2016.<br \/>Pope Francis has named a former Fox TV correspondent, Greg Burke, to replace his longtime spokesman and Paloma Garcia Ovejero, of Spain, to be his deputy. \/ AFP PHOTO \/ OSSERVATORE ROMANO \/ &#8211;<\/p><\/div>\n<p>El papa Francisco ha nombrado este lunes\u00a011 de julio a la primera mujer vicedirectora de la Oficina de Informaci\u00f3n\u00a0de la Santa Sede. Se trata de Paloma Garc\u00eda Ovejero, espa\u00f1ola, corresponsal de la emisora\u00a0cat\u00f3lica Radio Cope en Roma y en el Vaticano desde hace tres a\u00f1os.<\/p>\n<p>El nombramiento\u00a0es un acontecimiento\u00a0<strong>in\u00e9dito<\/strong> desde que en el a\u00f1o 1966 fue instituida esa entidad \u201ccomo organismo informativo del Concilio Vaticano II\u201d, que luego absorbi\u00f3 la primera oficina y empez\u00f3 a funcionar como Oficina de Informaci\u00f3n\u00a0de la Santa Sede a cargo de la Comisi\u00f3n Pontificia para las Comunicaciones Sociales.<\/p>\n<p>El nombramiento\u00a0de Garc\u00eda Ovejero es significativo tambi\u00e9n debido al impulso que el pontificado de Bergoglio est\u00e1 dando al papel de <strong>la mujer dentro de la Iglesia<\/strong>. En este sentido, el papa Francisco ha explicado en varias ocasiones que no se trata de una \u201cpromoci\u00f3n de tipo funcional\u201d.<\/p>\n<p>De hecho, la nueva vicedirectora tiene val\u00edas profesionales y acad\u00e9micas importantes. Ella, que el 12 de agosto cumplir\u00e1 41 a\u00f1os, se licenci\u00f3 en periodismo en Espa\u00f1a, con un m\u00e1ster en comunicaci\u00f3n en la <em>New York University<\/em>. Habla ingl\u00e9s, italiano y chino.<\/p>\n<p>Desde 1998, est\u00e1 vinculada a la cadena\u00a0Cope, donde fue redactora, presentadora\u00a0y jefa de redacci\u00f3n.<\/p>\n<p>Este lunes, el papa Francisco acept\u00f3 la renuncia presentada por el padre Federico Lombardi, jesuita que el pr\u00f3ximo 29 de agosto cumplir\u00e1 74 a\u00f1os y ha sido\u00a0hasta ahora director de la Oficina de Informaci\u00f3n de la Santa Sede.<\/p>\n<p>Nombrado en 2012, ocup\u00f3 ese cargo por 10 a\u00f1os, acompa\u00f1\u00f3 durante casi todo su pontificado a Benedicto XVI y se ocup\u00f3 de los primeros tres de Francisco.<\/p>\n<p>De 1984 a 1990, Lombardi fue Provincial para Italia de la Compa\u00f1\u00eda de Jes\u00fas. Un a\u00f1o despu\u00e9s fue nombrado director de los programas de la Radio Vaticano. En 2002 se convirti\u00f3 en el director general del Centro Televisivo Vaticano. En 2012, dej\u00f3 este\u00a0cargo ocupado por Edoardo Vigan\u00f2.<\/p>\n<p>El papa Francisco nombr\u00f3\u00a0como nuevo director a Greg Burke, 56 a\u00f1os, estadounidense, supernumerario del Opus Dei, es decir con la vocaci\u00f3n al celibato, hasta ahora vicedirector de la Sala de Prensa, nombrado\u00a0desde el primero de febrero de 2016.<\/p>\n<p>El nuevo director y la nueva vicedirectora comenzar\u00e1n su trabajo el 1 de agosto. Por ende, el Pont\u00edfice \u00a0contar\u00e1 con la ayuda\u00a0del padre Lombardi durante su viaje a Polonia a finales de julio (27-31), para la <strong>Jornada Mundial de la Juventud<\/strong> de Cracovia.<\/p>\n<p><strong>Otros nombramientos de mujeres en el Vaticano<\/strong><\/p>\n<p>El Papa\u00a0igualmente ha ampliado la presencia de las mujeres en cargos importantes en la Santa Sede, con el\u00a0reciente nombramiento de Ana Marta Gonz\u00e1lez, como miembro de la Academia Pontificia de las Ciencias Sociales. Ella es espa\u00f1ola, docente de Filosof\u00eda moral en la Universidad de Navarra, Pamplona.<\/p>\n<p>En esta l\u00ednea, el papa Francisco hace dos a\u00f1os nombr\u00f3 a cinco mujeres en la Comisi\u00f3n Teol\u00f3gica. Seg\u00fan los datos del Gobierno de la Ciudad del Vaticano, por ejemplo, <strong>la cantidad de mujeres que trabajan en este peque\u00f1o Estado se han duplicado en los \u00faltimos diez a\u00f1os: se pas\u00f3 de 195 a 371.<\/strong><\/p>\n<p>En 2004, casi el 13% del personal al servicio del Papa dentro de los muros leoninos estaba conformado por mujeres. En 2014, ese porcentaje aument\u00f3 cerca de un 19%.<\/p>\n<p>Tomado de: \u00a0<a href=\"http:\/\/es.aleteia.org\/2016\/07\/11\/papa-francisco-nombra-primera-mujer-vicedirectora-de-oficina-de-prensa-de-la-santa-sede\/\" target=\"_blank\">http:\/\/es.aleteia.org\/2016\/07\/11\/papa-francisco-nombra-primera-mujer-vicedirectora-de-oficina-de-prensa-de-la-santa-sede\/<\/a><\/p>\n<div style=\"padding-bottom:20px; padding-top:10px;\" class=\"hupso-share-buttons\"><!-- Hupso Share Buttons - https:\/\/www.hupso.com\/share\/ --><a class=\"hupso_toolbar\" href=\"https:\/\/www.hupso.com\/share\/\"><img src=\"http:\/\/static.hupso.com\/share\/buttons\/lang\/es\/share-medium.png\" style=\"border:0px; padding-top: 5px; float:left;\" alt=\"Share Button\"\/><\/a><script type=\"text\/javascript\">var hupso_services_t=new Array(\"Twitter\",\"Facebook\",\"Google Plus\",\"Pinterest\",\"Linkedin\",\"Email\",\"Print\");var hupso_background_t=\"#EAF4FF\";var hupso_border_t=\"#66CCFF\";var hupso_toolbar_size_t=\"medium\";var hupso_image_folder_url = \"\";var hupso_twitter_via=\"hectorops\";var hupso_url_t=\"\";var hupso_title_t=\"Papa%20Francisco%20nombra%20primera%20mujer%20vicedirectora%20de%20Oficina%20de%20Prensa%20de%20la%20Santa%20Sede\";<\/script><script type=\"text\/javascript\" src=\"http:\/\/static.hupso.com\/share\/js\/share_toolbar.js\"><\/script><!-- Hupso Share Buttons --><\/div>","protected":false},"excerpt":{"rendered":"<p>El papa Francisco ha nombrado este lunes\u00a011 de julio a la primera mujer vicedirectora de la Oficina de Informaci\u00f3n\u00a0de la Santa Sede. Se trata de Paloma Garc\u00eda Ovejero, espa\u00f1ola, corresponsal de la emisora\u00a0cat\u00f3lica Radio Cope en Roma y en el &hellip; <a href=\"http:\/\/delamanodemaria.com\/?p=7473\">Continue reading <span class=\"meta-nav\">&rarr;<\/span><\/a><\/p>\n<div style=\"padding-bottom:20px; padding-top:10px;\" class=\"hupso-share-buttons\"><!-- Hupso Share Buttons - https:\/\/www.hupso.com\/share\/ --><a class=\"hupso_toolbar\" href=\"https:\/\/www.hupso.com\/share\/\"><img src=\"http:\/\/static.hupso.com\/share\/buttons\/lang\/es\/share-medium.png\" style=\"border:0px; padding-top: 5px; float:left;\" alt=\"Share Button\"\/><\/a><script type=\"text\/javascript\">var hupso_services_t=new Array(\"Twitter\",\"Facebook\",\"Google Plus\",\"Pinterest\",\"Linkedin\",\"Email\",\"Print\");var hupso_background_t=\"#EAF4FF\";var hupso_border_t=\"#66CCFF\";var hupso_toolbar_size_t=\"medium\";var hupso_image_folder_url = \"\";var hupso_twitter_via=\"hectorops\";var hupso_url_t=\"\";var hupso_title_t=\"Papa%20Francisco%20nombra%20primera%20mujer%20vicedirectora%20de%20Oficina%20de%20Prensa%20de%20la%20Santa%20Sede\";<\/script><script type=\"text\/javascript\" src=\"http:\/\/static.hupso.com\/share\/js\/share_toolbar.js\"><\/script><!-- Hupso Share Buttons --><\/div>","protected":false},"author":1,"featured_media":0,"comment_status":"open","ping_status":"open","sticky":false,"template":"","format":"standard","meta":{"jetpack_post_was_ever_published":false,"_jetpack_newsletter_access":"","_jetpack_newsletter_tier_id":0,"jetpack_publicize_message":"","jetpack_is_tweetstorm":false,"jetpack_publicize_feature_enabled":true,"jetpack_social_post_already_shared":true,"jetpack_social_options":{"image_generator_settings":{"template":"highway","enabled":false}}},"categories":[1],"tags":[211,520,6,1425,1426,760,20],"jetpack_publicize_connections":[],"jetpack_featured_media_url":"","jetpack_shortlink":"https:\/\/wp.me\/p3bBgS-1Wx","jetpack_sharing_enabled":true,"jetpack_likes_enabled":true,"_links":{"self":[{"href":"http:\/\/delamanodemaria.com\/index.php?rest_route=\/wp\/v2\/posts\/7473"}],"collection":[{"href":"http:\/\/delamanodemaria.com\/index.php?rest_route=\/wp\/v2\/posts"}],"about":[{"href":"http:\/\/delamanodemaria.com\/index.php?rest_route=\/wp\/v2\/types\/post"}],"author":[{"embeddable":true,"href":"http:\/\/delamanodemaria.com\/index.php?rest_route=\/wp\/v2\/users\/1"}],"replies":[{"embeddable":true,"href":"http:\/\/delamanodemaria.com\/index.php?rest_route=%2Fwp%2Fv2%2Fcomments&post=7473"}],"version-history":[{"count":1,"href":"http:\/\/delamanodemaria.com\/index.php?rest_route=\/wp\/v2\/posts\/7473\/revisions"}],"predecessor-version":[{"id":7475,"href":"http:\/\/delamanodemaria.com\/index.php?rest_route=\/wp\/v2\/posts\/7473\/revisions\/7475"}],"wp:attachment":[{"href":"http:\/\/delamanodemaria.com\/index.php?rest_route=%2Fwp%2Fv2%2Fmedia&parent=7473"}],"wp:term":[{"taxonomy":"category","embeddable":true,"href":"http:\/\/delamanodemaria.com\/index.php?rest_route=%2Fwp%2Fv2%2Fcategories&post=7473"},{"taxonomy":"post_tag","embeddable":true,"href":"http:\/\/delamanodemaria.com\/index.php?rest_route=%2Fwp%2Fv2%2Ftags&post=7473"}],"curies":[{"name":"wp","href":"https:\/\/api.w.org\/{rel}","templated":true}]}}