{"id":7519,"date":"2016-08-08T18:30:07","date_gmt":"2016-08-08T22:30:07","guid":{"rendered":"http:\/\/delamanodemaria.com\/?p=7519"},"modified":"2016-08-08T18:30:07","modified_gmt":"2016-08-08T22:30:07","slug":"reflexion-para-el-martes-de-la-decimo-novena-semana-del-t-o-2-09-08-16","status":"publish","type":"post","link":"http:\/\/delamanodemaria.com\/?p=7519","title":{"rendered":"REFLEXI\u00d3N PARA EL MARTES DE LA D\u00c9CIMO NOVENA SEMANA DEL T.O. (2) 09-08-16"},"content":{"rendered":"<p><img decoding=\"async\" loading=\"lazy\" class=\"alignnone size-full wp-image-7483\" src=\"http:\/\/delamanodemaria.com\/wp-content\/uploads\/2016\/07\/jesus-con-ni\u00f1os.jpeg\" alt=\"jesus con ni\u00f1os\" width=\"597\" height=\"446\" srcset=\"http:\/\/delamanodemaria.com\/wp-content\/uploads\/2016\/07\/jesus-con-ni\u00f1os.jpeg 597w, http:\/\/delamanodemaria.com\/wp-content\/uploads\/2016\/07\/jesus-con-ni\u00f1os-300x224.jpeg 300w, http:\/\/delamanodemaria.com\/wp-content\/uploads\/2016\/07\/jesus-con-ni\u00f1os-402x300.jpeg 402w\" sizes=\"(max-width: 597px) 100vw, 597px\" \/><\/p>\n<p>La lectura evang\u00e9lica que nos propone la liturgia para hoy (Mt 18,1-5.10.12-14) forma parte del \u201cdiscurso eclesi\u00e1stico\u201d de Jes\u00fas contenido en el cap\u00edtulo 18 de Mateo. En esta lectura encontramos el pasaje en que los disc\u00edpulos le preguntan a Jes\u00fas que qui\u00e9n es el m\u00e1s importante en el reino de los cielos. Tal parece que los disc\u00edpulos no han comprendido en su totalidad el mensaje de Jes\u00fas, y contin\u00faan haciendo referencia a conceptos pol\u00edticos.<\/p>\n<p>Jes\u00fas, con la paciencia que lo caracteriza, lejos de rega\u00f1arlos, opta por un ejemplo. Tom\u00f3 un ni\u00f1o, lo puso en medio y dijo: \u201cOs aseguro que, si no volv\u00e9is a ser como ni\u00f1os, no entrar\u00e9is en el reino de los cielos. Por tanto, el que se haga peque\u00f1o como este ni\u00f1o, \u00e9se es el m\u00e1s grande en el reino de los cielos\u201d.<\/p>\n<p>Para comprender el alcance de estas palabras de Jes\u00fas, tenemos que comprender lo que significaba ser un ni\u00f1o en tiempos de Jes\u00fas. En esa \u00e9poca un ni\u00f1o no val\u00eda nada, no se le reconoc\u00eda derecho alguno. Depend\u00eda totalmente de su padre, y si era hu\u00e9rfano, se convert\u00eda en un marginado, un <em>anawim<\/em>, un \u201cpobre de Yahv\u00e9\u201d, que depend\u00eda totalmente de Dios y su Divina Providencia. <em>Anawim<\/em> se equipara a los \u201cmansos\u201d que se mencionan en las Bienaventuranzas (Mt 5,4), como aquellos que heredar\u00e1n la tierra (En el Salmo 37,11 se traduce como \u201chumildes\u201d).<\/p>\n<p>No debemos confundir las palabras de Jes\u00fas con comportarnos como ni\u00f1os, con asumir una actitud infantil hacia Dios y las cosas del Reino. Por el contrario, las cosas del Reino hay que abordarlas con toda seriedad. Lo que Jes\u00fas nos est\u00e1 recalcando es que para entrar en el Reino de los Cielos tenemos que hacernos disponibles como un ni\u00f1o, es decir, ser transparentes, sencillos, no pretender los primeros puestos. Solo tendr\u00e1n cabida en el Reino los humildes, los que est\u00e9n dispuestos a servir a los dem\u00e1s, y en consecuencia, est\u00e9n dispuestos a amar a los m\u00e1s insignificantes. Por eso a\u00f1ade que: \u201cEl que acoge a un ni\u00f1o como \u00e9ste en mi nombre me acoge a m\u00ed. Cuidado con despreciar a uno de estos peque\u00f1os, porque os digo que sus \u00e1ngeles est\u00e1n viendo siempre en el cielo el rostro de mi Padre celestial\u201d.<\/p>\n<p>Jes\u00fas fue el mejor ejemplo de los que es un <em>anawim<\/em>. Naci\u00f3, vivi\u00f3 y muri\u00f3 como un pobre m\u00e1s, y siempre hizo la voluntad de su Padre. Fue objeto de burlas, menosprecio, persecuci\u00f3n\u2026 Los que pretendemos seguir a Jes\u00fas hemos de estar conscientes de que esas burlas, esos menosprecios, esas persecuciones, constituyen para nosotros el camino m\u00e1s seguro hacia esa Jerusal\u00e9n celestial que nos tiene prometida.<\/p>\n<p>Jes\u00fas termina su ense\u00f1anza resaltando la importancia que tienen los \u201cpeque\u00f1os\u201d para el Padre, con la par\u00e1bola de la oveja perdida: \u201cSuponed que un hombre tiene cien ovejas: si una se le pierde, \u00bfno deja las noventa y nueve en el monte y va en busca de la perdida? Y si la encuentra, os aseguro que se alegra m\u00e1s por ella que por las noventa y nueve que no se hab\u00edan extraviado. Lo mismo vuestro Padre del cielo: no quiere que se pierda ni uno de estos peque\u00f1os\u201d.<\/p>\n<p>Se\u00f1or, \u00a1danos un coraz\u00f3n de ni\u00f1o!<\/p>\n<div style=\"padding-bottom:20px; padding-top:10px;\" class=\"hupso-share-buttons\"><!-- Hupso Share Buttons - https:\/\/www.hupso.com\/share\/ --><a class=\"hupso_toolbar\" href=\"https:\/\/www.hupso.com\/share\/\"><img src=\"http:\/\/static.hupso.com\/share\/buttons\/lang\/es\/share-medium.png\" style=\"border:0px; padding-top: 5px; float:left;\" alt=\"Share Button\"\/><\/a><script type=\"text\/javascript\">var hupso_services_t=new Array(\"Twitter\",\"Facebook\",\"Google Plus\",\"Pinterest\",\"Linkedin\",\"Email\",\"Print\");var hupso_background_t=\"#EAF4FF\";var hupso_border_t=\"#66CCFF\";var hupso_toolbar_size_t=\"medium\";var hupso_image_folder_url = \"\";var hupso_twitter_via=\"hectorops\";var hupso_url_t=\"\";var hupso_title_t=\"REFLEXI%C3%93N%20PARA%20EL%20MARTES%20DE%20LA%20D%C3%89CIMO%20NOVENA%20SEMANA%20DEL%20T.O.%20%282%29%2009-08-16\";<\/script><script type=\"text\/javascript\" src=\"http:\/\/static.hupso.com\/share\/js\/share_toolbar.js\"><\/script><!-- Hupso Share Buttons --><\/div>","protected":false},"excerpt":{"rendered":"<p>La lectura evang\u00e9lica que nos propone la liturgia para hoy (Mt 18,1-5.10.12-14) forma parte del \u201cdiscurso eclesi\u00e1stico\u201d de Jes\u00fas contenido en el cap\u00edtulo 18 de Mateo. En esta lectura encontramos el pasaje en que los disc\u00edpulos le preguntan a Jes\u00fas &hellip; <a href=\"http:\/\/delamanodemaria.com\/?p=7519\">Continue reading <span class=\"meta-nav\">&rarr;<\/span><\/a><\/p>\n<div style=\"padding-bottom:20px; padding-top:10px;\" class=\"hupso-share-buttons\"><!-- Hupso Share Buttons - https:\/\/www.hupso.com\/share\/ --><a class=\"hupso_toolbar\" href=\"https:\/\/www.hupso.com\/share\/\"><img src=\"http:\/\/static.hupso.com\/share\/buttons\/lang\/es\/share-medium.png\" style=\"border:0px; padding-top: 5px; float:left;\" alt=\"Share Button\"\/><\/a><script type=\"text\/javascript\">var hupso_services_t=new Array(\"Twitter\",\"Facebook\",\"Google Plus\",\"Pinterest\",\"Linkedin\",\"Email\",\"Print\");var hupso_background_t=\"#EAF4FF\";var hupso_border_t=\"#66CCFF\";var hupso_toolbar_size_t=\"medium\";var hupso_image_folder_url = \"\";var hupso_twitter_via=\"hectorops\";var hupso_url_t=\"\";var hupso_title_t=\"REFLEXI%C3%93N%20PARA%20EL%20MARTES%20DE%20LA%20D%C3%89CIMO%20NOVENA%20SEMANA%20DEL%20T.O.%20%282%29%2009-08-16\";<\/script><script type=\"text\/javascript\" src=\"http:\/\/static.hupso.com\/share\/js\/share_toolbar.js\"><\/script><!-- Hupso Share Buttons --><\/div>","protected":false},"author":1,"featured_media":0,"comment_status":"open","ping_status":"open","sticky":false,"template":"","format":"standard","meta":{"jetpack_post_was_ever_published":false,"_jetpack_newsletter_access":"","_jetpack_newsletter_tier_id":0,"jetpack_publicize_message":"","jetpack_is_tweetstorm":false,"jetpack_publicize_feature_enabled":true,"jetpack_social_post_already_shared":true,"jetpack_social_options":{"image_generator_settings":{"template":"highway","enabled":false}}},"categories":[1],"tags":[253,586,186,1010,338,562,605,332,21,2,606,722],"jetpack_publicize_connections":[],"jetpack_featured_media_url":"","jetpack_shortlink":"https:\/\/wp.me\/p3bBgS-1Xh","jetpack_sharing_enabled":true,"jetpack_likes_enabled":true,"_links":{"self":[{"href":"http:\/\/delamanodemaria.com\/index.php?rest_route=\/wp\/v2\/posts\/7519"}],"collection":[{"href":"http:\/\/delamanodemaria.com\/index.php?rest_route=\/wp\/v2\/posts"}],"about":[{"href":"http:\/\/delamanodemaria.com\/index.php?rest_route=\/wp\/v2\/types\/post"}],"author":[{"embeddable":true,"href":"http:\/\/delamanodemaria.com\/index.php?rest_route=\/wp\/v2\/users\/1"}],"replies":[{"embeddable":true,"href":"http:\/\/delamanodemaria.com\/index.php?rest_route=%2Fwp%2Fv2%2Fcomments&post=7519"}],"version-history":[{"count":3,"href":"http:\/\/delamanodemaria.com\/index.php?rest_route=\/wp\/v2\/posts\/7519\/revisions"}],"predecessor-version":[{"id":7522,"href":"http:\/\/delamanodemaria.com\/index.php?rest_route=\/wp\/v2\/posts\/7519\/revisions\/7522"}],"wp:attachment":[{"href":"http:\/\/delamanodemaria.com\/index.php?rest_route=%2Fwp%2Fv2%2Fmedia&parent=7519"}],"wp:term":[{"taxonomy":"category","embeddable":true,"href":"http:\/\/delamanodemaria.com\/index.php?rest_route=%2Fwp%2Fv2%2Fcategories&post=7519"},{"taxonomy":"post_tag","embeddable":true,"href":"http:\/\/delamanodemaria.com\/index.php?rest_route=%2Fwp%2Fv2%2Ftags&post=7519"}],"curies":[{"name":"wp","href":"https:\/\/api.w.org\/{rel}","templated":true}]}}