{"id":771,"date":"2013-04-06T23:42:43","date_gmt":"2013-04-07T03:42:43","guid":{"rendered":"http:\/\/delamanodemaria.com\/?p=771"},"modified":"2013-04-13T17:14:22","modified_gmt":"2013-04-13T21:14:22","slug":"reflexion-para-el-segundo-domingo-de-pascua-07-04-13","status":"publish","type":"post","link":"http:\/\/delamanodemaria.com\/?p=771","title":{"rendered":"REFLEXI\u00d3N PARA EL SEGUNDO DOMINGO DE PASCUA 07-04-13 FIESTA DE LA DIVINA MISERICORDIA"},"content":{"rendered":"<p style=\"text-align: center;\"><a href=\"http:\/\/delamanodemaria.com\/wp-content\/uploads\/2013\/04\/reconcilacion.jpg\"><img decoding=\"async\" loading=\"lazy\" class=\"alignnone size-full wp-image-772\" alt=\"reconcilacion\" src=\"http:\/\/delamanodemaria.com\/wp-content\/uploads\/2013\/04\/reconcilacion.jpg\" width=\"757\" height=\"1000\" srcset=\"http:\/\/delamanodemaria.com\/wp-content\/uploads\/2013\/04\/reconcilacion.jpg 757w, http:\/\/delamanodemaria.com\/wp-content\/uploads\/2013\/04\/reconcilacion-227x300.jpg 227w\" sizes=\"(max-width: 757px) 100vw, 757px\" \/><\/a><\/p>\n<p><span style=\"font-size: large;\">Hoy celebramos el segundo domingo de Pascua, \u00faltimo d\u00eda de la Octava de Pascua, tambi\u00e9n conocido como domingo de la Divina Misericordia. Si analizamos las lecturas que nos propone la liturgia, entendemos por qu\u00e9 Jes\u00fas, en sus mensajes a Santa Mar\u00eda Faustina, escogi\u00f3 esta fecha para celebrar la Fiesta de la Divina Misericordia (ver art\u00edculo de Romualdo Olaz\u00e1bal rese\u00f1ado ayer en nuestro Blog).<\/span><\/p>\n<p><span style=\"font-size: large;\">La primera lectura (Hc 5,12-16) nos narra la actividad de los ap\u00f3stoles, quienes contin\u00faan la obra de Jes\u00fas en Jerusal\u00e9n (lugar donde se desarrollan los primeros siete cap\u00edtulos de los Hechos de los ap\u00f3stoles), en un despliegue de misericordia, curando \u201cenfermos y pose\u00eddos\u201d.<\/span><\/p>\n<p><span style=\"font-size: large;\">La lectura evang\u00e9lica (Jn 20,19-31) nos presenta las primeras dos apariciones de Jes\u00fas a sus disc\u00edpulos. La primera el mismo d\u00eda de la Resurrecci\u00f3n, encontr\u00e1ndose encerrados en la estancia superior, por temor a las autoridades jud\u00edas, luego de que Pedro y Juan encontraran la tumba vac\u00eda. La segunda tiene lugar una semana despu\u00e9s, pero esta vez los disc\u00edpulos estaban fortalecidos por la presencia del Resucitado. Ahora la controversia giraba en torno a la incredulidad de Tom\u00e1s.<\/span><\/p>\n<p><span style=\"font-size: large;\">Este pasaje, que es la conclusi\u00f3n del evangelio seg\u00fan san Juan, es sumamente denso y lleno de s\u00edmbolos. Nos limitaremos a dos, comenzando con el segundo: la incredulidad de Tom\u00e1s.<\/span><\/p>\n<p><span style=\"font-size: large;\">La pregunta obligada es: \u00bfD\u00f3nde estaba Tom\u00e1s cuando el Se\u00f1or se apareci\u00f3 a los disc\u00edpulos por primera vez? De seguro estaba vagando, triste y desilusionado porque Jes\u00fas hab\u00eda muerto; hab\u00eda visto tronchados todos sus sue\u00f1os. Se hab\u00eda separado del grupo. Por eso no tuvo la experiencia de Jes\u00fas resucitado; como nos pasa a nosotros cuando nos alejamos de la Iglesia. Cuando regres\u00f3 se negaba a creer porque no le hab\u00eda visto. Pero esta vez no se alej\u00f3, se mantuvo en comuni\u00f3n con sus hermanos, se congreg\u00f3, y entonces tuvo el encuentro con Jes\u00fas resucitado. Igual nos pasa a nosotros cuando regresamos la Iglesia y nos congregamos para la celebraci\u00f3n eucar\u00edstica; los ojos de la fe nos permiten tener un encuentro con Jes\u00fas resucitado. Por eso en el rito de la consagraci\u00f3n decimos, al igual que Tom\u00e1s: \u201c\u00a1Se\u00f1or m\u00edo y Dios m\u00edo!\u201d<\/span><\/p>\n<p><span style=\"font-size: large;\">Jes\u00fas concluye el pasaje diciendo: \u201cDichosos los que crean sin haber visto\u201d. Los disc\u00edpulos tuvieron la dicha de ver a Jes\u00fas resucitado. Nosotros por fe creemos que \u00c9l se hace presente con todo su cuerpo, sangre, alma y divinidad, en las especies de pan y vino durante la celebraci\u00f3n eucar\u00edstica; presencia tan real como lo fue la aparici\u00f3n a los disc\u00edpulos en aqu\u00e9l primer domingo de Resurrecci\u00f3n. \u00a1Y por ello Jes\u00fas nos llama dichosos, bienaventurados!<\/span><\/p>\n<p><span style=\"font-size: large;\">El otro aspecto que hay que resaltar es la instituci\u00f3n del Sacramento de la Reconciliaci\u00f3n. Jes\u00fas conoce nuestra naturaleza pecadora y no quiso dejarnos hu\u00e9rfanos: \u201cexhal\u00f3 su aliento sobre ellos y les dijo: \u2018Recibid el Esp\u00edritu Santo; a quienes les perdon\u00e9is los pecados, quedan perdonados; a quienes se los reteng\u00e1is, les quedan retenidos\u2019\u201d. Es el \u201cTribunal de la Divina Misericordia\u201d, la\u00a0 manifestaci\u00f3n m\u00e1s patente de la Misericordia Divina; llamado as\u00ed porque es el \u00fanico Tribunal en el cual uno, al declararse culpable, sale absuelto.<\/span><\/p>\n<p><span style=\"font-size: large;\">Durante la Cuaresma y Semana Santa la Iglesia nos hizo un llamado a reconciliarnos. Si no lo hiciste entonces, recuerda que HOY es el domingo de la Divina Misericordia. \u00a1Anda, decl\u00e1rate culpable; te garantizo que saldr\u00e1s absuelto!<\/span><\/p>\n<div style=\"padding-bottom:20px; padding-top:10px;\" class=\"hupso-share-buttons\"><!-- Hupso Share Buttons - https:\/\/www.hupso.com\/share\/ --><a class=\"hupso_toolbar\" href=\"https:\/\/www.hupso.com\/share\/\"><img src=\"http:\/\/static.hupso.com\/share\/buttons\/lang\/es\/share-medium.png\" style=\"border:0px; padding-top: 5px; float:left;\" alt=\"Share Button\"\/><\/a><script type=\"text\/javascript\">var hupso_services_t=new Array(\"Twitter\",\"Facebook\",\"Google Plus\",\"Pinterest\",\"Linkedin\",\"Email\",\"Print\");var hupso_background_t=\"#EAF4FF\";var hupso_border_t=\"#66CCFF\";var hupso_toolbar_size_t=\"medium\";var hupso_image_folder_url = \"\";var hupso_twitter_via=\"hectorops\";var hupso_url_t=\"\";var hupso_title_t=\"REFLEXI%C3%93N%20PARA%20EL%20SEGUNDO%20DOMINGO%20DE%20PASCUA%2007-04-13%20FIESTA%20DE%20LA%20DIVINA%20MISERICORDIA\";<\/script><script type=\"text\/javascript\" src=\"http:\/\/static.hupso.com\/share\/js\/share_toolbar.js\"><\/script><!-- Hupso Share Buttons --><\/div>","protected":false},"excerpt":{"rendered":"<p>Hoy celebramos el segundo domingo de Pascua, \u00faltimo d\u00eda de la Octava de Pascua, tambi\u00e9n conocido como domingo de la Divina Misericordia. Si analizamos las lecturas que nos propone la liturgia, entendemos por qu\u00e9 Jes\u00fas, en sus mensajes a Santa &hellip; <a href=\"http:\/\/delamanodemaria.com\/?p=771\">Continue reading <span class=\"meta-nav\">&rarr;<\/span><\/a><\/p>\n<div style=\"padding-bottom:20px; padding-top:10px;\" class=\"hupso-share-buttons\"><!-- Hupso Share Buttons - https:\/\/www.hupso.com\/share\/ --><a class=\"hupso_toolbar\" href=\"https:\/\/www.hupso.com\/share\/\"><img src=\"http:\/\/static.hupso.com\/share\/buttons\/lang\/es\/share-medium.png\" style=\"border:0px; padding-top: 5px; float:left;\" alt=\"Share Button\"\/><\/a><script type=\"text\/javascript\">var hupso_services_t=new Array(\"Twitter\",\"Facebook\",\"Google Plus\",\"Pinterest\",\"Linkedin\",\"Email\",\"Print\");var hupso_background_t=\"#EAF4FF\";var hupso_border_t=\"#66CCFF\";var hupso_toolbar_size_t=\"medium\";var hupso_image_folder_url = \"\";var hupso_twitter_via=\"hectorops\";var hupso_url_t=\"\";var hupso_title_t=\"REFLEXI%C3%93N%20PARA%20EL%20SEGUNDO%20DOMINGO%20DE%20PASCUA%2007-04-13%20FIESTA%20DE%20LA%20DIVINA%20MISERICORDIA\";<\/script><script type=\"text\/javascript\" src=\"http:\/\/static.hupso.com\/share\/js\/share_toolbar.js\"><\/script><!-- Hupso Share Buttons --><\/div>","protected":false},"author":1,"featured_media":0,"comment_status":"open","ping_status":"open","sticky":false,"template":"","format":"standard","meta":{"jetpack_post_was_ever_published":false,"_jetpack_newsletter_access":"","_jetpack_newsletter_tier_id":0,"jetpack_publicize_message":"","jetpack_is_tweetstorm":false,"jetpack_publicize_feature_enabled":true,"jetpack_social_post_already_shared":true,"jetpack_social_options":{"image_generator_settings":{"template":"highway","enabled":false}}},"categories":[1],"tags":[3,80,45,96,64,42,2,82],"jetpack_publicize_connections":[],"jetpack_featured_media_url":"","jetpack_shortlink":"https:\/\/wp.me\/p3bBgS-cr","jetpack_sharing_enabled":true,"jetpack_likes_enabled":true,"_links":{"self":[{"href":"http:\/\/delamanodemaria.com\/index.php?rest_route=\/wp\/v2\/posts\/771"}],"collection":[{"href":"http:\/\/delamanodemaria.com\/index.php?rest_route=\/wp\/v2\/posts"}],"about":[{"href":"http:\/\/delamanodemaria.com\/index.php?rest_route=\/wp\/v2\/types\/post"}],"author":[{"embeddable":true,"href":"http:\/\/delamanodemaria.com\/index.php?rest_route=\/wp\/v2\/users\/1"}],"replies":[{"embeddable":true,"href":"http:\/\/delamanodemaria.com\/index.php?rest_route=%2Fwp%2Fv2%2Fcomments&post=771"}],"version-history":[{"count":3,"href":"http:\/\/delamanodemaria.com\/index.php?rest_route=\/wp\/v2\/posts\/771\/revisions"}],"predecessor-version":[{"id":815,"href":"http:\/\/delamanodemaria.com\/index.php?rest_route=\/wp\/v2\/posts\/771\/revisions\/815"}],"wp:attachment":[{"href":"http:\/\/delamanodemaria.com\/index.php?rest_route=%2Fwp%2Fv2%2Fmedia&parent=771"}],"wp:term":[{"taxonomy":"category","embeddable":true,"href":"http:\/\/delamanodemaria.com\/index.php?rest_route=%2Fwp%2Fv2%2Fcategories&post=771"},{"taxonomy":"post_tag","embeddable":true,"href":"http:\/\/delamanodemaria.com\/index.php?rest_route=%2Fwp%2Fv2%2Ftags&post=771"}],"curies":[{"name":"wp","href":"https:\/\/api.w.org\/{rel}","templated":true}]}}