{"id":776,"date":"2013-04-07T23:46:32","date_gmt":"2013-04-08T03:46:32","guid":{"rendered":"http:\/\/delamanodemaria.com\/?p=776"},"modified":"2013-04-08T14:56:57","modified_gmt":"2013-04-08T18:56:57","slug":"reflexion-para-la-solemnidad-de-la-anunciacion-08-04-13","status":"publish","type":"post","link":"http:\/\/delamanodemaria.com\/?p=776","title":{"rendered":"REFLEXI\u00d3N PARA LA SOLEMNIDAD DE LA ANUNCIACI\u00d3N 08-04-13"},"content":{"rendered":"<div id=\"attachment_777\" style=\"width: 1047px\" class=\"wp-caption alignnone\"><a href=\"http:\/\/delamanodemaria.com\/wp-content\/uploads\/2013\/04\/IMG_0602sm.jpg\"><img aria-describedby=\"caption-attachment-777\" decoding=\"async\" loading=\"lazy\" class=\" wp-image-777 \" alt=\"Gruta de la Anunciaci\u00f3n, debajo del altar mayor de altar mayor de la Bas\u00edlica de la Anunciaci\u00f3n en Nazaret.\" src=\"http:\/\/delamanodemaria.com\/wp-content\/uploads\/2013\/04\/IMG_0602sm.jpg\" width=\"1037\" height=\"691\" srcset=\"http:\/\/delamanodemaria.com\/wp-content\/uploads\/2013\/04\/IMG_0602sm.jpg 1037w, http:\/\/delamanodemaria.com\/wp-content\/uploads\/2013\/04\/IMG_0602sm-300x199.jpg 300w, http:\/\/delamanodemaria.com\/wp-content\/uploads\/2013\/04\/IMG_0602sm-1024x682.jpg 1024w, http:\/\/delamanodemaria.com\/wp-content\/uploads\/2013\/04\/IMG_0602sm-450x300.jpg 450w\" sizes=\"(max-width: 1037px) 100vw, 1037px\" \/><\/a><p id=\"caption-attachment-777\" class=\"wp-caption-text\">Gruta de la Anunciaci\u00f3n, debajo del altar mayor de la Bas\u00edlica de la Anunciaci\u00f3n en Nazaret. Foto tomada durante nuestra reciente peregrinaci\u00f3n a Tierra Santa.<\/p><\/div>\n<p><span style=\"font-size: large;\">Hoy celebramos la Solemnidad de la Anunciaci\u00f3n del Se\u00f1or, ese hecho salv\u00edfico que puso en marcha la cadena de eventos que culmin\u00f3 en el Misterio Pascual de Jes\u00fas,\u00a0sell\u00f3 la Nueva y definitiva Alianza, y abri\u00f3 el camino para nuestra salvaci\u00f3n. Cabe se\u00f1alar que esta Solemnidad se celebra el 25 de marzo, nueve meses antes del nacimiento de Jes\u00fas, pero por coincidir esa fecha este a\u00f1o con el lunes santo, se mueve para el primer d\u00eda h\u00e1bil despu\u00e9s de la Octava de Pascua, que es hoy.<\/span><\/p>\n<p><span style=\"font-size: large;\">La primera lectura que nos presenta la liturgia para esta celebraci\u00f3n est\u00e1 tomada del profeta Isa\u00edas (7,10-14), que termina diciendo: \u201cPor eso el Se\u00f1or mismo les dar\u00e1 un signo. Miren, la virgen est\u00e1 embarazada y dar\u00e1 a luz un hijo, y lo llamar\u00e1 con el nombre de Emanuel\u201d (Is 7,14).<\/span><\/p>\n<p><span style=\"font-size: large;\">El Evangelio, tomado del relato de Lucas, nos brinda la narraci\u00f3n tan hermosa del evangelista sobre el anuncio del nacimiento de Jes\u00fas (1,26-38), uno de los pasajes de m\u00e1s citados y comentados de las Sagradas Escrituras. No creo que haya un cristiano que no conozca ese pasaje.<\/span><\/p>\n<p><span style=\"font-size: large;\">Centraremos nuestra atenci\u00f3n en el \u00faltimo vers\u00edculo del mismo: \u201cMar\u00eda contest\u00f3: \u2018Aqu\u00ed est\u00e1 la esclava del Se\u00f1or: h\u00e1gase en m\u00ed seg\u00fan tu palabra\u2019. Y la dej\u00f3 el \u00e1ngel\u201d.<\/span><\/p>\n<p><span style=\"font-size: large;\">\u201cH\u00e1gase\u201d\u2026 No podemos encontrar otra palabra que exprese con mayor profundidad la fe de Mar\u00eda. Es un abandonarse a la voluntad de Dios con la certeza que \u00c9l tiene para nosotros un plan que tal vez no comprendemos, pero que sabemos que tiene como finalidad nuestra salvaci\u00f3n, pues esa es la voluntad de Dios. En la Anunciaci\u00f3n, Mar\u00eda, con su \u201ch\u00e1gase\u201d, hizo posible el misterio de la Encarnaci\u00f3n y dio paso a la plenitud de los tiempos y a nuestra redenci\u00f3n. As\u00ed nos proporcion\u00f3 el modelo a seguir para nuestra salvaci\u00f3n.<\/span><\/p>\n<p><span style=\"font-size: large;\">Por eso podemos decir que \u201ch\u00e1gase\u201d no es una palabra pasiva; por el contrario, es una palabra activa; es inclusive una palabra con fuerza creadora, la m\u00e1xima expresi\u00f3n de la voluntad de Dios reflejada a lo largo de toda la historia de la salvaci\u00f3n. Desde el G\u00e9nesis, cuando dentro del caos inicial Yahv\u00e9 dijo: \u201c\u2018H\u00e1gase\u2019 la luz\u201d (Gn 1,2), hasta Getseman\u00ed, cuando Jes\u00fas utiliz\u00f3 tambi\u00e9n la fuerza del \u201ch\u00e1gase\u201d para culminar su sacrificio salvador: \u201cPadre, si es posible\u2026 pero h\u00e1gase tu voluntad y no la m\u00eda\u201d (Lc 22,42).<\/span><\/p>\n<p><span style=\"font-size: large;\">El consentimiento de Mar\u00eda a la propuesta del \u00e1ngel, significado en su \u201ch\u00e1gase\u201d, hizo posible que en ese momento se realizara sobre la tierra todo ese misterio de amor y misericordia predicho desde la ca\u00edda del hombre (Gn 3,15), anunciado por los profetas, deseado por el pueblo de Israel, y anticipado por muchos (Mt 2,1-11).<\/span><\/p>\n<p><span style=\"font-size: large;\">De igual modo, estoy seguro que la fuerza del \u201ch\u00e1gase\u201d hizo posible que Mar\u00eda se mantuviera erguida, con la cabeza en alto, al pie de la cruz en los momentos m\u00e1s dif\u00edciles. Asimismo, ese h\u00e1gase de Mar\u00eda al pie de la cruz transform\u00f3 las tinieblas del G\u00f3lgota en el glorioso amanecer de la Resurrecci\u00f3n. Esa era la voluntad de Dios, y Mar\u00eda lo comprendi\u00f3, actu\u00f3 de conformidad, y ocurri\u00f3.<\/span><\/p>\n<p><span style=\"font-size: large;\">\u00a1Gracias, Mar\u00eda!<\/span><\/p>\n<div style=\"padding-bottom:20px; padding-top:10px;\" class=\"hupso-share-buttons\"><!-- Hupso Share Buttons - https:\/\/www.hupso.com\/share\/ --><a class=\"hupso_toolbar\" href=\"https:\/\/www.hupso.com\/share\/\"><img src=\"http:\/\/static.hupso.com\/share\/buttons\/lang\/es\/share-medium.png\" style=\"border:0px; padding-top: 5px; float:left;\" alt=\"Share Button\"\/><\/a><script type=\"text\/javascript\">var hupso_services_t=new Array(\"Twitter\",\"Facebook\",\"Google Plus\",\"Pinterest\",\"Linkedin\",\"Email\",\"Print\");var hupso_background_t=\"#EAF4FF\";var hupso_border_t=\"#66CCFF\";var hupso_toolbar_size_t=\"medium\";var hupso_image_folder_url = \"\";var hupso_twitter_via=\"hectorops\";var hupso_url_t=\"\";var hupso_title_t=\"REFLEXI%C3%93N%20PARA%20LA%20SOLEMNIDAD%20DE%20LA%20ANUNCIACI%C3%93N%2008-04-13\";<\/script><script type=\"text\/javascript\" src=\"http:\/\/static.hupso.com\/share\/js\/share_toolbar.js\"><\/script><!-- Hupso Share Buttons --><\/div>","protected":false},"excerpt":{"rendered":"<p>Hoy celebramos la Solemnidad de la Anunciaci\u00f3n del Se\u00f1or, ese hecho salv\u00edfico que puso en marcha la cadena de eventos que culmin\u00f3 en el Misterio Pascual de Jes\u00fas,\u00a0sell\u00f3 la Nueva y definitiva Alianza, y abri\u00f3 el camino para nuestra salvaci\u00f3n. &hellip; <a href=\"http:\/\/delamanodemaria.com\/?p=776\">Continue reading <span class=\"meta-nav\">&rarr;<\/span><\/a><\/p>\n<div style=\"padding-bottom:20px; padding-top:10px;\" class=\"hupso-share-buttons\"><!-- Hupso Share Buttons - https:\/\/www.hupso.com\/share\/ --><a class=\"hupso_toolbar\" href=\"https:\/\/www.hupso.com\/share\/\"><img src=\"http:\/\/static.hupso.com\/share\/buttons\/lang\/es\/share-medium.png\" style=\"border:0px; padding-top: 5px; float:left;\" alt=\"Share Button\"\/><\/a><script type=\"text\/javascript\">var hupso_services_t=new Array(\"Twitter\",\"Facebook\",\"Google Plus\",\"Pinterest\",\"Linkedin\",\"Email\",\"Print\");var hupso_background_t=\"#EAF4FF\";var hupso_border_t=\"#66CCFF\";var hupso_toolbar_size_t=\"medium\";var hupso_image_folder_url = \"\";var hupso_twitter_via=\"hectorops\";var hupso_url_t=\"\";var hupso_title_t=\"REFLEXI%C3%93N%20PARA%20LA%20SOLEMNIDAD%20DE%20LA%20ANUNCIACI%C3%93N%2008-04-13\";<\/script><script type=\"text\/javascript\" src=\"http:\/\/static.hupso.com\/share\/js\/share_toolbar.js\"><\/script><!-- Hupso Share Buttons --><\/div>","protected":false},"author":1,"featured_media":0,"comment_status":"open","ping_status":"open","sticky":false,"template":"","format":"standard","meta":{"jetpack_post_was_ever_published":false,"_jetpack_newsletter_access":"","_jetpack_newsletter_tier_id":0,"jetpack_publicize_message":"","jetpack_is_tweetstorm":false,"jetpack_publicize_feature_enabled":true,"jetpack_social_post_already_shared":true,"jetpack_social_options":{"image_generator_settings":{"template":"highway","enabled":false}}},"categories":[1],"tags":[84,85,8,2],"jetpack_publicize_connections":[],"jetpack_featured_media_url":"","jetpack_shortlink":"https:\/\/wp.me\/p3bBgS-cw","jetpack_sharing_enabled":true,"jetpack_likes_enabled":true,"_links":{"self":[{"href":"http:\/\/delamanodemaria.com\/index.php?rest_route=\/wp\/v2\/posts\/776"}],"collection":[{"href":"http:\/\/delamanodemaria.com\/index.php?rest_route=\/wp\/v2\/posts"}],"about":[{"href":"http:\/\/delamanodemaria.com\/index.php?rest_route=\/wp\/v2\/types\/post"}],"author":[{"embeddable":true,"href":"http:\/\/delamanodemaria.com\/index.php?rest_route=\/wp\/v2\/users\/1"}],"replies":[{"embeddable":true,"href":"http:\/\/delamanodemaria.com\/index.php?rest_route=%2Fwp%2Fv2%2Fcomments&post=776"}],"version-history":[{"count":7,"href":"http:\/\/delamanodemaria.com\/index.php?rest_route=\/wp\/v2\/posts\/776\/revisions"}],"predecessor-version":[{"id":784,"href":"http:\/\/delamanodemaria.com\/index.php?rest_route=\/wp\/v2\/posts\/776\/revisions\/784"}],"wp:attachment":[{"href":"http:\/\/delamanodemaria.com\/index.php?rest_route=%2Fwp%2Fv2%2Fmedia&parent=776"}],"wp:term":[{"taxonomy":"category","embeddable":true,"href":"http:\/\/delamanodemaria.com\/index.php?rest_route=%2Fwp%2Fv2%2Fcategories&post=776"},{"taxonomy":"post_tag","embeddable":true,"href":"http:\/\/delamanodemaria.com\/index.php?rest_route=%2Fwp%2Fv2%2Ftags&post=776"}],"curies":[{"name":"wp","href":"https:\/\/api.w.org\/{rel}","templated":true}]}}