{"id":7780,"date":"2016-10-05T21:43:27","date_gmt":"2016-10-06T01:43:27","guid":{"rendered":"http:\/\/delamanodemaria.com\/?p=7780"},"modified":"2016-10-09T20:59:43","modified_gmt":"2016-10-10T00:59:43","slug":"nuestra-senora-del-rosario-patrona-de-la-orden-de-predicadores-dominicos-2","status":"publish","type":"post","link":"http:\/\/delamanodemaria.com\/?p=7780","title":{"rendered":"NUESTRA SE\u00d1ORA DEL ROSARIO PATRONA DE LA ORDEN DE PREDICADORES (DOMINICOS)"},"content":{"rendered":"<p align=\"left\"><img decoding=\"async\" loading=\"lazy\" class=\"size-full wp-image-55 aligncenter\" src=\"http:\/\/delamanodemaria.com\/wp-content\/uploads\/2013\/01\/Sto-Dgo-Rosario.jpg\" alt=\"Sto Dgo Rosario\" width=\"498\" height=\"720\" srcset=\"http:\/\/delamanodemaria.com\/wp-content\/uploads\/2013\/01\/Sto-Dgo-Rosario.jpg 498w, http:\/\/delamanodemaria.com\/wp-content\/uploads\/2013\/01\/Sto-Dgo-Rosario-207x300.jpg 207w\" sizes=\"(max-width: 498px) 100vw, 498px\" \/><\/p>\n<p align=\"left\"><span style=\"color: #000000; font-size: large;\">Estamos celebrando el mes del Rosario, y dentro de este mes celebramos tambi\u00e9n la fiesta de Nuestra Se\u00f1ora del Rosario, que fue instituida por el Papa dominico san P\u00edo V el <strong>7 de Octubre<\/strong>, en el aniversario de la victoria obtenida por los cristianos en la Batalla naval de Lepanto (1571) atribuida a la Madre de Dios, invocada por la oraci\u00f3n del rosario. La celebraci\u00f3n de ese d\u00eda es una invitaci\u00f3n para todos a meditar los misterios de Cristo, en compa\u00f1\u00eda de la Virgen Mar\u00eda, que estuvo asociada de un modo especial\u00edsimo a la encarnaci\u00f3n, la pasi\u00f3n y la gloria de la resurrecci\u00f3n del Hijo de Dios.<\/span><\/p>\n<p align=\"left\"><span style=\"color: #000000; font-size: large;\">Seg\u00fan la tradici\u00f3n, la Madre de Dios, en persona, le ense\u00f1\u00f3 a Santo Domingo de Guzm\u00e1n a rezar el rosario en el a\u00f1o 1208 y le dijo que propagara esta devoci\u00f3n y la utilizara como <strong>arma poderosa<\/strong> en contra de los enemigos de la Fe. Nuestro Padre Domingo de Guzm\u00e1n era un santo sacerdote espa\u00f1ol que fue al sur de Francia para convertir a los que se hab\u00edan apartado de la Iglesia por la herej\u00eda <\/span><a href=\"http:\/\/www.corazones.org\/diccionario\/albingenses.htm\" target=\"_blank\"><span style=\"color: #0000ff; font-size: large;\">albingense<\/span><span style=\"color: #000000; font-size: large;\">.<\/span><\/a><\/p>\n<p align=\"left\"><span style=\"color: #000000; font-size: large;\">Luego de varios intentos no muy existosos en su af\u00e1n de convertir a los albigenses, Domingo se sent\u00eda un tanto defraudado, mas no falto de fe. Para ese tiempo dio inicio a una orden religiosa para las mujeres j\u00f3venes convertidas. Su convento se encontraba en Prouille, junto a una capilla dedicada a la Sant\u00edsima Virgen. Fue en esta capilla en donde Domingo le suplic\u00f3 a Nuestra Se\u00f1ora que lo ayudara, pues sent\u00eda que no estaba logrando casi nada. Cuentan que mientras estaba en oraci\u00f3n la Sant\u00edsima Virgen se le apareci\u00f3 en la capilla. En su mano sosten\u00eda un rosario y le ense\u00f1\u00f3 a Domingo a recitarlo. Dijo que lo predicara por todo el mundo, prometi\u00e9ndole que muchos pecadores se convertir\u00edan y obtendr\u00edan abundantes gracias.<\/span><\/p>\n<p align=\"left\"><span style=\"color: #000000; font-size: large;\">Domingo sali\u00f3 de all\u00ed lleno de celo, con el rosario en la mano. Efectivamente, lo predic\u00f3, y con gran \u00e9xito porque muchos albingenses volvieron a la fe cat\u00f3lica.<\/span><\/p>\n<p align=\"left\"><span style=\"color: #000000; font-size: large;\">Lamentablemente la situaci\u00f3n entre albingenses y cristianos estaba adem\u00e1s vinculada con la pol\u00edtica, lo cual hizo que la cosa llegase a la guerra. Sim\u00f3n de Montfort, el dirigente del ej\u00e9rcito cristiano y a la vez amigo de Domingo, hizo que \u00e9ste ense\u00f1ara a las tropas a rezar el rosario. Lo rezaron con gran devoci\u00f3n antes de su batalla m\u00e1s importante en Muret. De Montfort consider\u00f3 que su victoria hab\u00eda sido un verdadero milagro y el resultado del rosario. Como signo de gratitud, De Montfort construy\u00f3 la primera capilla a Nuestra Se\u00f1ora del Rosario.<\/span><\/p>\n<p align=\"left\"><span style=\"color: #000000; font-size: large;\">Un creciente n\u00famero de hombres se uni\u00f3 a la obra apost\u00f3lica de Domingo y, con la aprobaci\u00f3n del Santo Padre, Domingo form\u00f3 la Orden de Predicadores (m\u00e1s conocidos como Dominicos). Con gran celo predicaban, ense\u00f1aban y los frutos de conversi\u00f3n crec\u00edan. A medida que la orden crec\u00eda, se extendieron a diferentes pa\u00edses como misioneros para la gloria de Dios y de la Virgen.<\/span><\/p>\n<p align=\"left\"><span style=\"color: #000000; font-size: large;\">El rosario se mantuvo como la oraci\u00f3n predilecta durante casi dos siglos. Cuando la devoci\u00f3n empez\u00f3 a disminuir, la Virgen se apareci\u00f3 a <strong>Alano de la Rupe<\/strong> y le dijo que reviviera dicha devoci\u00f3n. La Virgen le dijo tambi\u00e9n que se necesitar\u00edan vol\u00famenes inmensos para registrar todos los milagros logrados por medio del rosario y reiter\u00f3 las promesas dadas a Santo Domingo referentes al rosario.<\/span><\/p>\n<p align=\"left\"><span style=\"color: #000000; font-size: large;\">Adaptado de:<\/span><\/p>\n<p align=\"left\"><a href=\"http:\/\/www.corazones.org\/maria\/rosario_historia.htm\"><span style=\"color: #0000ff; font-size: large;\">http:\/\/www.corazones.org\/maria\/rosario_historia.htm<\/span><\/a><\/p>\n<div style=\"padding-bottom:20px; padding-top:10px;\" class=\"hupso-share-buttons\"><!-- Hupso Share Buttons - https:\/\/www.hupso.com\/share\/ --><a class=\"hupso_toolbar\" href=\"https:\/\/www.hupso.com\/share\/\"><img src=\"http:\/\/static.hupso.com\/share\/buttons\/lang\/es\/share-medium.png\" style=\"border:0px; padding-top: 5px; float:left;\" alt=\"Share Button\"\/><\/a><script type=\"text\/javascript\">var hupso_services_t=new Array(\"Twitter\",\"Facebook\",\"Google Plus\",\"Pinterest\",\"Linkedin\",\"Email\",\"Print\");var hupso_background_t=\"#EAF4FF\";var hupso_border_t=\"#66CCFF\";var hupso_toolbar_size_t=\"medium\";var hupso_image_folder_url = \"\";var hupso_twitter_via=\"hectorops\";var hupso_url_t=\"\";var hupso_title_t=\"NUESTRA%20SE%C3%91ORA%20DEL%20ROSARIO%20PATRONA%20DE%20LA%20ORDEN%20DE%20PREDICADORES%20%28DOMINICOS%29\";<\/script><script type=\"text\/javascript\" src=\"http:\/\/static.hupso.com\/share\/js\/share_toolbar.js\"><\/script><!-- Hupso Share Buttons --><\/div>","protected":false},"excerpt":{"rendered":"<p>Estamos celebrando el mes del Rosario, y dentro de este mes celebramos tambi\u00e9n la fiesta de Nuestra Se\u00f1ora del Rosario, que fue instituida por el Papa dominico san P\u00edo V el 7 de Octubre, en el aniversario de la victoria &hellip; <a href=\"http:\/\/delamanodemaria.com\/?p=7780\">Continue reading <span class=\"meta-nav\">&rarr;<\/span><\/a><\/p>\n<div style=\"padding-bottom:20px; padding-top:10px;\" class=\"hupso-share-buttons\"><!-- Hupso Share Buttons - https:\/\/www.hupso.com\/share\/ --><a class=\"hupso_toolbar\" href=\"https:\/\/www.hupso.com\/share\/\"><img src=\"http:\/\/static.hupso.com\/share\/buttons\/lang\/es\/share-medium.png\" style=\"border:0px; padding-top: 5px; float:left;\" alt=\"Share Button\"\/><\/a><script type=\"text\/javascript\">var hupso_services_t=new Array(\"Twitter\",\"Facebook\",\"Google Plus\",\"Pinterest\",\"Linkedin\",\"Email\",\"Print\");var hupso_background_t=\"#EAF4FF\";var hupso_border_t=\"#66CCFF\";var hupso_toolbar_size_t=\"medium\";var hupso_image_folder_url = \"\";var hupso_twitter_via=\"hectorops\";var hupso_url_t=\"\";var hupso_title_t=\"NUESTRA%20SE%C3%91ORA%20DEL%20ROSARIO%20PATRONA%20DE%20LA%20ORDEN%20DE%20PREDICADORES%20%28DOMINICOS%29\";<\/script><script type=\"text\/javascript\" src=\"http:\/\/static.hupso.com\/share\/js\/share_toolbar.js\"><\/script><!-- Hupso Share Buttons --><\/div>","protected":false},"author":1,"featured_media":0,"comment_status":"open","ping_status":"open","sticky":false,"template":"","format":"standard","meta":{"jetpack_post_was_ever_published":false,"_jetpack_newsletter_access":"","_jetpack_newsletter_tier_id":0,"jetpack_publicize_message":"","jetpack_is_tweetstorm":false,"jetpack_publicize_feature_enabled":true,"jetpack_social_post_already_shared":true,"jetpack_social_options":{"image_generator_settings":{"template":"highway","enabled":false}}},"categories":[1],"tags":[1541,1539,661,103,687,250,125,1540],"jetpack_publicize_connections":[],"jetpack_featured_media_url":"","jetpack_shortlink":"https:\/\/wp.me\/p3bBgS-21u","jetpack_sharing_enabled":true,"jetpack_likes_enabled":true,"_links":{"self":[{"href":"http:\/\/delamanodemaria.com\/index.php?rest_route=\/wp\/v2\/posts\/7780"}],"collection":[{"href":"http:\/\/delamanodemaria.com\/index.php?rest_route=\/wp\/v2\/posts"}],"about":[{"href":"http:\/\/delamanodemaria.com\/index.php?rest_route=\/wp\/v2\/types\/post"}],"author":[{"embeddable":true,"href":"http:\/\/delamanodemaria.com\/index.php?rest_route=\/wp\/v2\/users\/1"}],"replies":[{"embeddable":true,"href":"http:\/\/delamanodemaria.com\/index.php?rest_route=%2Fwp%2Fv2%2Fcomments&post=7780"}],"version-history":[{"count":3,"href":"http:\/\/delamanodemaria.com\/index.php?rest_route=\/wp\/v2\/posts\/7780\/revisions"}],"predecessor-version":[{"id":7803,"href":"http:\/\/delamanodemaria.com\/index.php?rest_route=\/wp\/v2\/posts\/7780\/revisions\/7803"}],"wp:attachment":[{"href":"http:\/\/delamanodemaria.com\/index.php?rest_route=%2Fwp%2Fv2%2Fmedia&parent=7780"}],"wp:term":[{"taxonomy":"category","embeddable":true,"href":"http:\/\/delamanodemaria.com\/index.php?rest_route=%2Fwp%2Fv2%2Fcategories&post=7780"},{"taxonomy":"post_tag","embeddable":true,"href":"http:\/\/delamanodemaria.com\/index.php?rest_route=%2Fwp%2Fv2%2Ftags&post=7780"}],"curies":[{"name":"wp","href":"https:\/\/api.w.org\/{rel}","templated":true}]}}