{"id":7783,"date":"2016-10-06T18:47:56","date_gmt":"2016-10-06T22:47:56","guid":{"rendered":"http:\/\/delamanodemaria.com\/?p=7783"},"modified":"2016-10-06T18:47:56","modified_gmt":"2016-10-06T22:47:56","slug":"reflexion-para-el-viernes-de-la-vigesima-septima-semana-del-t-o-2-07-10-16","status":"publish","type":"post","link":"http:\/\/delamanodemaria.com\/?p=7783","title":{"rendered":"REFLEXI\u00d3N PARA EL VIERNES DE LA VIG\u00c9SIMA S\u00c9PTIMA SEMANA DEL T.O. (2) 07-10-16"},"content":{"rendered":"<p><img decoding=\"async\" loading=\"lazy\" class=\"size-full wp-image-1065 aligncenter\" src=\"http:\/\/delamanodemaria.com\/wp-content\/uploads\/2013\/05\/echa-demonios-e1412896490483.jpg\" alt=\"echa demonios\" width=\"500\" height=\"408\" \/><\/p>\n<p>La liturgia de hoy contin\u00faa present\u00e1ndonos el Evangelio seg\u00fan san Lucas (11,15-26), espec\u00edficamente el pasaje en que, ante el magn\u00edfico poder demostrado por Jes\u00fas para expulsar demonios, algunos \u201cde entre la multitud\u201d, le acusaban de echar demonios por parte de <em>Belzeb\u00fa<\/em>, el pr\u00edncipe de los demonios, o sea Satan\u00e1s. Debemos recordar que la mentalidad b\u00edblica concibe el universo, y la vida de la humanidad como una batalla entre el bien y el mal, entre los esp\u00edritus que \u201camarran\u201d al hombre a lo natural, y el Esp\u00edritu de Dios que lo \u201clibera\u201d permiti\u00e9ndole participar de la libertad divina. Es la batalla entre las fuerzas del bien y las fuerzas del mal que se refleja en la literatura apocal\u00edptica, en la cual al final siempre ha de prevalecer el bien.<\/p>\n<p>Jes\u00fas, luego de enfatizar la importancia de la unidad para poder vencer las fuerzas del mal, anuncia: \u201csi yo echo los demonios con el dedo de Dios, entonces es que el reino de Dios ha llegado a vosotros\u201d. Con esta aseveraci\u00f3n Jes\u00fas quiere se\u00f1alar que un nuevo Reino acaba de instaurarse sobre la tierra, el Reino de Dios, el \u00fanico capaz de destruir el reino de Satan\u00e1s, \u201cel gran acusador\u201d, como se nos presenta en esa gran batalla final que nos narra el cap\u00edtulo 12 del libro del Apocalipsis. La traducci\u00f3n de la frase \u201cel reino de Dios ha llegado a vosotros\u201d que encontramos en la lectura de hoy, suena m\u00e1s contundente en el original griego: \u201cel reino de Dios os ha llegado por sorpresa,\u2026 de s\u00fabito\u201d. Tan de sorpresa que ni el mismo Satan\u00e1s ha tenido tiempo de esquivar el \u201cgolpe\u201d que se le vino encima.<\/p>\n<p>Es el poder del \u201cdedo de Dios\u201d, que en t\u00e9rminos b\u00edblicos representa la potencia divina, ya que Dios, con tan solo mover la punta del dedo realiza los actos m\u00e1s portentosos (<em>Cfr<\/em>. Ex 8,15). No hay duda. Jes\u00fas tiene el poder del \u201cdedo de Dios\u201d, el \u00fanico capaz de derrotar a Satan\u00e1s.<\/p>\n<p>En esta versi\u00f3n de Lucas encontramos adem\u00e1s una alusi\u00f3n al \u201chombre m\u00e1s fuerte\u201d (algunas versiones dicen \u201cm\u00e1s poderoso\u201d) que puede vencer a su adversario, en una clara alusi\u00f3n al nombre que Juan el Bautista hab\u00eda dado al Mes\u00edas (Lc 3,16). Otra se\u00f1al de la divinidad de Jes\u00fas.<\/p>\n<p>Y como para cerrar con broche de oro, Jes\u00fas enfatiza una vez m\u00e1s a sus disc\u00edpulos la radicalidad del seguimiento, la intransigencia que se espera de ellos (y de nosotros) al momento de elegir entre los dos reinos: \u201cEl que no est\u00e1 conmigo est\u00e1 contra m\u00ed; el que no recoge conmigo desparrama\u201d. Si en algo Jes\u00fas es claro es en esto; no hay tal cosa como t\u00e9rminos medios. O eres fr\u00edo o eres caliente; porque \u00c9l no te quiere tibio (<em>Cfr. <\/em>Ap 3,15-16).<\/p>\n<p>Hoy, pidamos al Se\u00f1or que nos conceda el don de discernimiento para escoger y mostrar siempre preferencia por el reino de Dios. Pidamos tambi\u00e9n al \u201cm\u00e1s fuerte\u201d que venga en nuestro auxilio y el de nuestro pueblo, para que con el poder del \u201cdedo de Dios\u201d, eche todos los demonios que nos mantienen esclavizados.<\/p>\n<div style=\"padding-bottom:20px; padding-top:10px;\" class=\"hupso-share-buttons\"><!-- Hupso Share Buttons - https:\/\/www.hupso.com\/share\/ --><a class=\"hupso_toolbar\" href=\"https:\/\/www.hupso.com\/share\/\"><img src=\"http:\/\/static.hupso.com\/share\/buttons\/lang\/es\/share-medium.png\" style=\"border:0px; padding-top: 5px; float:left;\" alt=\"Share Button\"\/><\/a><script type=\"text\/javascript\">var hupso_services_t=new Array(\"Twitter\",\"Facebook\",\"Google Plus\",\"Pinterest\",\"Linkedin\",\"Email\",\"Print\");var hupso_background_t=\"#EAF4FF\";var hupso_border_t=\"#66CCFF\";var hupso_toolbar_size_t=\"medium\";var hupso_image_folder_url = \"\";var hupso_twitter_via=\"hectorops\";var hupso_url_t=\"\";var hupso_title_t=\"REFLEXI%C3%93N%20PARA%20EL%20VIERNES%20DE%20LA%20VIG%C3%89SIMA%20S%C3%89PTIMA%20SEMANA%20DEL%20T.O.%20%282%29%2007-10-16\";<\/script><script type=\"text\/javascript\" src=\"http:\/\/static.hupso.com\/share\/js\/share_toolbar.js\"><\/script><!-- Hupso Share Buttons --><\/div>","protected":false},"excerpt":{"rendered":"<p>La liturgia de hoy contin\u00faa present\u00e1ndonos el Evangelio seg\u00fan san Lucas (11,15-26), espec\u00edficamente el pasaje en que, ante el magn\u00edfico poder demostrado por Jes\u00fas para expulsar demonios, algunos \u201cde entre la multitud\u201d, le acusaban de echar demonios por parte de &hellip; <a href=\"http:\/\/delamanodemaria.com\/?p=7783\">Continue reading <span class=\"meta-nav\">&rarr;<\/span><\/a><\/p>\n<div style=\"padding-bottom:20px; padding-top:10px;\" class=\"hupso-share-buttons\"><!-- Hupso Share Buttons - https:\/\/www.hupso.com\/share\/ --><a class=\"hupso_toolbar\" href=\"https:\/\/www.hupso.com\/share\/\"><img src=\"http:\/\/static.hupso.com\/share\/buttons\/lang\/es\/share-medium.png\" style=\"border:0px; padding-top: 5px; float:left;\" alt=\"Share Button\"\/><\/a><script type=\"text\/javascript\">var hupso_services_t=new Array(\"Twitter\",\"Facebook\",\"Google Plus\",\"Pinterest\",\"Linkedin\",\"Email\",\"Print\");var hupso_background_t=\"#EAF4FF\";var hupso_border_t=\"#66CCFF\";var hupso_toolbar_size_t=\"medium\";var hupso_image_folder_url = \"\";var hupso_twitter_via=\"hectorops\";var hupso_url_t=\"\";var hupso_title_t=\"REFLEXI%C3%93N%20PARA%20EL%20VIERNES%20DE%20LA%20VIG%C3%89SIMA%20S%C3%89PTIMA%20SEMANA%20DEL%20T.O.%20%282%29%2007-10-16\";<\/script><script type=\"text\/javascript\" src=\"http:\/\/static.hupso.com\/share\/js\/share_toolbar.js\"><\/script><!-- Hupso Share Buttons --><\/div>","protected":false},"author":1,"featured_media":0,"comment_status":"open","ping_status":"open","sticky":false,"template":"","format":"standard","meta":{"jetpack_post_was_ever_published":false,"_jetpack_newsletter_access":"","_jetpack_newsletter_tier_id":0,"jetpack_publicize_message":"","jetpack_is_tweetstorm":false,"jetpack_publicize_feature_enabled":true,"jetpack_social_post_already_shared":true,"jetpack_social_options":{"image_generator_settings":{"template":"highway","enabled":false}}},"categories":[1],"tags":[586,322,1544,1542,1543,664,1078,96,359,1545,1323,696,2,472,1514,144],"jetpack_publicize_connections":[],"jetpack_featured_media_url":"","jetpack_shortlink":"https:\/\/wp.me\/p3bBgS-21x","jetpack_sharing_enabled":true,"jetpack_likes_enabled":true,"_links":{"self":[{"href":"http:\/\/delamanodemaria.com\/index.php?rest_route=\/wp\/v2\/posts\/7783"}],"collection":[{"href":"http:\/\/delamanodemaria.com\/index.php?rest_route=\/wp\/v2\/posts"}],"about":[{"href":"http:\/\/delamanodemaria.com\/index.php?rest_route=\/wp\/v2\/types\/post"}],"author":[{"embeddable":true,"href":"http:\/\/delamanodemaria.com\/index.php?rest_route=\/wp\/v2\/users\/1"}],"replies":[{"embeddable":true,"href":"http:\/\/delamanodemaria.com\/index.php?rest_route=%2Fwp%2Fv2%2Fcomments&post=7783"}],"version-history":[{"count":2,"href":"http:\/\/delamanodemaria.com\/index.php?rest_route=\/wp\/v2\/posts\/7783\/revisions"}],"predecessor-version":[{"id":7785,"href":"http:\/\/delamanodemaria.com\/index.php?rest_route=\/wp\/v2\/posts\/7783\/revisions\/7785"}],"wp:attachment":[{"href":"http:\/\/delamanodemaria.com\/index.php?rest_route=%2Fwp%2Fv2%2Fmedia&parent=7783"}],"wp:term":[{"taxonomy":"category","embeddable":true,"href":"http:\/\/delamanodemaria.com\/index.php?rest_route=%2Fwp%2Fv2%2Fcategories&post=7783"},{"taxonomy":"post_tag","embeddable":true,"href":"http:\/\/delamanodemaria.com\/index.php?rest_route=%2Fwp%2Fv2%2Ftags&post=7783"}],"curies":[{"name":"wp","href":"https:\/\/api.w.org\/{rel}","templated":true}]}}