{"id":7886,"date":"2016-10-27T20:47:24","date_gmt":"2016-10-28T00:47:24","guid":{"rendered":"http:\/\/delamanodemaria.com\/?p=7886"},"modified":"2016-10-27T20:47:24","modified_gmt":"2016-10-28T00:47:24","slug":"reflexion-para-el-viernes-de-la-trigesima-semana-del-t-o-2-28-10-16","status":"publish","type":"post","link":"http:\/\/delamanodemaria.com\/?p=7886","title":{"rendered":"REFLEXI\u00d3N PARA EL VIERNES DE LA TRIG\u00c9SIMA SEMANA DEL T.O. (2) 28-10-16"},"content":{"rendered":"<div id=\"attachment_3646\" style=\"width: 970px\" class=\"wp-caption alignnone\"><img aria-describedby=\"caption-attachment-3646\" decoding=\"async\" loading=\"lazy\" class=\"size-full wp-image-3646\" src=\"http:\/\/delamanodemaria.com\/wp-content\/uploads\/2014\/06\/Bautismo-de-Lidya.jpg\" alt=\"Celebrando la Eucarist\u00eda en Filipos, en un peque\u00f1o islote en medio del r\u00edo justo en el lugar en que Pablo bautiz\u00f3 a Lidia, la primera cristiana bautizada en el continente europeo (Hc 16,13-15). Una experiencia inolvidable. All\u00ed celebramos la misa de la vigilia de Pentecost\u00e9s. Foto tomada durante nuestra peregrinaci\u00f3n del 2014.\" width=\"960\" height=\"639\" srcset=\"http:\/\/delamanodemaria.com\/wp-content\/uploads\/2014\/06\/Bautismo-de-Lidya.jpg 960w, http:\/\/delamanodemaria.com\/wp-content\/uploads\/2014\/06\/Bautismo-de-Lidya-300x199.jpg 300w, http:\/\/delamanodemaria.com\/wp-content\/uploads\/2014\/06\/Bautismo-de-Lidya-450x300.jpg 450w\" sizes=\"(max-width: 960px) 100vw, 960px\" \/><p id=\"caption-attachment-3646\" class=\"wp-caption-text\">Celebrando la Eucarist\u00eda en Filipos, en un peque\u00f1o islote en medio del r\u00edo justo en el lugar en que Pablo bautiz\u00f3 a Lidia, la primera cristiana bautizada en el continente europeo (Hc 16,13-15). Una experiencia inolvidable. All\u00ed celebramos la misa de la vigilia de Pentecost\u00e9s. Foto tomada durante nuestra peregrinaci\u00f3n del 2014.<\/p><\/div>\n<p>Durante los pr\u00f3ximos d\u00edas estaremos contemplando como primera lectura la carta del ap\u00f3stol san Pablo a los Filipenses. Esta es una de las cartas que Pablo escribe desde la c\u00e1rcel (junto con Efesios, Colosenses y Filem\u00f3n). La lectura de hoy (Fil 1,1-11) nos presenta el saludo, que es la primera parte de las cartas paulinas, y en \u00e9l podemos percibir el amor genuino que Pablo siente por esta comunidad, la primera evangelizada por Pablo en el continente europeo (Hch 16,11-15): \u201cDoy gracias a mi Dios cada vez que os menciono; siempre que rezo por todos vosotros, lo hago con gran alegr\u00eda. Porque hab\u00e9is sido colaboradores m\u00edos en la obra del Evangelio, desde el primer d\u00eda hasta hoy\u2026 os llevo dentro\u201d.<\/p>\n<p>Pablo no solo reconoce el trabajo que junto a \u00e9l los de Filipos desplegaron en la misi\u00f3n de evangelizar, sino que los alienta y exhorta a mantenerse firmes: \u201c\u00c9sta es mi convicci\u00f3n: que el que ha inaugurado entre vosotros una empresa buena la llevar\u00e1 adelante hasta el d\u00eda de Cristo Jes\u00fas\u201d. Por eso termina el saludo diciendo: \u201cY \u00e9sta es mi oraci\u00f3n: que vuestro amor siga creciendo m\u00e1s y m\u00e1s en penetraci\u00f3n y en sensibilidad para apreciar los valores\u201d.<\/p>\n<p>Dentro del mensaje de exhortaci\u00f3n al amor fraterno, Pablo reconoce la labor que han realizado y cu\u00e1n importante han sido para su tarea evangelizadora. Pablo nos est\u00e1 presentando un ejemplo que debemos emular todos los que dirigimos o estamos encargados de alg\u00fan ministerio, grupo o movimiento dentro de la Iglesia (incluyendo la <em>iglesia dom\u00e9stica<\/em>). No podemos atribuirnos el m\u00e9rito de los logros; tenemos que reconocer el trabajo de los dem\u00e1s componentes del grupo, por m\u00ednimo que sea, pues eso les entusiasma a seguir contribuyendo, y tal vez sea el est\u00edmulo que necesitan para aportar m\u00e1s al \u00e9xito de esa \u201cempresa buena\u201d.<\/p>\n<p>El Evangelio (Lc 14,1-6) nos presenta a Jes\u00fas aceptando una invitaci\u00f3n a comer en casa de un fariseo, uno de sus \u201cadversarios\u201d religiosos. Jes\u00fas aprovecha cada oportunidad para evangelizar, y eso incluye sentarse a la mesa con sus adversarios, con el significado que ese gesto tiene en la cultura de su tiempo. Una vez all\u00ed, ve a uno que sufr\u00eda de hidropes\u00eda y lo cura. Pero el milagro, del que se nos brinda poco detalle, juega un papel secundario en la narraci\u00f3n, cuyo tema es uno tambi\u00e9n recurrente en Jes\u00fas: el verdadero sentido del s\u00e1bado, y c\u00f3mo los fariseos hab\u00edan tergiversado la Ley de Mois\u00e9s incluyendo el curar entre las 39 tareas o trabajos que estaban prohibidas en s\u00e1bado. Jes\u00fas lo sabe, pero aun as\u00ed, antes de curar al hombre le formula a sus anfitriones la pregunta: \u201c\u00bfEs l\u00edcito curar los s\u00e1bados, o no?\u201d<\/p>\n<p>Ante el silencio de sus interlocutores, luego de curar y despedir a hombre, les dijo: \u201cSi a uno de vosotros se le cae al pozo el burro o el buey, \u00bfno lo saca en seguida, aunque sea s\u00e1bado?\u201d De nuevo, silencio.<\/p>\n<p>El mensaje de Jes\u00fas es claro. La Ley no puede estar por encima de la caridad. A veces nosotros mismos ponemos toda clase de excusas para no ayudar a un hermano que lo necesita, incluyendo nuestras \u201cobligaciones\u201d para con la Iglesia. \u00bfQu\u00e9 nos dir\u00e1 Jes\u00fas?<\/p>\n<div style=\"padding-bottom:20px; padding-top:10px;\" class=\"hupso-share-buttons\"><!-- Hupso Share Buttons - https:\/\/www.hupso.com\/share\/ --><a class=\"hupso_toolbar\" href=\"https:\/\/www.hupso.com\/share\/\"><img src=\"http:\/\/static.hupso.com\/share\/buttons\/lang\/es\/share-medium.png\" style=\"border:0px; padding-top: 5px; float:left;\" alt=\"Share Button\"\/><\/a><script type=\"text\/javascript\">var hupso_services_t=new Array(\"Twitter\",\"Facebook\",\"Google Plus\",\"Pinterest\",\"Linkedin\",\"Email\",\"Print\");var hupso_background_t=\"#EAF4FF\";var hupso_border_t=\"#66CCFF\";var hupso_toolbar_size_t=\"medium\";var hupso_image_folder_url = \"\";var hupso_twitter_via=\"hectorops\";var hupso_url_t=\"\";var hupso_title_t=\"REFLEXI%C3%93N%20PARA%20EL%20VIERNES%20DE%20LA%20TRIG%C3%89SIMA%20SEMANA%20DEL%20T.O.%20%282%29%2028-10-16\";<\/script><script type=\"text\/javascript\" src=\"http:\/\/static.hupso.com\/share\/js\/share_toolbar.js\"><\/script><!-- Hupso Share Buttons --><\/div>","protected":false},"excerpt":{"rendered":"<p>Durante los pr\u00f3ximos d\u00edas estaremos contemplando como primera lectura la carta del ap\u00f3stol san Pablo a los Filipenses. Esta es una de las cartas que Pablo escribe desde la c\u00e1rcel (junto con Efesios, Colosenses y Filem\u00f3n). La lectura de hoy &hellip; <a href=\"http:\/\/delamanodemaria.com\/?p=7886\">Continue reading <span class=\"meta-nav\">&rarr;<\/span><\/a><\/p>\n<div style=\"padding-bottom:20px; padding-top:10px;\" class=\"hupso-share-buttons\"><!-- Hupso Share Buttons - https:\/\/www.hupso.com\/share\/ --><a class=\"hupso_toolbar\" href=\"https:\/\/www.hupso.com\/share\/\"><img src=\"http:\/\/static.hupso.com\/share\/buttons\/lang\/es\/share-medium.png\" style=\"border:0px; padding-top: 5px; float:left;\" alt=\"Share Button\"\/><\/a><script type=\"text\/javascript\">var hupso_services_t=new Array(\"Twitter\",\"Facebook\",\"Google Plus\",\"Pinterest\",\"Linkedin\",\"Email\",\"Print\");var hupso_background_t=\"#EAF4FF\";var hupso_border_t=\"#66CCFF\";var hupso_toolbar_size_t=\"medium\";var hupso_image_folder_url = \"\";var hupso_twitter_via=\"hectorops\";var hupso_url_t=\"\";var hupso_title_t=\"REFLEXI%C3%93N%20PARA%20EL%20VIERNES%20DE%20LA%20TRIG%C3%89SIMA%20SEMANA%20DEL%20T.O.%20%282%29%2028-10-16\";<\/script><script type=\"text\/javascript\" src=\"http:\/\/static.hupso.com\/share\/js\/share_toolbar.js\"><\/script><!-- Hupso Share Buttons --><\/div>","protected":false},"author":1,"featured_media":0,"comment_status":"open","ping_status":"open","sticky":false,"template":"","format":"standard","meta":{"jetpack_post_was_ever_published":false,"_jetpack_newsletter_access":"","_jetpack_newsletter_tier_id":0,"jetpack_publicize_message":"","jetpack_is_tweetstorm":false,"jetpack_publicize_feature_enabled":true,"jetpack_social_post_already_shared":true,"jetpack_social_options":{"image_generator_settings":{"template":"highway","enabled":false}}},"categories":[1],"tags":[686,586,280,1614,1170,78,685,903,139,1615,748,18,2,277,418,722,308],"jetpack_publicize_connections":[],"jetpack_featured_media_url":"","jetpack_shortlink":"https:\/\/wp.me\/p3bBgS-23c","jetpack_sharing_enabled":true,"jetpack_likes_enabled":true,"_links":{"self":[{"href":"http:\/\/delamanodemaria.com\/index.php?rest_route=\/wp\/v2\/posts\/7886"}],"collection":[{"href":"http:\/\/delamanodemaria.com\/index.php?rest_route=\/wp\/v2\/posts"}],"about":[{"href":"http:\/\/delamanodemaria.com\/index.php?rest_route=\/wp\/v2\/types\/post"}],"author":[{"embeddable":true,"href":"http:\/\/delamanodemaria.com\/index.php?rest_route=\/wp\/v2\/users\/1"}],"replies":[{"embeddable":true,"href":"http:\/\/delamanodemaria.com\/index.php?rest_route=%2Fwp%2Fv2%2Fcomments&post=7886"}],"version-history":[{"count":1,"href":"http:\/\/delamanodemaria.com\/index.php?rest_route=\/wp\/v2\/posts\/7886\/revisions"}],"predecessor-version":[{"id":7887,"href":"http:\/\/delamanodemaria.com\/index.php?rest_route=\/wp\/v2\/posts\/7886\/revisions\/7887"}],"wp:attachment":[{"href":"http:\/\/delamanodemaria.com\/index.php?rest_route=%2Fwp%2Fv2%2Fmedia&parent=7886"}],"wp:term":[{"taxonomy":"category","embeddable":true,"href":"http:\/\/delamanodemaria.com\/index.php?rest_route=%2Fwp%2Fv2%2Fcategories&post=7886"},{"taxonomy":"post_tag","embeddable":true,"href":"http:\/\/delamanodemaria.com\/index.php?rest_route=%2Fwp%2Fv2%2Ftags&post=7886"}],"curies":[{"name":"wp","href":"https:\/\/api.w.org\/{rel}","templated":true}]}}