{"id":7906,"date":"2016-11-01T10:26:32","date_gmt":"2016-11-01T14:26:32","guid":{"rendered":"http:\/\/delamanodemaria.com\/?p=7906"},"modified":"2016-11-01T10:27:32","modified_gmt":"2016-11-01T14:27:32","slug":"eucaristia-y-adoracion-del-santisimo-acompanados-por-el-cantautor-catolico-quique-lopez-03-11-16","status":"publish","type":"post","link":"http:\/\/delamanodemaria.com\/?p=7906","title":{"rendered":"Eucarist\u00eda y Adoraci\u00f3n del Sant\u00edsimo, acompa\u00f1ados por el cantautor cat\u00f3lico Quique L\u00f3pez 03-11-16"},"content":{"rendered":"<p><img decoding=\"async\" loading=\"lazy\" class=\"alignnone size-large wp-image-7863\" src=\"http:\/\/delamanodemaria.com\/wp-content\/uploads\/2016\/10\/Poster-promocional-Quique-L\u00f3pez-791x1024.jpg\" alt=\"poster-promocional-quique-lopez\" width=\"584\" height=\"756\" srcset=\"http:\/\/delamanodemaria.com\/wp-content\/uploads\/2016\/10\/Poster-promocional-Quique-L\u00f3pez-791x1024.jpg 791w, http:\/\/delamanodemaria.com\/wp-content\/uploads\/2016\/10\/Poster-promocional-Quique-L\u00f3pez-232x300.jpg 232w, http:\/\/delamanodemaria.com\/wp-content\/uploads\/2016\/10\/Poster-promocional-Quique-L\u00f3pez-768x994.jpg 768w, http:\/\/delamanodemaria.com\/wp-content\/uploads\/2016\/10\/Poster-promocional-Quique-L\u00f3pez.jpg 1275w\" sizes=\"(max-width: 584px) 100vw, 584px\" \/><\/p>\n<p>Este\u00a0jueves, 3 de noviembre a las 6:30 P.M., acompa\u00f1emos a los hermanos del Grupo de Oraci\u00f3n de nuestra Parroquia El Buen Pastor, de Guaynabo que oran por todos nosotros y por nuestros sacerdotes, en esta celebraci\u00f3n tan especial.<\/p>\n<p>La Adoraci\u00f3n del Sant\u00edsimo contar\u00e1\u00a0de la voz del cantautor cat\u00f3lico Quique L\u00f3pez.<\/p>\n<p>Todo el Pueblo de Dios est\u00e1 cordialmente invitado a compartir con nuestra comunidad.<\/p>\n<div style=\"padding-bottom:20px; padding-top:10px;\" class=\"hupso-share-buttons\"><!-- Hupso Share Buttons - https:\/\/www.hupso.com\/share\/ --><a class=\"hupso_toolbar\" href=\"https:\/\/www.hupso.com\/share\/\"><img src=\"http:\/\/static.hupso.com\/share\/buttons\/lang\/es\/share-medium.png\" style=\"border:0px; padding-top: 5px; float:left;\" alt=\"Share Button\"\/><\/a><script type=\"text\/javascript\">var hupso_services_t=new Array(\"Twitter\",\"Facebook\",\"Google Plus\",\"Pinterest\",\"Linkedin\",\"Email\",\"Print\");var hupso_background_t=\"#EAF4FF\";var hupso_border_t=\"#66CCFF\";var hupso_toolbar_size_t=\"medium\";var hupso_image_folder_url = \"\";var hupso_twitter_via=\"hectorops\";var hupso_url_t=\"\";var hupso_title_t=\"Eucarist%C3%ADa%20y%20Adoraci%C3%B3n%20del%20Sant%C3%ADsimo%2C%20acompa%C3%B1ados%20por%20el%20cantautor%20cat%C3%B3lico%20Quique%20L%C3%B3pez%2003-11-16\";<\/script><script type=\"text\/javascript\" src=\"http:\/\/static.hupso.com\/share\/js\/share_toolbar.js\"><\/script><!-- Hupso Share Buttons --><\/div>","protected":false},"excerpt":{"rendered":"<p>Este\u00a0jueves, 3 de noviembre a las 6:30 P.M., acompa\u00f1emos a los hermanos del Grupo de Oraci\u00f3n de nuestra Parroquia El Buen Pastor, de Guaynabo que oran por todos nosotros y por nuestros sacerdotes, en esta celebraci\u00f3n tan especial. La Adoraci\u00f3n &hellip; <a href=\"http:\/\/delamanodemaria.com\/?p=7906\">Continue reading <span class=\"meta-nav\">&rarr;<\/span><\/a><\/p>\n<div style=\"padding-bottom:20px; padding-top:10px;\" class=\"hupso-share-buttons\"><!-- Hupso Share Buttons - https:\/\/www.hupso.com\/share\/ --><a class=\"hupso_toolbar\" href=\"https:\/\/www.hupso.com\/share\/\"><img src=\"http:\/\/static.hupso.com\/share\/buttons\/lang\/es\/share-medium.png\" style=\"border:0px; padding-top: 5px; float:left;\" alt=\"Share Button\"\/><\/a><script type=\"text\/javascript\">var hupso_services_t=new Array(\"Twitter\",\"Facebook\",\"Google Plus\",\"Pinterest\",\"Linkedin\",\"Email\",\"Print\");var hupso_background_t=\"#EAF4FF\";var hupso_border_t=\"#66CCFF\";var hupso_toolbar_size_t=\"medium\";var hupso_image_folder_url = \"\";var hupso_twitter_via=\"hectorops\";var hupso_url_t=\"\";var hupso_title_t=\"Eucarist%C3%ADa%20y%20Adoraci%C3%B3n%20del%20Sant%C3%ADsimo%2C%20acompa%C3%B1ados%20por%20el%20cantautor%20cat%C3%B3lico%20Quique%20L%C3%B3pez%2003-11-16\";<\/script><script type=\"text\/javascript\" src=\"http:\/\/static.hupso.com\/share\/js\/share_toolbar.js\"><\/script><!-- Hupso Share Buttons --><\/div>","protected":false},"author":1,"featured_media":0,"comment_status":"open","ping_status":"open","sticky":false,"template":"","format":"standard","meta":{"jetpack_post_was_ever_published":false,"_jetpack_newsletter_access":"","_jetpack_newsletter_tier_id":0,"jetpack_publicize_message":"","jetpack_is_tweetstorm":false,"jetpack_publicize_feature_enabled":true,"jetpack_social_post_already_shared":true,"jetpack_social_options":{"image_generator_settings":{"template":"highway","enabled":false}}},"categories":[1],"tags":[1597,543,45,1598,331,1596,148],"jetpack_publicize_connections":[],"jetpack_featured_media_url":"","jetpack_shortlink":"https:\/\/wp.me\/p3bBgS-23w","jetpack_sharing_enabled":true,"jetpack_likes_enabled":true,"_links":{"self":[{"href":"http:\/\/delamanodemaria.com\/index.php?rest_route=\/wp\/v2\/posts\/7906"}],"collection":[{"href":"http:\/\/delamanodemaria.com\/index.php?rest_route=\/wp\/v2\/posts"}],"about":[{"href":"http:\/\/delamanodemaria.com\/index.php?rest_route=\/wp\/v2\/types\/post"}],"author":[{"embeddable":true,"href":"http:\/\/delamanodemaria.com\/index.php?rest_route=\/wp\/v2\/users\/1"}],"replies":[{"embeddable":true,"href":"http:\/\/delamanodemaria.com\/index.php?rest_route=%2Fwp%2Fv2%2Fcomments&post=7906"}],"version-history":[{"count":3,"href":"http:\/\/delamanodemaria.com\/index.php?rest_route=\/wp\/v2\/posts\/7906\/revisions"}],"predecessor-version":[{"id":7909,"href":"http:\/\/delamanodemaria.com\/index.php?rest_route=\/wp\/v2\/posts\/7906\/revisions\/7909"}],"wp:attachment":[{"href":"http:\/\/delamanodemaria.com\/index.php?rest_route=%2Fwp%2Fv2%2Fmedia&parent=7906"}],"wp:term":[{"taxonomy":"category","embeddable":true,"href":"http:\/\/delamanodemaria.com\/index.php?rest_route=%2Fwp%2Fv2%2Fcategories&post=7906"},{"taxonomy":"post_tag","embeddable":true,"href":"http:\/\/delamanodemaria.com\/index.php?rest_route=%2Fwp%2Fv2%2Ftags&post=7906"}],"curies":[{"name":"wp","href":"https:\/\/api.w.org\/{rel}","templated":true}]}}