{"id":7955,"date":"2016-11-10T12:04:21","date_gmt":"2016-11-10T16:04:21","guid":{"rendered":"http:\/\/delamanodemaria.com\/?p=7955"},"modified":"2016-11-10T12:04:21","modified_gmt":"2016-11-10T16:04:21","slug":"precedencia-de-celebraciones-liturgicas","status":"publish","type":"post","link":"http:\/\/delamanodemaria.com\/?p=7955","title":{"rendered":"Precedencia de celebraciones lit\u00fargicas"},"content":{"rendered":"<p>Compartimos con ustedes este interesante art\u00edculo sobre la precedencia de las celebraciones lit\u00fargicas, cuando coinciden dos o m\u00e1s celebraciones el mismo d\u00eda.<\/p>\n<p>El mismo est\u00e1 tomado del muro de &#8220;Liturgia Papal&#8221; en Facebook: \u00a0<a href=\"https:\/\/www.facebook.com\/liturgia.papal.1\/\" target=\"_blank\">https:\/\/www.facebook.com\/liturgia.papal.1\/<\/a><\/p>\n<p><img decoding=\"async\" loading=\"lazy\" class=\"alignnone size-full wp-image-7958\" src=\"http:\/\/delamanodemaria.com\/wp-content\/uploads\/2016\/11\/a\u00f1o-lit\u00fargico.jpg\" alt=\"ano-liturgico\" width=\"728\" height=\"546\" srcset=\"http:\/\/delamanodemaria.com\/wp-content\/uploads\/2016\/11\/a\u00f1o-lit\u00fargico.jpg 728w, http:\/\/delamanodemaria.com\/wp-content\/uploads\/2016\/11\/a\u00f1o-lit\u00fargico-300x225.jpg 300w, http:\/\/delamanodemaria.com\/wp-content\/uploads\/2016\/11\/a\u00f1o-lit\u00fargico-400x300.jpg 400w\" sizes=\"(max-width: 728px) 100vw, 728px\" \/><\/p>\n<p>Toda vez que el a\u00f1o lit\u00fargico depende del calendario solar, del calendario lunar y de la forma en que se mueven los d\u00edas por las semanas, puede haber concurrencia de dos celebraciones el mismo d\u00eda.<\/p>\n<p>Eso se dar\u00eda cuando un mismo d\u00eda es domingo del tiempo ordinario y, a la vez, solemnidad de San Pedro y San Pablo. O cuando la solemnidad de la Anunciaci\u00f3n cae en Viernes Santo. <span class=\"text_exposed_show\">Son solo dos ejemplos de los muchos que puede haber.<\/span><\/p>\n<p>Para resolver estos problemas de concurrencias, la Iglesia ha elaborado una tabla de precedencias entre los d\u00edas lit\u00fargicos. Se trata de una tabla en la que se enumera del 1 al 13 las posibles celebraciones, api\u00f1adas en tres grupos. Las que son enlistadas en un n\u00famero inferior tienen precedencia sobre las que est\u00e1n mencionadas en un n\u00famero superior.<\/p>\n<p>Por ejemplo, si coincide la Solemnidad de San Jos\u00e9 con el Lunes Santo, tiene precedencia el Lunes Santo porque \u00e9ste es n\u00famero 2), mientras que San Jos\u00e9 es n\u00famero 3). Pero si San Jos\u00e9 cae en un viernes de cuaresma, se celebra San Jos\u00e9 porque es 3), mientras que las ferias de cuaresma son 9).<\/p>\n<p>Otra regla: si un a\u00f1o no puede celebrarse una solemnidad porque concurre con una celebraci\u00f3n de mayor grado, la solemnidad debe de celebrarse en el d\u00eda siguiente que no est\u00e9 impedido. Por ejemplo, en 2016 la fecha en que habitualmente se celebra la Anunciaci\u00f3n del Se\u00f1or (25 de marzo) cay\u00f3 en Viernes Santo. Por eso, se traslad\u00f3 al d\u00eda siguiente en que no haya impedimento, el 4 de abril, lunes de la II semana de Pascua.<\/p>\n<p>Si no se trata de una solemnidad, la celebraci\u00f3n que sea impedida por una de mayor rango se omite.<\/p>\n<p>Les dejo la tabla de precedencias lit\u00fargicas:<\/p>\n<p>Grupo I<\/p>\n<p>1) Triduo pascual de la Pasi\u00f3n y Resurrecci\u00f3n del Se\u00f1or<br \/>\n2) Natividad del Se\u00f1or, Epifan\u00eda, Ascensi\u00f3n y Pentecost\u00e9s<br \/>\nDomingos de Adviento, Cuaresma y Pascua<br \/>\nMi\u00e9rcoles de Ceniza<br \/>\nSemana Santa, desde el lunes al jueves, inclusive<br \/>\nD\u00edas de la Octava de Pascua<br \/>\n3) Solemnidades del Se\u00f1or, de la Sant\u00edsima Virgen Mar\u00eda y de los santos inscritas en el Calendario general.<br \/>\nConmemoraci\u00f3n de todos los fieles difuntos<br \/>\n4) Solemnidades propias, a saber:<br \/>\nSolemnidad del patrono principal del lugar, sea pueblo o ciudad<br \/>\nSolemnidad de la dedicaci\u00f3n y aniversario de la dedicaci\u00f3n de la iglesia propia<br \/>\nSolemnidad del t\u00edtulo de la iglesia propia<br \/>\nSolemnidad o del t\u00edtulo, o del fundador, o del patrono principal de la Orden o Congregaci\u00f3n<\/p>\n<p>Grupo II<\/p>\n<p>5) Fiestas del Se\u00f1or inscritas en el Calendario general<br \/>\n6) Domingos del tiempo de Navidad y del tiempo ordinario<br \/>\n7) Fiestas de la Sant\u00edsima Virgen Mar\u00eda y de los santos inscritas en el Calendario general<br \/>\n8)Fiestas propias, a saber:<br \/>\n-Fiesta del patrono principal de la di\u00f3cesis<br \/>\n-Fiesta del aniversario de la dedicaci\u00f3n de la iglesia catedral<br \/>\n-Fiesta del patrono principal de la regi\u00f3n o provincia, de la naci\u00f3n, de un territorio m\u00e1s extenso<br \/>\n-Fiesta o del t\u00edtulo, o del fundador, o del patrono principal de la Orden o Congregaci\u00f3n y de la provincia religiosa, quedando a salvo lo prescripto en el n\u00famero 4<br \/>\n-Otras fiestas propias de alguna iglesia<br \/>\n-Otras fiestas inscritas en el Calendario de cada di\u00f3cesis, o de cada -Orden o Congregaci\u00f3n<br \/>\n9) Las ferias de Adviento desde el d\u00eda 17 al d\u00eda 24 inclusive<br \/>\nD\u00edas de la octava de Navidad<br \/>\nLas ferias de Cuaresma<\/p>\n<p>Grupo III<\/p>\n<p>10) Memorias obligatorias inscritas en el calendario general<br \/>\n11) Memorias obligatorias propias, a saber:<br \/>\n-Memoria del patrono secundario del lugar, de la di\u00f3cesis, de la regi\u00f3n o provincia, de la naci\u00f3n, de un territorio m\u00e1s extenso, de la Orden o Congregaci\u00f3n y de la provincia religiosa<br \/>\n-Otras memorias obligatorias propias de alguna iglesia<br \/>\n-Otras memorias obligatorias inscritas en el Calendario de cada di\u00f3cesis, o de cada Orden o Congregaci\u00f3n<br \/>\n12) Memorias libres<br \/>\n13) Ferias de Adviento hasta el 16 de diciembre, inclusive<br \/>\nFerias del tiempo de Navidad desde el d\u00eda 2 de enero al s\u00e1bado despu\u00e9s de Epifan\u00eda<br \/>\nFerias del tiempo pascual desde el lunes despu\u00e9s de Octava de Pascua hasta el s\u00e1bado antes de Pentecost\u00e9s, inclusive<\/p>\n<p>Ferias del tiempo ordinario<\/p>\n<div style=\"padding-bottom:20px; padding-top:10px;\" class=\"hupso-share-buttons\"><!-- Hupso Share Buttons - https:\/\/www.hupso.com\/share\/ --><a class=\"hupso_toolbar\" href=\"https:\/\/www.hupso.com\/share\/\"><img src=\"http:\/\/static.hupso.com\/share\/buttons\/lang\/es\/share-medium.png\" style=\"border:0px; padding-top: 5px; float:left;\" alt=\"Share Button\"\/><\/a><script type=\"text\/javascript\">var hupso_services_t=new Array(\"Twitter\",\"Facebook\",\"Google Plus\",\"Pinterest\",\"Linkedin\",\"Email\",\"Print\");var hupso_background_t=\"#EAF4FF\";var hupso_border_t=\"#66CCFF\";var hupso_toolbar_size_t=\"medium\";var hupso_image_folder_url = \"\";var hupso_twitter_via=\"hectorops\";var hupso_url_t=\"\";var hupso_title_t=\"Precedencia%20de%20celebraciones%20lit%C3%BArgicas\";<\/script><script type=\"text\/javascript\" src=\"http:\/\/static.hupso.com\/share\/js\/share_toolbar.js\"><\/script><!-- Hupso Share Buttons --><\/div>","protected":false},"excerpt":{"rendered":"<p>Compartimos con ustedes este interesante art\u00edculo sobre la precedencia de las celebraciones lit\u00fargicas, cuando coinciden dos o m\u00e1s celebraciones el mismo d\u00eda. El mismo est\u00e1 tomado del muro de &#8220;Liturgia Papal&#8221; en Facebook: \u00a0https:\/\/www.facebook.com\/liturgia.papal.1\/ Toda vez que el a\u00f1o lit\u00fargico &hellip; <a href=\"http:\/\/delamanodemaria.com\/?p=7955\">Continue reading <span class=\"meta-nav\">&rarr;<\/span><\/a><\/p>\n<div style=\"padding-bottom:20px; padding-top:10px;\" class=\"hupso-share-buttons\"><!-- Hupso Share Buttons - https:\/\/www.hupso.com\/share\/ --><a class=\"hupso_toolbar\" href=\"https:\/\/www.hupso.com\/share\/\"><img src=\"http:\/\/static.hupso.com\/share\/buttons\/lang\/es\/share-medium.png\" style=\"border:0px; padding-top: 5px; float:left;\" alt=\"Share Button\"\/><\/a><script type=\"text\/javascript\">var hupso_services_t=new Array(\"Twitter\",\"Facebook\",\"Google Plus\",\"Pinterest\",\"Linkedin\",\"Email\",\"Print\");var hupso_background_t=\"#EAF4FF\";var hupso_border_t=\"#66CCFF\";var hupso_toolbar_size_t=\"medium\";var hupso_image_folder_url = \"\";var hupso_twitter_via=\"hectorops\";var hupso_url_t=\"\";var hupso_title_t=\"Precedencia%20de%20celebraciones%20lit%C3%BArgicas\";<\/script><script type=\"text\/javascript\" src=\"http:\/\/static.hupso.com\/share\/js\/share_toolbar.js\"><\/script><!-- Hupso Share Buttons --><\/div>","protected":false},"author":1,"featured_media":0,"comment_status":"open","ping_status":"open","sticky":false,"template":"","format":"standard","meta":{"jetpack_post_was_ever_published":false,"_jetpack_newsletter_access":"","_jetpack_newsletter_tier_id":0,"jetpack_publicize_message":"","jetpack_is_tweetstorm":false,"jetpack_publicize_feature_enabled":true,"jetpack_social_post_already_shared":true,"jetpack_social_options":{"image_generator_settings":{"template":"highway","enabled":false}}},"categories":[1],"tags":[1121,92,1631,96,93,56,124,1633,466,321,1632],"jetpack_publicize_connections":[],"jetpack_featured_media_url":"","jetpack_shortlink":"https:\/\/wp.me\/p3bBgS-24j","jetpack_sharing_enabled":true,"jetpack_likes_enabled":true,"_links":{"self":[{"href":"http:\/\/delamanodemaria.com\/index.php?rest_route=\/wp\/v2\/posts\/7955"}],"collection":[{"href":"http:\/\/delamanodemaria.com\/index.php?rest_route=\/wp\/v2\/posts"}],"about":[{"href":"http:\/\/delamanodemaria.com\/index.php?rest_route=\/wp\/v2\/types\/post"}],"author":[{"embeddable":true,"href":"http:\/\/delamanodemaria.com\/index.php?rest_route=\/wp\/v2\/users\/1"}],"replies":[{"embeddable":true,"href":"http:\/\/delamanodemaria.com\/index.php?rest_route=%2Fwp%2Fv2%2Fcomments&post=7955"}],"version-history":[{"count":2,"href":"http:\/\/delamanodemaria.com\/index.php?rest_route=\/wp\/v2\/posts\/7955\/revisions"}],"predecessor-version":[{"id":7960,"href":"http:\/\/delamanodemaria.com\/index.php?rest_route=\/wp\/v2\/posts\/7955\/revisions\/7960"}],"wp:attachment":[{"href":"http:\/\/delamanodemaria.com\/index.php?rest_route=%2Fwp%2Fv2%2Fmedia&parent=7955"}],"wp:term":[{"taxonomy":"category","embeddable":true,"href":"http:\/\/delamanodemaria.com\/index.php?rest_route=%2Fwp%2Fv2%2Fcategories&post=7955"},{"taxonomy":"post_tag","embeddable":true,"href":"http:\/\/delamanodemaria.com\/index.php?rest_route=%2Fwp%2Fv2%2Ftags&post=7955"}],"curies":[{"name":"wp","href":"https:\/\/api.w.org\/{rel}","templated":true}]}}