{"id":8009,"date":"2016-11-19T20:26:17","date_gmt":"2016-11-20T00:26:17","guid":{"rendered":"http:\/\/delamanodemaria.com\/?p=8009"},"modified":"2016-11-19T20:27:05","modified_gmt":"2016-11-20T00:27:05","slug":"reflexion-para-la-solemnidad-de-jesucristo-rey-del-universo-y-cierre-del-jubileo-extraordinario-de-la-misericordia-20-11-16","status":"publish","type":"post","link":"http:\/\/delamanodemaria.com\/?p=8009","title":{"rendered":"REFLEXI\u00d3N PARA LA SOLEMNIDAD DE JESUCRISTO, REY DEL UNIVERSO (C), Y CIERRE DEL JUBILEO EXTRAORDINARIO DE LA MISERICORDIA 20-11-16"},"content":{"rendered":"<p><img decoding=\"async\" loading=\"lazy\" class=\"alignnone size-full wp-image-8011\" src=\"http:\/\/delamanodemaria.com\/wp-content\/uploads\/2016\/11\/A\u00f1o-Santo-Jubilar-de-la-Misericordia-2.jpg\" alt=\"ano-santo-jubilar-de-la-misericordia-2\" width=\"600\" height=\"334\" srcset=\"http:\/\/delamanodemaria.com\/wp-content\/uploads\/2016\/11\/A\u00f1o-Santo-Jubilar-de-la-Misericordia-2.jpg 600w, http:\/\/delamanodemaria.com\/wp-content\/uploads\/2016\/11\/A\u00f1o-Santo-Jubilar-de-la-Misericordia-2-300x167.jpg 300w, http:\/\/delamanodemaria.com\/wp-content\/uploads\/2016\/11\/A\u00f1o-Santo-Jubilar-de-la-Misericordia-2-500x278.jpg 500w\" sizes=\"(max-width: 600px) 100vw, 600px\" \/><\/p>\n<p>Hoy celebramos la solemnidad de Jesucristo, Rey del Universo, \u00faltimo domingo el A\u00f1o Lit\u00fargico, ya que el pr\u00f3ximo domingo comenzaremos el tiempo de Adviento que nos preparar\u00e1 para el nacimiento del Ni\u00f1o Dios; ese Dios que en el m\u00e1s sublime acto de misericordia quiso humanarse, hacerse uno con nosotros para ense\u00f1arnos que el camino al Padre est\u00e1 pavimentado con las obras de misericordia, y luego entregarse a s\u00ed mismo como v\u00edctima propiciatoria para hacernos acreedores a la Vida eterna.<\/p>\n<p><a href=\"http:\/\/delamanodemaria.com\/?p=2311\" target=\"_blank\">Les invitamos a leer nuestra reflexi\u00f3n anterior para el Ciclo C en esta misma solemnidad<\/a>.<\/p>\n<p>Hoy tambi\u00e9n celebramos la clausura del Jubileo extraordinario de la Misericordia, que culmin\u00f3 con la clausura de la Puerta Santa en la Bas\u00edlica de San Pedro, en el Vaticano.<\/p>\n<p>Cuando el Santo Padre convoc\u00f3 al A\u00f1o Jubilar de la Misericordia el a\u00f1o pasado, escogi\u00f3 dos fechas significativas para el comienzo y la conclusi\u00f3n del mismo. Dijo en aqu\u00e9l entonces el Papa: <em>Este A\u00f1o santo iniciar\u00e1 con la pr\u00f3xima solemnidad de la Inmaculada Concepci\u00f3n y se concluir\u00e1 el 20 de noviembre de 2016, domingo de Nuestro Se\u00f1or Jesucristo Rey del universo y <strong>rostro vivo de la misericordia del Padre<\/strong><\/em>.<\/p>\n<p>En la primera, 8 de diciembre de 2015, conmemor\u00e1bamos los 50 a\u00f1os de la conclusi\u00f3n del Concilio Vaticano II. Pero m\u00e1s importante a\u00fan, en esa fecha celebramos la solemnidad de la <em>Inmaculada Concepci\u00f3n de Mar\u00eda<\/em>, que marca el comienzo, la puesta en marcha del plan que el Padre, en su infinita Misericordia, ten\u00eda dispuesto desde la eternidad para devolvernos la Gracia, la dignidad de hijos de Dios que hab\u00edamos perdido en el momento de la ca\u00edda (<em>Cfr<\/em>. Gn 3,15). Porque solo el seno virginal de la \u201cllena de Gracia\u201d, preservada de antemano de toda mancha de pecado por los m\u00e9ritos de Aqu\u00e9l que iba a concebir por obra del Esp\u00edritu Santo, pod\u00eda ser el veh\u00edculo para traer al mundo al Hijo del Padre, al \u201crostro vivo de la Misericordia del Padre\u201d.<\/p>\n<p>La segunda fecha, hoy, <em>Solemnidad de Nuestro Se\u00f1or Jesucristo Rey del Universo<\/em>, nos recuerda que el reinado y se\u00f1or\u00edo de Jes\u00fas no est\u00e1n cimentados en la riqueza y el poder, sino en la pobreza y en la Misericordia. De ah\u00ed que el lema escogido por el papa Francisco para este Jubileo extraordinario de la Misericordia haya sido: <em>Misericordiosos como el Padre<\/em>, una versi\u00f3n abreviada del vers\u00edculo 36 del cap\u00edtulo 6 del Evangelio seg\u00fan san Lucas en el que Jes\u00fas nos dice: \u201cSean misericordiosos como el Padre es misericordioso\u201d.<\/p>\n<p>Jes\u00fas nos invita a ser misericordiosos como el Padre, y en los pasados tres d\u00edas el Papa nos lo ha recordado con unos mensajes tan cortos como profundos:<\/p>\n<ul>\n<li>El jueves nos dec\u00eda: <em>No basta con experimentar la misericordia de Dios en la propia vida; tambi\u00e9n es necesario ser instrumento de misericordia para los dem\u00e1s<\/em>.<\/li>\n<li>El viernes nos a\u00f1adi\u00f3: <em>\u00a1Si quieren un coraz\u00f3n lleno de amor, sean misericordiosos!<\/em><\/li>\n<li>Y ayer, a horas de la clausura, recalc\u00f3: <em>La misericordia de Dios para con nosotros est\u00e1 ligada a nuestra misericordia hacia el pr\u00f3jimo<\/em>.<\/li>\n<\/ul>\n<p>Durante el a\u00f1o jubilar de la Misericordia descoll\u00f3 la figura del padre misericordioso en la par\u00e1bola del mismo nombre, mejor conocida como la par\u00e1bola del hijo pr\u00f3digo. Pero en esa par\u00e1bola hay otros personajes de los que casi nadie habla: los siervos del padre. No hay duda que el padre fue misericordioso perdonando al hijo que regresaba arrepentido, pero encarg\u00f3 a sus siervos llevar a cabo los gestos, las obras de misericordia que le devolver\u00edan la dignidad a ese hijo: \u201cTraigan aprisa el mejor vestido y v\u00edstanle, p\u00f3nganle un anillo en su mano y unas sandalias en los pies\u201d (Lc 15,22). Es lo que Jes\u00fas nos pide continuamente a trav\u00e9s de su Palabra; que nos convirtamos en instrumentos de Su misericordia.<\/p>\n<p>Al finalizar cada a\u00f1o o evento importante en nuestras vidas acostumbramos \u201cpasar balance\u201d, hacer introspecci\u00f3n, para identificar los frutos as\u00ed como las fallas en que podamos haber incurrido.<\/p>\n<p>No hay duda que hoy cerramos un a\u00f1o importante, tanto en la Iglesia como en nuestras vidas.<\/p>\n<p>Les invito a hacer introspecci\u00f3n pregunt\u00e1ndonos: \u00bfC\u00f3mo he vivido el A\u00f1o de la Misericordia? \u00bfMe he abierto a la Misericordia de Dios en el sacramento de la reconciliaci\u00f3n? \u00bfHe practicado las obras de misericordia, corporales y espirituales? \u00bfEn qu\u00e9 fall\u00e9?<\/p>\n<p>Sin duda muchos hemos fallado, pero lo mejor de todo es que la misericordia de Dios es eterna (Sal 136), que \u00c9l nunca se cansa de esperarnos (<em>Cfr<\/em>. Ap 3,20). Como nos dice el libro de las Lamentaciones: \u201cLa misericordia del Se\u00f1or no termina y no se acaba su compasi\u00f3n; antes bien se renuevan cada ma\u00f1ana\u201d (Lm 3,22-23).<\/p>\n<p>Por lo que, m\u00e1s que el \u201ccierre\u201d del A\u00f1o de la Misericordia, hoy celebramos un <em>env\u00edo<\/em> a seguir trabajando en nuestra vocaci\u00f3n a la santidad, esforz\u00e1ndonos cada d\u00eda m\u00e1s en llegar a ser misericordiosos como el Padre, con la esperanza de que el d\u00eda final, si no hemos alcanzado plenamente la santidad, al menos nuestro tiempo en el purgatorio sea un poco m\u00e1s corto.<\/p>\n<p>Que pasen un hermoso d\u00eda y una feliz semana.<\/p>\n<div style=\"padding-bottom:20px; padding-top:10px;\" class=\"hupso-share-buttons\"><!-- Hupso Share Buttons - https:\/\/www.hupso.com\/share\/ --><a class=\"hupso_toolbar\" href=\"https:\/\/www.hupso.com\/share\/\"><img src=\"http:\/\/static.hupso.com\/share\/buttons\/lang\/es\/share-medium.png\" style=\"border:0px; padding-top: 5px; float:left;\" alt=\"Share Button\"\/><\/a><script type=\"text\/javascript\">var hupso_services_t=new Array(\"Twitter\",\"Facebook\",\"Google Plus\",\"Pinterest\",\"Linkedin\",\"Email\",\"Print\");var hupso_background_t=\"#EAF4FF\";var hupso_border_t=\"#66CCFF\";var hupso_toolbar_size_t=\"medium\";var hupso_image_folder_url = \"\";var hupso_twitter_via=\"hectorops\";var hupso_url_t=\"\";var hupso_title_t=\"REFLEXI%C3%93N%20PARA%20LA%20SOLEMNIDAD%20DE%20JESUCRISTO%2C%20REY%20DEL%20UNIVERSO%20%28C%29%2C%20Y%20CIERRE%20DEL%20JUBILEO%20EXTRAORDINARIO%20DE%20LA%20MISERICORDIA%2020-11-16\";<\/script><script type=\"text\/javascript\" src=\"http:\/\/static.hupso.com\/share\/js\/share_toolbar.js\"><\/script><!-- Hupso Share Buttons --><\/div>","protected":false},"excerpt":{"rendered":"<p>Hoy celebramos la solemnidad de Jesucristo, Rey del Universo, \u00faltimo domingo el A\u00f1o Lit\u00fargico, ya que el pr\u00f3ximo domingo comenzaremos el tiempo de Adviento que nos preparar\u00e1 para el nacimiento del Ni\u00f1o Dios; ese Dios que en el m\u00e1s sublime &hellip; <a href=\"http:\/\/delamanodemaria.com\/?p=8009\">Continue reading <span class=\"meta-nav\">&rarr;<\/span><\/a><\/p>\n<div style=\"padding-bottom:20px; padding-top:10px;\" class=\"hupso-share-buttons\"><!-- Hupso Share Buttons - https:\/\/www.hupso.com\/share\/ --><a class=\"hupso_toolbar\" href=\"https:\/\/www.hupso.com\/share\/\"><img src=\"http:\/\/static.hupso.com\/share\/buttons\/lang\/es\/share-medium.png\" style=\"border:0px; padding-top: 5px; float:left;\" alt=\"Share Button\"\/><\/a><script type=\"text\/javascript\">var hupso_services_t=new Array(\"Twitter\",\"Facebook\",\"Google Plus\",\"Pinterest\",\"Linkedin\",\"Email\",\"Print\");var hupso_background_t=\"#EAF4FF\";var hupso_border_t=\"#66CCFF\";var hupso_toolbar_size_t=\"medium\";var hupso_image_folder_url = \"\";var hupso_twitter_via=\"hectorops\";var hupso_url_t=\"\";var hupso_title_t=\"REFLEXI%C3%93N%20PARA%20LA%20SOLEMNIDAD%20DE%20JESUCRISTO%2C%20REY%20DEL%20UNIVERSO%20%28C%29%2C%20Y%20CIERRE%20DEL%20JUBILEO%20EXTRAORDINARIO%20DE%20LA%20MISERICORDIA%2020-11-16\";<\/script><script type=\"text\/javascript\" src=\"http:\/\/static.hupso.com\/share\/js\/share_toolbar.js\"><\/script><!-- Hupso Share Buttons --><\/div>","protected":false},"author":1,"featured_media":0,"comment_status":"open","ping_status":"open","sticky":false,"template":"","format":"standard","meta":{"jetpack_post_was_ever_published":false,"_jetpack_newsletter_access":"","_jetpack_newsletter_tier_id":0,"jetpack_publicize_message":"","jetpack_is_tweetstorm":false,"jetpack_publicize_feature_enabled":true,"jetpack_social_post_already_shared":true,"jetpack_social_options":{"image_generator_settings":{"template":"highway","enabled":false}}},"categories":[1],"tags":[1002,1638,3,1636,296,214,287,376,355,873,624,1073,450,1218,21,358,1146,2,191,321,199],"jetpack_publicize_connections":[],"jetpack_featured_media_url":"","jetpack_shortlink":"https:\/\/wp.me\/p3bBgS-25b","jetpack_sharing_enabled":true,"jetpack_likes_enabled":true,"_links":{"self":[{"href":"http:\/\/delamanodemaria.com\/index.php?rest_route=\/wp\/v2\/posts\/8009"}],"collection":[{"href":"http:\/\/delamanodemaria.com\/index.php?rest_route=\/wp\/v2\/posts"}],"about":[{"href":"http:\/\/delamanodemaria.com\/index.php?rest_route=\/wp\/v2\/types\/post"}],"author":[{"embeddable":true,"href":"http:\/\/delamanodemaria.com\/index.php?rest_route=\/wp\/v2\/users\/1"}],"replies":[{"embeddable":true,"href":"http:\/\/delamanodemaria.com\/index.php?rest_route=%2Fwp%2Fv2%2Fcomments&post=8009"}],"version-history":[{"count":2,"href":"http:\/\/delamanodemaria.com\/index.php?rest_route=\/wp\/v2\/posts\/8009\/revisions"}],"predecessor-version":[{"id":8013,"href":"http:\/\/delamanodemaria.com\/index.php?rest_route=\/wp\/v2\/posts\/8009\/revisions\/8013"}],"wp:attachment":[{"href":"http:\/\/delamanodemaria.com\/index.php?rest_route=%2Fwp%2Fv2%2Fmedia&parent=8009"}],"wp:term":[{"taxonomy":"category","embeddable":true,"href":"http:\/\/delamanodemaria.com\/index.php?rest_route=%2Fwp%2Fv2%2Fcategories&post=8009"},{"taxonomy":"post_tag","embeddable":true,"href":"http:\/\/delamanodemaria.com\/index.php?rest_route=%2Fwp%2Fv2%2Ftags&post=8009"}],"curies":[{"name":"wp","href":"https:\/\/api.w.org\/{rel}","templated":true}]}}