{"id":8020,"date":"2016-11-21T10:21:38","date_gmt":"2016-11-21T14:21:38","guid":{"rendered":"http:\/\/delamanodemaria.com\/?p=8020"},"modified":"2016-11-21T11:44:27","modified_gmt":"2016-11-21T15:44:27","slug":"misericordia-et-misera-la-buena-nueva-del-espiritu-santo-a-traves-del-papa","status":"publish","type":"post","link":"http:\/\/delamanodemaria.com\/?p=8020","title":{"rendered":"&#8220;Misericordia et Misera&#8221;, la buena nueva del Esp\u00edritu Santo a trav\u00e9s del Papa"},"content":{"rendered":"<div id=\"attachment_8022\" style=\"width: 690px\" class=\"wp-caption alignnone\"><img aria-describedby=\"caption-attachment-8022\" decoding=\"async\" loading=\"lazy\" class=\"wp-image-8022 size-full\" src=\"http:\/\/delamanodemaria.com\/wp-content\/uploads\/2016\/11\/Francisco-Misericordia-el-misera.jpeg\" alt=\"francisco-misericordia-el-misera\" width=\"680\" height=\"378\" srcset=\"http:\/\/delamanodemaria.com\/wp-content\/uploads\/2016\/11\/Francisco-Misericordia-el-misera.jpeg 680w, http:\/\/delamanodemaria.com\/wp-content\/uploads\/2016\/11\/Francisco-Misericordia-el-misera-300x167.jpeg 300w, http:\/\/delamanodemaria.com\/wp-content\/uploads\/2016\/11\/Francisco-Misericordia-el-misera-500x278.jpeg 500w\" sizes=\"(max-width: 680px) 100vw, 680px\" \/><p id=\"caption-attachment-8022\" class=\"wp-caption-text\">El Papa Francisco firma la Carta Apost\u00f3lica Misericordia et misera \/ Foto: Daniel Ib\u00e1\u00f1ez &#8211; ACI Prensa<\/p><\/div>\n<p>Al concluir la misa de clausura del A\u00f1o Jubilar de la Misericordia ayer en la Plaza San Pedro del Vaticano, SS el papa Francisco firm\u00f3 la carta apost\u00f3lica <em>Misericordia et misera<\/em>, mediante la cual nos recuerda que la misericordia es una de las actitudes propias del cristiano, y nos invita a que continuemos vivi\u00e9ndola tan intensamente como durante el Jubileo, record\u00e1ndonos en el primer p\u00e1rrafo del texto que <em>la misericordia no puede ser un par\u00e9ntesis en la vida de la Iglesia, sino que constituye su misma existencia, que manifiesta y hace tangible la verdad profunda del Evangelio. Todo se revela en la misericordia; todo se resuelve en el amor misericordioso del Padre<\/em>.<\/p>\n<p><a href=\"http:\/\/delamanodemaria.com\/?p=8009\" target=\"_blank\">En nuestra reflexi\u00f3n de ayer con motivo de la conclusi\u00f3n del Jubileo extraordinario de la Misericordia<\/a>, dec\u00edamos que m\u00e1s que el \u201ccierre\u201d del A\u00f1o de la Misericordia, celebr\u00e1bamos un <em>env\u00edo<\/em> a seguir trabajando en nuestra vocaci\u00f3n a la santidad, esforz\u00e1ndonos cada d\u00eda m\u00e1s en llegar a ser misericordiosos como el Padre.<\/p>\n<p>Ello concuerda plenamente con lo que nos dice el Papa en el texto anteriormente citado, y en la introducci\u00f3n a esta carta apost\u00f3lica que ya est\u00e1 generando m\u00faltiples comentarios en los medios de comunicaci\u00f3n social convencionales y electr\u00f3nicos: \u201c<em>Misericordia et misera<\/em>\u00a0son las dos palabras que san Agust\u00edn usa para comentar el encuentro entre Jes\u00fas y la ad\u00faltera (<em>cf<\/em>. Jn 8,1-11). No pod\u00eda encontrar una expresi\u00f3n m\u00e1s bella y coherente que esta para hacer comprender el misterio del amor de Dios cuando viene al encuentro del pecador: \u00abQuedaron s\u00f3lo ellos dos: la miserable y la misericordia\u00bb. Cu\u00e1nta piedad y justicia divina hay en este episodio. Su ense\u00f1anza viene a iluminar la conclusi\u00f3n del Jubileo Extraordinario de la Misericordia e indica, adem\u00e1s, el camino que estamos llamados a seguir en el futuro\u201d.<\/p>\n<p>Ayer coment\u00e1bamos tambi\u00e9n al final de nuestra reflexi\u00f3n que la Misericordia de Dios es eterna: <em>La misericordia del Se\u00f1or no termina y no se acaba su compasi\u00f3n; antes bien se renuevan cada ma\u00f1ana<\/em> (Lm 3,22-23). No lo olvides&#8230;<\/p>\n<p>Como dice Francisco en la carta:\u00a0<em>Termina el Jubileo y se cierra la Puerta Santa. Pero la puerta de la misericordia de nuestro coraz\u00f3n permanece siempre abierta, de par en par. Hemos aprendido que Dios se inclina hacia nosotros (cf. Os 11,4) para que tambi\u00e9n nosotros podamos imitarlo inclin\u00e1ndonos hacia los hermanos<\/em> (16).<\/p>\n<p>Te invitamos a leer el texto completo en espa\u00f1ol de la <em><a href=\"http:\/\/w2.vatican.va\/content\/francesco\/es\/apost_letters\/documents\/papa-francesco-lettera-ap_20161120_misericordia-et-misera.pdf\" target=\"_blank\">Misericordia et misera<\/a><\/em>, pulsando el enlace sobre el t\u00edtulo de la misma.<\/p>\n<p>&nbsp;<\/p>\n<div style=\"padding-bottom:20px; padding-top:10px;\" class=\"hupso-share-buttons\"><!-- Hupso Share Buttons - https:\/\/www.hupso.com\/share\/ --><a class=\"hupso_toolbar\" href=\"https:\/\/www.hupso.com\/share\/\"><img src=\"http:\/\/static.hupso.com\/share\/buttons\/lang\/es\/share-medium.png\" style=\"border:0px; padding-top: 5px; float:left;\" alt=\"Share Button\"\/><\/a><script type=\"text\/javascript\">var hupso_services_t=new Array(\"Twitter\",\"Facebook\",\"Google Plus\",\"Pinterest\",\"Linkedin\",\"Email\",\"Print\");var hupso_background_t=\"#EAF4FF\";var hupso_border_t=\"#66CCFF\";var hupso_toolbar_size_t=\"medium\";var hupso_image_folder_url = \"\";var hupso_twitter_via=\"hectorops\";var hupso_url_t=\"\";var hupso_title_t=\"%22Misericordia%20et%20Misera%22%2C%20la%20buena%20nueva%20del%20Esp%C3%ADritu%20Santo%20a%20trav%C3%A9s%20del%20Papa\";<\/script><script type=\"text\/javascript\" src=\"http:\/\/static.hupso.com\/share\/js\/share_toolbar.js\"><\/script><!-- Hupso Share Buttons --><\/div>","protected":false},"excerpt":{"rendered":"<p>Al concluir la misa de clausura del A\u00f1o Jubilar de la Misericordia ayer en la Plaza San Pedro del Vaticano, SS el papa Francisco firm\u00f3 la carta apost\u00f3lica Misericordia et misera, mediante la cual nos recuerda que la misericordia es &hellip; <a href=\"http:\/\/delamanodemaria.com\/?p=8020\">Continue reading <span class=\"meta-nav\">&rarr;<\/span><\/a><\/p>\n<div style=\"padding-bottom:20px; padding-top:10px;\" class=\"hupso-share-buttons\"><!-- Hupso Share Buttons - https:\/\/www.hupso.com\/share\/ --><a class=\"hupso_toolbar\" href=\"https:\/\/www.hupso.com\/share\/\"><img src=\"http:\/\/static.hupso.com\/share\/buttons\/lang\/es\/share-medium.png\" style=\"border:0px; padding-top: 5px; float:left;\" alt=\"Share Button\"\/><\/a><script type=\"text\/javascript\">var hupso_services_t=new Array(\"Twitter\",\"Facebook\",\"Google Plus\",\"Pinterest\",\"Linkedin\",\"Email\",\"Print\");var hupso_background_t=\"#EAF4FF\";var hupso_border_t=\"#66CCFF\";var hupso_toolbar_size_t=\"medium\";var hupso_image_folder_url = \"\";var hupso_twitter_via=\"hectorops\";var hupso_url_t=\"\";var hupso_title_t=\"%22Misericordia%20et%20Misera%22%2C%20la%20buena%20nueva%20del%20Esp%C3%ADritu%20Santo%20a%20trav%C3%A9s%20del%20Papa\";<\/script><script type=\"text\/javascript\" src=\"http:\/\/static.hupso.com\/share\/js\/share_toolbar.js\"><\/script><!-- Hupso Share Buttons --><\/div>","protected":false},"author":1,"featured_media":0,"comment_status":"open","ping_status":"open","sticky":false,"template":"","format":"standard","meta":{"jetpack_post_was_ever_published":false,"_jetpack_newsletter_access":"","_jetpack_newsletter_tier_id":0,"jetpack_publicize_message":"","jetpack_is_tweetstorm":false,"jetpack_publicize_feature_enabled":true,"jetpack_social_post_already_shared":true,"jetpack_social_options":{"image_generator_settings":{"template":"highway","enabled":false}}},"categories":[1],"tags":[1002,1668,1667,760,1669,20],"jetpack_publicize_connections":[],"jetpack_featured_media_url":"","jetpack_shortlink":"https:\/\/wp.me\/p3bBgS-25m","jetpack_sharing_enabled":true,"jetpack_likes_enabled":true,"_links":{"self":[{"href":"http:\/\/delamanodemaria.com\/index.php?rest_route=\/wp\/v2\/posts\/8020"}],"collection":[{"href":"http:\/\/delamanodemaria.com\/index.php?rest_route=\/wp\/v2\/posts"}],"about":[{"href":"http:\/\/delamanodemaria.com\/index.php?rest_route=\/wp\/v2\/types\/post"}],"author":[{"embeddable":true,"href":"http:\/\/delamanodemaria.com\/index.php?rest_route=\/wp\/v2\/users\/1"}],"replies":[{"embeddable":true,"href":"http:\/\/delamanodemaria.com\/index.php?rest_route=%2Fwp%2Fv2%2Fcomments&post=8020"}],"version-history":[{"count":5,"href":"http:\/\/delamanodemaria.com\/index.php?rest_route=\/wp\/v2\/posts\/8020\/revisions"}],"predecessor-version":[{"id":8026,"href":"http:\/\/delamanodemaria.com\/index.php?rest_route=\/wp\/v2\/posts\/8020\/revisions\/8026"}],"wp:attachment":[{"href":"http:\/\/delamanodemaria.com\/index.php?rest_route=%2Fwp%2Fv2%2Fmedia&parent=8020"}],"wp:term":[{"taxonomy":"category","embeddable":true,"href":"http:\/\/delamanodemaria.com\/index.php?rest_route=%2Fwp%2Fv2%2Fcategories&post=8020"},{"taxonomy":"post_tag","embeddable":true,"href":"http:\/\/delamanodemaria.com\/index.php?rest_route=%2Fwp%2Fv2%2Ftags&post=8020"}],"curies":[{"name":"wp","href":"https:\/\/api.w.org\/{rel}","templated":true}]}}