{"id":8027,"date":"2016-11-21T14:15:07","date_gmt":"2016-11-21T18:15:07","guid":{"rendered":"http:\/\/delamanodemaria.com\/?p=8027"},"modified":"2016-11-21T14:16:15","modified_gmt":"2016-11-21T18:16:15","slug":"papa-francisco-instituye-domingo-de-la-jornada-mundial-de-los-pobres","status":"publish","type":"post","link":"http:\/\/delamanodemaria.com\/?p=8027","title":{"rendered":"PAPA FRANCISCO INSTITUYE DOMINGO DE LA JORNADA MUNDIAL DE LOS POBRES"},"content":{"rendered":"<p><img decoding=\"async\" loading=\"lazy\" class=\"alignnone size-full wp-image-4949\" src=\"http:\/\/delamanodemaria.com\/wp-content\/uploads\/2015\/02\/Papa-Francisco-abraza-enfermo.jpg\" alt=\"Papa Francisco abraza enfermo\" width=\"817\" height=\"545\" srcset=\"http:\/\/delamanodemaria.com\/wp-content\/uploads\/2015\/02\/Papa-Francisco-abraza-enfermo.jpg 817w, http:\/\/delamanodemaria.com\/wp-content\/uploads\/2015\/02\/Papa-Francisco-abraza-enfermo-300x200.jpg 300w, http:\/\/delamanodemaria.com\/wp-content\/uploads\/2015\/02\/Papa-Francisco-abraza-enfermo-450x300.jpg 450w\" sizes=\"(max-width: 817px) 100vw, 817px\" \/><\/p>\n<p>Como parte de la carta apost\u00f3lica <em>Misericordia et misera<\/em> firmada al concluir el Jubileo extraordinario de la Misericordia ayer en el Vaticano,\u00a0el papa Francisco instituy\u00f3 el\u00a0XXXIII Domingo del Tiempo Ordinario, como la <em>Jornada mundial de los pobres<\/em>. A continuaci\u00f3n el texto contenido en el n\u00fam. 21 de la carta apost\u00f3lica:<\/p>\n<p><em>A la luz del \u00abJubileo de las personas socialmente excluidas\u00bb, mientras en todas las catedrales y santuarios del mundo se cerraban las Puertas de la Misericordia, intu\u00ed que, como otro signo concreto de este A\u00f1o Santo extraordinario, se debe celebrar en toda la Iglesia, en el XXXIII Domingo del Tiempo Ordinario, la Jornada mundial de los pobres. Ser\u00e1 la preparaci\u00f3n m\u00e1s adecuada para vivir la solemnidad de Jesucristo, Rey del Universo, el cual se ha identificado con los peque\u00f1os y los pobres, y nos juzgar\u00e1 a partir de las obras de misericordia (cf. Mt 25,31-46). Ser\u00e1 una Jornada que ayudar\u00e1 a las comunidades y a cada bautizado a reflexionar c\u00f3mo la pobreza est\u00e1 en el coraz\u00f3n del Evangelio y sobre el hecho que, mientras L\u00e1zaro est\u00e9 echado a la puerta de nuestra casa (cf. Lc 16,19-21), no podr\u00e1 haber justicia ni paz social. Esta Jornada constituir\u00e1 tambi\u00e9n una genuina forma de nueva evangelizaci\u00f3n (cf. Mt 11,5), con la que se renueve el rostro de la Iglesia en su acci\u00f3n perenne de conversi\u00f3n pastoral, para ser testimonio de la misericordia.<\/em><\/p>\n<p>Para el texto oficial en espa\u00f1ol\u00a0de\u00a0<em>Misericordia et<\/em> misera, visitar: <a href=\"http:\/\/w2.vatican.va\/content\/francesco\/es\/apost_letters\/documents\/papa-francesco-lettera-ap_20161120_misericordia-et-misera.html\" target=\"_blank\"><em>http:\/\/w2.vatican.va\/content\/francesco\/es\/apost_letters\/documents\/papa-francesco-lettera-ap_20161120_misericordia-et-misera.html<\/em><\/a><\/p>\n<div style=\"padding-bottom:20px; padding-top:10px;\" class=\"hupso-share-buttons\"><!-- Hupso Share Buttons - https:\/\/www.hupso.com\/share\/ --><a class=\"hupso_toolbar\" href=\"https:\/\/www.hupso.com\/share\/\"><img src=\"http:\/\/static.hupso.com\/share\/buttons\/lang\/es\/share-medium.png\" style=\"border:0px; padding-top: 5px; float:left;\" alt=\"Share Button\"\/><\/a><script type=\"text\/javascript\">var hupso_services_t=new Array(\"Twitter\",\"Facebook\",\"Google Plus\",\"Pinterest\",\"Linkedin\",\"Email\",\"Print\");var hupso_background_t=\"#EAF4FF\";var hupso_border_t=\"#66CCFF\";var hupso_toolbar_size_t=\"medium\";var hupso_image_folder_url = \"\";var hupso_twitter_via=\"hectorops\";var hupso_url_t=\"\";var hupso_title_t=\"PAPA%20FRANCISCO%20INSTITUYE%20DOMINGO%20DE%20LA%20JORNADA%20MUNDIAL%20DE%20LOS%20POBRES\";<\/script><script type=\"text\/javascript\" src=\"http:\/\/static.hupso.com\/share\/js\/share_toolbar.js\"><\/script><!-- Hupso Share Buttons --><\/div>","protected":false},"excerpt":{"rendered":"<p>Como parte de la carta apost\u00f3lica Misericordia et misera firmada al concluir el Jubileo extraordinario de la Misericordia ayer en el Vaticano,\u00a0el papa Francisco instituy\u00f3 el\u00a0XXXIII Domingo del Tiempo Ordinario, como la Jornada mundial de los pobres. A continuaci\u00f3n el &hellip; <a href=\"http:\/\/delamanodemaria.com\/?p=8027\">Continue reading <span class=\"meta-nav\">&rarr;<\/span><\/a><\/p>\n<div style=\"padding-bottom:20px; padding-top:10px;\" class=\"hupso-share-buttons\"><!-- Hupso Share Buttons - https:\/\/www.hupso.com\/share\/ --><a class=\"hupso_toolbar\" href=\"https:\/\/www.hupso.com\/share\/\"><img src=\"http:\/\/static.hupso.com\/share\/buttons\/lang\/es\/share-medium.png\" style=\"border:0px; padding-top: 5px; float:left;\" alt=\"Share Button\"\/><\/a><script type=\"text\/javascript\">var hupso_services_t=new Array(\"Twitter\",\"Facebook\",\"Google Plus\",\"Pinterest\",\"Linkedin\",\"Email\",\"Print\");var hupso_background_t=\"#EAF4FF\";var hupso_border_t=\"#66CCFF\";var hupso_toolbar_size_t=\"medium\";var hupso_image_folder_url = \"\";var hupso_twitter_via=\"hectorops\";var hupso_url_t=\"\";var hupso_title_t=\"PAPA%20FRANCISCO%20INSTITUYE%20DOMINGO%20DE%20LA%20JORNADA%20MUNDIAL%20DE%20LOS%20POBRES\";<\/script><script type=\"text\/javascript\" src=\"http:\/\/static.hupso.com\/share\/js\/share_toolbar.js\"><\/script><!-- Hupso Share Buttons --><\/div>","protected":false},"author":1,"featured_media":0,"comment_status":"open","ping_status":"open","sticky":false,"template":"","format":"standard","meta":{"jetpack_post_was_ever_published":false,"_jetpack_newsletter_access":"","_jetpack_newsletter_tier_id":0,"jetpack_publicize_message":"","jetpack_is_tweetstorm":false,"jetpack_publicize_feature_enabled":true,"jetpack_social_post_already_shared":true,"jetpack_social_options":{"image_generator_settings":{"template":"highway","enabled":false}}},"categories":[1],"tags":[1670,1667,760],"jetpack_publicize_connections":[],"jetpack_featured_media_url":"","jetpack_shortlink":"https:\/\/wp.me\/p3bBgS-25t","jetpack_sharing_enabled":true,"jetpack_likes_enabled":true,"_links":{"self":[{"href":"http:\/\/delamanodemaria.com\/index.php?rest_route=\/wp\/v2\/posts\/8027"}],"collection":[{"href":"http:\/\/delamanodemaria.com\/index.php?rest_route=\/wp\/v2\/posts"}],"about":[{"href":"http:\/\/delamanodemaria.com\/index.php?rest_route=\/wp\/v2\/types\/post"}],"author":[{"embeddable":true,"href":"http:\/\/delamanodemaria.com\/index.php?rest_route=\/wp\/v2\/users\/1"}],"replies":[{"embeddable":true,"href":"http:\/\/delamanodemaria.com\/index.php?rest_route=%2Fwp%2Fv2%2Fcomments&post=8027"}],"version-history":[{"count":1,"href":"http:\/\/delamanodemaria.com\/index.php?rest_route=\/wp\/v2\/posts\/8027\/revisions"}],"predecessor-version":[{"id":8028,"href":"http:\/\/delamanodemaria.com\/index.php?rest_route=\/wp\/v2\/posts\/8027\/revisions\/8028"}],"wp:attachment":[{"href":"http:\/\/delamanodemaria.com\/index.php?rest_route=%2Fwp%2Fv2%2Fmedia&parent=8027"}],"wp:term":[{"taxonomy":"category","embeddable":true,"href":"http:\/\/delamanodemaria.com\/index.php?rest_route=%2Fwp%2Fv2%2Fcategories&post=8027"},{"taxonomy":"post_tag","embeddable":true,"href":"http:\/\/delamanodemaria.com\/index.php?rest_route=%2Fwp%2Fv2%2Ftags&post=8027"}],"curies":[{"name":"wp","href":"https:\/\/api.w.org\/{rel}","templated":true}]}}