{"id":8072,"date":"2016-11-28T13:02:00","date_gmt":"2016-11-28T17:02:00","guid":{"rendered":"http:\/\/delamanodemaria.com\/?p=8072"},"modified":"2016-11-28T13:02:00","modified_gmt":"2016-11-28T17:02:00","slug":"oracion-en-el-portico-del-adviento","status":"publish","type":"post","link":"http:\/\/delamanodemaria.com\/?p=8072","title":{"rendered":"ORACI\u00d3N EN EL P\u00d3RTICO DEL ADVIENTO"},"content":{"rendered":"<p><img decoding=\"async\" loading=\"lazy\" class=\"alignnone size-full wp-image-8074\" src=\"http:\/\/delamanodemaria.com\/wp-content\/uploads\/2016\/11\/Adviento-espera.jpg\" alt=\"adviento-espera\" width=\"588\" height=\"329\" srcset=\"http:\/\/delamanodemaria.com\/wp-content\/uploads\/2016\/11\/Adviento-espera.jpg 588w, http:\/\/delamanodemaria.com\/wp-content\/uploads\/2016\/11\/Adviento-espera-300x168.jpg 300w, http:\/\/delamanodemaria.com\/wp-content\/uploads\/2016\/11\/Adviento-espera-500x280.jpg 500w\" sizes=\"(max-width: 588px) 100vw, 588px\" \/><\/p>\n<p>El s\u00e1bado pasado asistimos a un retiro de Adviento, y juntos recitamos\u00a0esta bella oraci\u00f3n muy apropiada para este tiempo de comienzo del Adviento, que es tiempo de espera y anticipaci\u00f3n gozosas. La comparto con ustedes para que la oren y la mediten durante este tiempo lit\u00fargico tan especial.<\/p>\n<p style=\"text-align: center;\"><strong>ORACI\u00d3N EN EL P\u00d3RTICO DEL ADVIENTO<\/strong><\/p>\n<p style=\"text-align: center;\">Se\u00f1or, en tu nombre, al comenzar el Adviento, levantamos nuestra mirada para contemplar la salvaci\u00f3n que nos traes.<\/p>\n<p style=\"text-align: center;\">Que tu Palabra nos haga vigilantes a tu venida, responsables a la hora de vivir la fe, y generosos para actuar desde la caridad.<\/p>\n<p style=\"text-align: center;\">Nos gozamos en tu presencia, Se\u00f1or. Haz que los d\u00edas de nuestra vida est\u00e9n llenos de tu paz.<\/p>\n<p style=\"text-align: center;\">Que este encuentro contigo celebrado desde la fe y la esperanza nos haga vigilantes a tu venida.<\/p>\n<p style=\"text-align: center;\">Te alabamos porque eres un Dios de salvaci\u00f3n. La humildad descubre que tus promesas de paz y felicidad eternas se cumplen en tu Hijo Jesucristo.<\/p>\n<p style=\"text-align: center;\">Su venida a nosotros al final de los tiempos nos anima a despertarnos de nuestros sue\u00f1os de pasividad y nuestras indiferencias ante la suerte y el destino de los que sufren.<\/p>\n<p style=\"text-align: center;\">Convi\u00e9rtenos a ti para que seamos instrumentos y mensajeros de tu paz que viene de ti.<\/p>\n<p style=\"text-align: center;\">Que en este Adviento nos pongamos en camino, a la luz de tu Evangelio, junto a toda la Iglesia para apresurar, vivir y comunicar un nuevo nacer de Dios en el seno de este mundo.<\/p>\n<p style=\"text-align: center;\">Se\u00f1or Jes\u00fas, T\u00fa eres la respuesta a nuestras inquietudes; el sentido de nuestra existencia. Conc\u00e9denos en este tiempo y siempre vivir centrados en ti, Mes\u00edas y Salvador nuestro.<\/p>\n<div style=\"padding-bottom:20px; padding-top:10px;\" class=\"hupso-share-buttons\"><!-- Hupso Share Buttons - https:\/\/www.hupso.com\/share\/ --><a class=\"hupso_toolbar\" href=\"https:\/\/www.hupso.com\/share\/\"><img src=\"http:\/\/static.hupso.com\/share\/buttons\/lang\/es\/share-medium.png\" style=\"border:0px; padding-top: 5px; float:left;\" alt=\"Share Button\"\/><\/a><script type=\"text\/javascript\">var hupso_services_t=new Array(\"Twitter\",\"Facebook\",\"Google Plus\",\"Pinterest\",\"Linkedin\",\"Email\",\"Print\");var hupso_background_t=\"#EAF4FF\";var hupso_border_t=\"#66CCFF\";var hupso_toolbar_size_t=\"medium\";var hupso_image_folder_url = \"\";var hupso_twitter_via=\"hectorops\";var hupso_url_t=\"\";var hupso_title_t=\"ORACI%C3%93N%20EN%20EL%20P%C3%93RTICO%20DEL%20ADVIENTO\";<\/script><script type=\"text\/javascript\" src=\"http:\/\/static.hupso.com\/share\/js\/share_toolbar.js\"><\/script><!-- Hupso Share Buttons --><\/div>","protected":false},"excerpt":{"rendered":"<p>El s\u00e1bado pasado asistimos a un retiro de Adviento, y juntos recitamos\u00a0esta bella oraci\u00f3n muy apropiada para este tiempo de comienzo del Adviento, que es tiempo de espera y anticipaci\u00f3n gozosas. La comparto con ustedes para que la oren y &hellip; <a href=\"http:\/\/delamanodemaria.com\/?p=8072\">Continue reading <span class=\"meta-nav\">&rarr;<\/span><\/a><\/p>\n<div style=\"padding-bottom:20px; padding-top:10px;\" class=\"hupso-share-buttons\"><!-- Hupso Share Buttons - https:\/\/www.hupso.com\/share\/ --><a class=\"hupso_toolbar\" href=\"https:\/\/www.hupso.com\/share\/\"><img src=\"http:\/\/static.hupso.com\/share\/buttons\/lang\/es\/share-medium.png\" style=\"border:0px; padding-top: 5px; float:left;\" alt=\"Share Button\"\/><\/a><script type=\"text\/javascript\">var hupso_services_t=new Array(\"Twitter\",\"Facebook\",\"Google Plus\",\"Pinterest\",\"Linkedin\",\"Email\",\"Print\");var hupso_background_t=\"#EAF4FF\";var hupso_border_t=\"#66CCFF\";var hupso_toolbar_size_t=\"medium\";var hupso_image_folder_url = \"\";var hupso_twitter_via=\"hectorops\";var hupso_url_t=\"\";var hupso_title_t=\"ORACI%C3%93N%20EN%20EL%20P%C3%93RTICO%20DEL%20ADVIENTO\";<\/script><script type=\"text\/javascript\" src=\"http:\/\/static.hupso.com\/share\/js\/share_toolbar.js\"><\/script><!-- Hupso Share Buttons --><\/div>","protected":false},"author":1,"featured_media":0,"comment_status":"open","ping_status":"open","sticky":false,"template":"","format":"standard","meta":{"jetpack_post_was_ever_published":false,"_jetpack_newsletter_access":"","_jetpack_newsletter_tier_id":0,"jetpack_publicize_message":"","jetpack_is_tweetstorm":false,"jetpack_publicize_feature_enabled":true,"jetpack_social_post_already_shared":true,"jetpack_social_options":{"image_generator_settings":{"template":"highway","enabled":false}}},"categories":[1],"tags":[330,1127,1128,344,130,138,279,87,1682,310],"jetpack_publicize_connections":[],"jetpack_featured_media_url":"","jetpack_shortlink":"https:\/\/wp.me\/p3bBgS-26c","jetpack_sharing_enabled":true,"jetpack_likes_enabled":true,"_links":{"self":[{"href":"http:\/\/delamanodemaria.com\/index.php?rest_route=\/wp\/v2\/posts\/8072"}],"collection":[{"href":"http:\/\/delamanodemaria.com\/index.php?rest_route=\/wp\/v2\/posts"}],"about":[{"href":"http:\/\/delamanodemaria.com\/index.php?rest_route=\/wp\/v2\/types\/post"}],"author":[{"embeddable":true,"href":"http:\/\/delamanodemaria.com\/index.php?rest_route=\/wp\/v2\/users\/1"}],"replies":[{"embeddable":true,"href":"http:\/\/delamanodemaria.com\/index.php?rest_route=%2Fwp%2Fv2%2Fcomments&post=8072"}],"version-history":[{"count":3,"href":"http:\/\/delamanodemaria.com\/index.php?rest_route=\/wp\/v2\/posts\/8072\/revisions"}],"predecessor-version":[{"id":8076,"href":"http:\/\/delamanodemaria.com\/index.php?rest_route=\/wp\/v2\/posts\/8072\/revisions\/8076"}],"wp:attachment":[{"href":"http:\/\/delamanodemaria.com\/index.php?rest_route=%2Fwp%2Fv2%2Fmedia&parent=8072"}],"wp:term":[{"taxonomy":"category","embeddable":true,"href":"http:\/\/delamanodemaria.com\/index.php?rest_route=%2Fwp%2Fv2%2Fcategories&post=8072"},{"taxonomy":"post_tag","embeddable":true,"href":"http:\/\/delamanodemaria.com\/index.php?rest_route=%2Fwp%2Fv2%2Ftags&post=8072"}],"curies":[{"name":"wp","href":"https:\/\/api.w.org\/{rel}","templated":true}]}}