{"id":8085,"date":"2016-12-01T11:03:34","date_gmt":"2016-12-01T15:03:34","guid":{"rendered":"http:\/\/delamanodemaria.com\/?p=8085"},"modified":"2016-12-01T13:36:48","modified_gmt":"2016-12-01T17:36:48","slug":"calendario-de-adviento-con-accion-28-dias-28-desafios","status":"publish","type":"post","link":"http:\/\/delamanodemaria.com\/?p=8085","title":{"rendered":"Calendario de Adviento con acci\u00f3n &#8211; 28 d\u00edas, 28 desaf\u00edos"},"content":{"rendered":"<p><img decoding=\"async\" loading=\"lazy\" class=\"alignnone size-full wp-image-997 aligncenter\" src=\"http:\/\/delamanodemaria.com\/wp-content\/uploads\/2013\/05\/papa-Francisco_AP.jpg\" alt=\"papa-Francisco_AP\" width=\"460\" height=\"257\" srcset=\"http:\/\/delamanodemaria.com\/wp-content\/uploads\/2013\/05\/papa-Francisco_AP.jpg 460w, http:\/\/delamanodemaria.com\/wp-content\/uploads\/2013\/05\/papa-Francisco_AP-300x167.jpg 300w\" sizes=\"(max-width: 460px) 100vw, 460px\" \/><\/p>\n<p>Queridos hermanos y hermanas:<\/p>\n<p>Compartimos con ustedes este enlace para descargar un calendario con un\u00a0&#8220;desaf\u00edo&#8221; para cada d\u00eda de Adviento que nos ayudar\u00e1 a vivir mejor esta \u00e9poca tan hermosa que es el Adviento; tiempo de espera, tiempo de preparaci\u00f3n, tiempo de anticipaci\u00f3n.<\/p>\n<p>El mismo est\u00e1 tomado de la p\u00e1gina web de &#8220;Cat\u00f3licos con acci\u00f3n&#8221; y est\u00e1 inspirado en las palabras del papa Francisco &#8220;Fuiste creado para cosas grandes&#8221;. S\u00ed, t\u00fa y yo&#8230;<\/p>\n<p><em>\u201cCada uno a veces sue\u00f1a cosas que nunca van a suceder, pero so\u00f1alas, des\u00e9alas, busca horizontes, abrite, abrite a cosas grandes\u2026 Abrite y so\u00f1\u00e1. So\u00f1\u00e1 que el mundo con vos puede ser distinto. So\u00f1\u00e1 que si vos pon\u00e9s lo mejor de vos, vas a ayudar a que ese mundo sea distinto. No se olviden, sue\u00f1en. Por ah\u00ed se les va la mano y sue\u00f1an demasiado, y la vida les corta el camino. No importa, sue\u00f1en. Y cuenten sus sue\u00f1os. Cuenten, hablen de las cosas grandes que desean, porque cuanto m\u00e1s grande es la capacidad de so\u00f1ar, y la vida te deja a mitad camino, m\u00e1s camino has recorrido. As\u00ed que, primero, so\u00f1ar\u2026\u201d<\/em><\/p>\n<p><em>(Papa Francisco)<\/em><em>\u00a0<\/em><\/p>\n<p><a href=\"https:\/\/catolicosconaccion.files.wordpress.com\/2016\/11\/catolicos-con-accion-final.pdf\" target=\"_blank\">Pulsar aqu\u00ed para descargar el calendario<\/a>.<\/p>\n<div style=\"padding-bottom:20px; padding-top:10px;\" class=\"hupso-share-buttons\"><!-- Hupso Share Buttons - https:\/\/www.hupso.com\/share\/ --><a class=\"hupso_toolbar\" href=\"https:\/\/www.hupso.com\/share\/\"><img src=\"http:\/\/static.hupso.com\/share\/buttons\/lang\/es\/share-medium.png\" style=\"border:0px; padding-top: 5px; float:left;\" alt=\"Share Button\"\/><\/a><script type=\"text\/javascript\">var hupso_services_t=new Array(\"Twitter\",\"Facebook\",\"Google Plus\",\"Pinterest\",\"Linkedin\",\"Email\",\"Print\");var hupso_background_t=\"#EAF4FF\";var hupso_border_t=\"#66CCFF\";var hupso_toolbar_size_t=\"medium\";var hupso_image_folder_url = \"\";var hupso_twitter_via=\"hectorops\";var hupso_url_t=\"\";var hupso_title_t=\"Calendario%20de%20Adviento%20con%20acci%C3%B3n%20-%2028%20d%C3%ADas%2C%2028%20desaf%C3%ADos\";<\/script><script type=\"text\/javascript\" src=\"http:\/\/static.hupso.com\/share\/js\/share_toolbar.js\"><\/script><!-- Hupso Share Buttons --><\/div>","protected":false},"excerpt":{"rendered":"<p>Queridos hermanos y hermanas: Compartimos con ustedes este enlace para descargar un calendario con un\u00a0&#8220;desaf\u00edo&#8221; para cada d\u00eda de Adviento que nos ayudar\u00e1 a vivir mejor esta \u00e9poca tan hermosa que es el Adviento; tiempo de espera, tiempo de preparaci\u00f3n, &hellip; <a href=\"http:\/\/delamanodemaria.com\/?p=8085\">Continue reading <span class=\"meta-nav\">&rarr;<\/span><\/a><\/p>\n<div style=\"padding-bottom:20px; padding-top:10px;\" class=\"hupso-share-buttons\"><!-- Hupso Share Buttons - https:\/\/www.hupso.com\/share\/ --><a class=\"hupso_toolbar\" href=\"https:\/\/www.hupso.com\/share\/\"><img src=\"http:\/\/static.hupso.com\/share\/buttons\/lang\/es\/share-medium.png\" style=\"border:0px; padding-top: 5px; float:left;\" alt=\"Share Button\"\/><\/a><script type=\"text\/javascript\">var hupso_services_t=new Array(\"Twitter\",\"Facebook\",\"Google Plus\",\"Pinterest\",\"Linkedin\",\"Email\",\"Print\");var hupso_background_t=\"#EAF4FF\";var hupso_border_t=\"#66CCFF\";var hupso_toolbar_size_t=\"medium\";var hupso_image_folder_url = \"\";var hupso_twitter_via=\"hectorops\";var hupso_url_t=\"\";var hupso_title_t=\"Calendario%20de%20Adviento%20con%20acci%C3%B3n%20-%2028%20d%C3%ADas%2C%2028%20desaf%C3%ADos\";<\/script><script type=\"text\/javascript\" src=\"http:\/\/static.hupso.com\/share\/js\/share_toolbar.js\"><\/script><!-- Hupso Share Buttons --><\/div>","protected":false},"author":1,"featured_media":0,"comment_status":"open","ping_status":"open","sticky":false,"template":"","format":"standard","meta":{"jetpack_post_was_ever_published":false,"_jetpack_newsletter_access":"","_jetpack_newsletter_tier_id":0,"jetpack_publicize_message":"","jetpack_is_tweetstorm":false,"jetpack_publicize_feature_enabled":true,"jetpack_social_post_already_shared":true,"jetpack_social_options":{"image_generator_settings":{"template":"highway","enabled":false}}},"categories":[1],"tags":[1690,1644,1689,1688,760],"jetpack_publicize_connections":[],"jetpack_featured_media_url":"","jetpack_shortlink":"https:\/\/wp.me\/p3bBgS-26p","jetpack_sharing_enabled":true,"jetpack_likes_enabled":true,"_links":{"self":[{"href":"http:\/\/delamanodemaria.com\/index.php?rest_route=\/wp\/v2\/posts\/8085"}],"collection":[{"href":"http:\/\/delamanodemaria.com\/index.php?rest_route=\/wp\/v2\/posts"}],"about":[{"href":"http:\/\/delamanodemaria.com\/index.php?rest_route=\/wp\/v2\/types\/post"}],"author":[{"embeddable":true,"href":"http:\/\/delamanodemaria.com\/index.php?rest_route=\/wp\/v2\/users\/1"}],"replies":[{"embeddable":true,"href":"http:\/\/delamanodemaria.com\/index.php?rest_route=%2Fwp%2Fv2%2Fcomments&post=8085"}],"version-history":[{"count":2,"href":"http:\/\/delamanodemaria.com\/index.php?rest_route=\/wp\/v2\/posts\/8085\/revisions"}],"predecessor-version":[{"id":8087,"href":"http:\/\/delamanodemaria.com\/index.php?rest_route=\/wp\/v2\/posts\/8085\/revisions\/8087"}],"wp:attachment":[{"href":"http:\/\/delamanodemaria.com\/index.php?rest_route=%2Fwp%2Fv2%2Fmedia&parent=8085"}],"wp:term":[{"taxonomy":"category","embeddable":true,"href":"http:\/\/delamanodemaria.com\/index.php?rest_route=%2Fwp%2Fv2%2Fcategories&post=8085"},{"taxonomy":"post_tag","embeddable":true,"href":"http:\/\/delamanodemaria.com\/index.php?rest_route=%2Fwp%2Fv2%2Ftags&post=8085"}],"curies":[{"name":"wp","href":"https:\/\/api.w.org\/{rel}","templated":true}]}}