{"id":8088,"date":"2016-12-01T21:15:18","date_gmt":"2016-12-02T01:15:18","guid":{"rendered":"http:\/\/delamanodemaria.com\/?p=8088"},"modified":"2016-12-01T21:15:18","modified_gmt":"2016-12-02T01:15:18","slug":"reflexion-para-el-viernes-de-la-primera-semana-de-adviento-02-12-16","status":"publish","type":"post","link":"http:\/\/delamanodemaria.com\/?p=8088","title":{"rendered":"REFLEXI\u00d3N PARA EL VIERNES DE LA PRIMERA SEMANA DE ADVIENTO 02-12-16"},"content":{"rendered":"<p><img decoding=\"async\" loading=\"lazy\" class=\"alignnone size-full wp-image-8089\" src=\"http:\/\/delamanodemaria.com\/wp-content\/uploads\/2016\/12\/abrazo-jesus.jpg\" alt=\"abrazo-jesus\" width=\"603\" height=\"320\" srcset=\"http:\/\/delamanodemaria.com\/wp-content\/uploads\/2016\/12\/abrazo-jesus.jpg 603w, http:\/\/delamanodemaria.com\/wp-content\/uploads\/2016\/12\/abrazo-jesus-300x159.jpg 300w, http:\/\/delamanodemaria.com\/wp-content\/uploads\/2016\/12\/abrazo-jesus-500x265.jpg 500w\" sizes=\"(max-width: 603px) 100vw, 603px\" \/><\/p>\n<p>Isa\u00edas, el profeta del Adviento, contin\u00faa dominando la liturgia para este tiempo tan especial. En la primera lectura de hoy (Is 29,17-24), el profeta anuncia que \u201cpronto, muy pronto\u2026 oir\u00e1n los sordos las palabras del libro; sin tinieblas ni oscuridad ver\u00e1n los ojos de los ciegos\u201d. Ese prodigio, entre otros, se convertir\u00e1 en el signo de que el Mes\u00edas ha llegado.<\/p>\n<p>En el relato evang\u00e9lico seguimos con Mateo, que nos presenta a Jes\u00fas abriendo los ojos de dos ciegos (Mt 9,27-31). As\u00ed se da el cumplimiento de la profec\u00eda de Isa\u00edas, lo que prueba que los tiempos mesi\u00e1nicos ya han llegado con la persona de Jes\u00fas de Nazaret. Y como en tantos otros casos, la fe es un factor esencial para que se efect\u00fae el milagro: \u201cJes\u00fas les dijo: \u2018\u00bfCre\u00e9is que puedo hacerlo?\u2019 A lo que ellos replicaron: \u2018S\u00ed, Se\u00f1or.\u2019 Entonces les toc\u00f3 los ojos, diciendo: \u2018Que os suceda conforme a vuestra fe.\u2019 Y se les abrieron los ojos\u201d. A pesar de que Jes\u00fas les \u201corden\u00f3 severamente\u201d que no contaran su curaci\u00f3n milagrosa a nadie, ellos, \u201cal salir, hablaron de \u00e9l por toda la comarca\u201d.<\/p>\n<p>Los ciegos del relato creyeron en Jes\u00fas y creyeron que \u00c9l pod\u00eda curar su ceguera. Y su fe fue recompensada. Tuvieron un encuentro personal con Jes\u00fas y sintieron su poder. La actitud de ellos de salir a contar a todos lo sucedido es la reacci\u00f3n natural de todo el que ha tenido un encuentro personal con Jes\u00fas. El que ha tenido esa experiencia siente un gozo, una alegr\u00eda, que tiene que compartir con todo el que encuentra en su camino. Es la verdadera \u201calegr\u00eda del cristiano\u201d.<\/p>\n<p>Nuestro problema es que muchas veces nos conformamos con una imagen est\u00e1tica de Jes\u00fas, nuestra relaci\u00f3n con \u00c9l se limita a ritos, estampitas, im\u00e1genes y crucifijos, y no abrimos nuestros corazones para dejarle entrar, para tener un encuentro personal, \u00edntimo con \u00c9l, para sentir el calor de su abrazo; ese abrazo misericordioso en el que hayamos descanso para nuestras almas (Mt 11,29).<\/p>\n<p>En ocasiones miramos a nuestro alrededor y vemos el caos, la violencia, el desamor que aparenta reinar en nuestro entorno, y pensamos que las promesas de Isa\u00edas no se han cumplido. Eso es se\u00f1al de que no hemos tenido ese encuentro personal con Jes\u00fas, porque si lo hubi\u00e9semos tenido, estar\u00edamos grit\u00e1ndolo a los siete vientos; y contagiar\u00edamos a otros con ese gozo indescriptible hasta convertirlo en una epidemia de amor.<\/p>\n<p>Pero para poder tener esa experiencia de Jes\u00fas no podemos cruzarnos de brazos. Como nos dijo el papa Francisco en la misa del primer domingo de Adviento, este \u201ces un tiempo para caminar e ir al encuentro del Se\u00f1or, es decir, un tiempo para no estar parado\u201d. Pero lo mejor de todo es que Jes\u00fas nunca deja de sorprendernos. Por eso el Papa a\u00f1adi\u00f3: \u201cEstoy en camino para encontrarlo a \u00c9l, en camino para encontrarme, y cuando nos encontremos veamos que la gran sorpresa es que \u00c9l me est\u00e1 buscando, antes de que yo comenzara a buscarlo\u201d.<\/p>\n<p>Se trata de ese Dios-con-nosotros que viene constantemente a nuestro encuentro y solo espera que le abramos nuestro coraz\u00f3n para fundirse con nosotros. Si est\u00e1s preparado reconocer\u00e1s su voz y le abrir\u00e1s (<em>Cfr<\/em>. Ap 3,20).<\/p>\n<p>Y el Adviento es tiempo de preparaci\u00f3n, tiempo de espera, tiempo de anticipaci\u00f3n. \u00a1Aprov\u00e9chalo, y ver\u00e1s c\u00f3mo \u00c9l te sorprender\u00e1!<\/p>\n<div style=\"padding-bottom:20px; padding-top:10px;\" class=\"hupso-share-buttons\"><!-- Hupso Share Buttons - https:\/\/www.hupso.com\/share\/ --><a class=\"hupso_toolbar\" href=\"https:\/\/www.hupso.com\/share\/\"><img src=\"http:\/\/static.hupso.com\/share\/buttons\/lang\/es\/share-medium.png\" style=\"border:0px; padding-top: 5px; float:left;\" alt=\"Share Button\"\/><\/a><script type=\"text\/javascript\">var hupso_services_t=new Array(\"Twitter\",\"Facebook\",\"Google Plus\",\"Pinterest\",\"Linkedin\",\"Email\",\"Print\");var hupso_background_t=\"#EAF4FF\";var hupso_border_t=\"#66CCFF\";var hupso_toolbar_size_t=\"medium\";var hupso_image_folder_url = \"\";var hupso_twitter_via=\"hectorops\";var hupso_url_t=\"\";var hupso_title_t=\"REFLEXI%C3%93N%20PARA%20EL%20VIERNES%20DE%20LA%20PRIMERA%20SEMANA%20DE%20ADVIENTO%2002-12-16\";<\/script><script type=\"text\/javascript\" src=\"http:\/\/static.hupso.com\/share\/js\/share_toolbar.js\"><\/script><!-- Hupso Share Buttons --><\/div>","protected":false},"excerpt":{"rendered":"<p>Isa\u00edas, el profeta del Adviento, contin\u00faa dominando la liturgia para este tiempo tan especial. En la primera lectura de hoy (Is 29,17-24), el profeta anuncia que \u201cpronto, muy pronto\u2026 oir\u00e1n los sordos las palabras del libro; sin tinieblas ni oscuridad &hellip; <a href=\"http:\/\/delamanodemaria.com\/?p=8088\">Continue reading <span class=\"meta-nav\">&rarr;<\/span><\/a><\/p>\n<div style=\"padding-bottom:20px; padding-top:10px;\" class=\"hupso-share-buttons\"><!-- Hupso Share Buttons - https:\/\/www.hupso.com\/share\/ --><a class=\"hupso_toolbar\" href=\"https:\/\/www.hupso.com\/share\/\"><img src=\"http:\/\/static.hupso.com\/share\/buttons\/lang\/es\/share-medium.png\" style=\"border:0px; padding-top: 5px; float:left;\" alt=\"Share Button\"\/><\/a><script type=\"text\/javascript\">var hupso_services_t=new Array(\"Twitter\",\"Facebook\",\"Google Plus\",\"Pinterest\",\"Linkedin\",\"Email\",\"Print\");var hupso_background_t=\"#EAF4FF\";var hupso_border_t=\"#66CCFF\";var hupso_toolbar_size_t=\"medium\";var hupso_image_folder_url = \"\";var hupso_twitter_via=\"hectorops\";var hupso_url_t=\"\";var hupso_title_t=\"REFLEXI%C3%93N%20PARA%20EL%20VIERNES%20DE%20LA%20PRIMERA%20SEMANA%20DE%20ADVIENTO%2002-12-16\";<\/script><script type=\"text\/javascript\" src=\"http:\/\/static.hupso.com\/share\/js\/share_toolbar.js\"><\/script><!-- Hupso Share Buttons --><\/div>","protected":false},"author":1,"featured_media":0,"comment_status":"open","ping_status":"open","sticky":false,"template":"","format":"standard","meta":{"jetpack_post_was_ever_published":false,"_jetpack_newsletter_access":"","_jetpack_newsletter_tier_id":0,"jetpack_publicize_message":"","jetpack_is_tweetstorm":false,"jetpack_publicize_feature_enabled":true,"jetpack_social_post_already_shared":true,"jetpack_social_options":{"image_generator_settings":{"template":"highway","enabled":false}}},"categories":[1],"tags":[1356,596,330,374,1127,1620,302,392,616,1128,371,1204,760,803,2],"jetpack_publicize_connections":[],"jetpack_featured_media_url":"","jetpack_shortlink":"https:\/\/wp.me\/p3bBgS-26s","jetpack_sharing_enabled":true,"jetpack_likes_enabled":true,"_links":{"self":[{"href":"http:\/\/delamanodemaria.com\/index.php?rest_route=\/wp\/v2\/posts\/8088"}],"collection":[{"href":"http:\/\/delamanodemaria.com\/index.php?rest_route=\/wp\/v2\/posts"}],"about":[{"href":"http:\/\/delamanodemaria.com\/index.php?rest_route=\/wp\/v2\/types\/post"}],"author":[{"embeddable":true,"href":"http:\/\/delamanodemaria.com\/index.php?rest_route=\/wp\/v2\/users\/1"}],"replies":[{"embeddable":true,"href":"http:\/\/delamanodemaria.com\/index.php?rest_route=%2Fwp%2Fv2%2Fcomments&post=8088"}],"version-history":[{"count":1,"href":"http:\/\/delamanodemaria.com\/index.php?rest_route=\/wp\/v2\/posts\/8088\/revisions"}],"predecessor-version":[{"id":8090,"href":"http:\/\/delamanodemaria.com\/index.php?rest_route=\/wp\/v2\/posts\/8088\/revisions\/8090"}],"wp:attachment":[{"href":"http:\/\/delamanodemaria.com\/index.php?rest_route=%2Fwp%2Fv2%2Fmedia&parent=8088"}],"wp:term":[{"taxonomy":"category","embeddable":true,"href":"http:\/\/delamanodemaria.com\/index.php?rest_route=%2Fwp%2Fv2%2Fcategories&post=8088"},{"taxonomy":"post_tag","embeddable":true,"href":"http:\/\/delamanodemaria.com\/index.php?rest_route=%2Fwp%2Fv2%2Ftags&post=8088"}],"curies":[{"name":"wp","href":"https:\/\/api.w.org\/{rel}","templated":true}]}}