{"id":809,"date":"2013-04-12T16:21:32","date_gmt":"2013-04-12T20:21:32","guid":{"rendered":"http:\/\/delamanodemaria.com\/?p=809"},"modified":"2013-04-12T16:21:32","modified_gmt":"2013-04-12T20:21:32","slug":"pontificado-del-papa-francisco-sera-consagrado-a-nuestra-senora-de-fatima","status":"publish","type":"post","link":"http:\/\/delamanodemaria.com\/?p=809","title":{"rendered":"Pontificado del Papa Francisco ser\u00e1 consagrado a Nuestra Se\u00f1ora de F\u00e1tima"},"content":{"rendered":"<p><a href=\"http:\/\/delamanodemaria.com\/wp-content\/uploads\/2013\/03\/Para-Francisco.jpg\"><img decoding=\"async\" loading=\"lazy\" class=\"size-full wp-image-607 aligncenter\" alt=\"Para Francisco\" src=\"http:\/\/delamanodemaria.com\/wp-content\/uploads\/2013\/03\/Para-Francisco.jpg\" width=\"831\" height=\"960\" srcset=\"http:\/\/delamanodemaria.com\/wp-content\/uploads\/2013\/03\/Para-Francisco.jpg 831w, http:\/\/delamanodemaria.com\/wp-content\/uploads\/2013\/03\/Para-Francisco-259x300.jpg 259w\" sizes=\"(max-width: 831px) 100vw, 831px\" \/><\/a><\/p>\n<p><b>F\u00e1tima (Viernes, 12-04-2013, Gaudium Press)<\/b> El Servicio de Prensa del Santuario de F\u00e1tima, en Portugal, inform\u00f3 que el pontificado del Papa Francisco ser\u00e1 consagrado a Nuestra Se\u00f1ora de F\u00e1tima el d\u00eda 13 de mayo, en el Santuario, en la Cova de la Ir\u00eda.<\/p>\n<p>La consagraci\u00f3n formar\u00e1 parte de la programaci\u00f3n de la peregrinaci\u00f3n internacional del 12 y 13 de mayo, que ser\u00e1 presidida por el arzobispo de R\u00edo de Janeiro, Mons. Orani Tempesta. La decisi\u00f3n fue tomada por los obispos portugueses que est\u00e1n reunidos en Asamblea General desde el \u00faltimo d\u00eda 8 de abril, en F\u00e1tima y atiende al pedido que el Papa Francisco dirigi\u00f3 al cardenal-patriarca de Lisboa, Mons. Jos\u00e9 Policarpo.<\/p>\n<p>Mons. Policarpo, presidente del organismo m\u00e1ximo del episcopado portugu\u00e9s, en el discurso de apertura del encuentro dijo: &#8220;El Papa Francisco me pidi\u00f3 dos veces que consagrase su nuevo ministerio a Nuestra Se\u00f1ora de F\u00e1tima. Es mandato que puedo cumplir en el silencio de la oraci\u00f3n. Pero ser\u00eda bello que toda la Conferencia Episcopal se asociase a la realizaci\u00f3n de este pedido&#8221;.<\/p>\n<p>El cardenal-patriarca invit\u00f3 al Papa a visitar Portugal, durante el encuentro que el Pont\u00edfice tuvo con los miembros del Colegio Cardenalicio presentes en el Vaticano por ocasi\u00f3n del C\u00f3nclave, el 14 de marzo: &#8220;Luego despu\u00e9s del saludo final le dije que a nosotros nos gustar\u00eda mucho recibirlo&#8221;, dijo Mons. Jos\u00e9 Policarpo en conferencia de prensa ocurrida en la ocasi\u00f3n.<\/p>\n<p>La peregrinaci\u00f3n internacional de los pr\u00f3ximos d\u00edas 12 y 13 de mayo al Santuario de F\u00e1tima transcurre 96 a\u00f1os despu\u00e9s de la primera aparici\u00f3n de la Virgen Mar\u00eda a Lucia y a los beatos Francisco y Jacinta, el 13 de mayo de 1917.<\/p>\n<p>Contenido publicado en <a href=\"http:\/\/es.gaudiumpress.org\/\">es.gaudiumpress.org<\/a>, en el enlace <a href=\"http:\/\/es.gaudiumpress.org\/content\/45768#ixzz2QHYpPcqa\">http:\/\/es.gaudiumpress.org\/content\/45768#ixzz2QHYpPcqa<\/a><br \/>\nSe autoriza su publicaci\u00f3n desde que cite la fuente.<\/p>\n<div style=\"padding-bottom:20px; padding-top:10px;\" class=\"hupso-share-buttons\"><!-- Hupso Share Buttons - https:\/\/www.hupso.com\/share\/ --><a class=\"hupso_toolbar\" href=\"https:\/\/www.hupso.com\/share\/\"><img src=\"http:\/\/static.hupso.com\/share\/buttons\/lang\/es\/share-medium.png\" style=\"border:0px; padding-top: 5px; float:left;\" alt=\"Share Button\"\/><\/a><script type=\"text\/javascript\">var hupso_services_t=new Array(\"Twitter\",\"Facebook\",\"Google Plus\",\"Pinterest\",\"Linkedin\",\"Email\",\"Print\");var hupso_background_t=\"#EAF4FF\";var hupso_border_t=\"#66CCFF\";var hupso_toolbar_size_t=\"medium\";var hupso_image_folder_url = \"\";var hupso_twitter_via=\"hectorops\";var hupso_url_t=\"\";var hupso_title_t=\"Pontificado%20del%20Papa%20Francisco%20ser%C3%A1%20consagrado%20a%20Nuestra%20Se%C3%B1ora%20de%20F%C3%A1tima\";<\/script><script type=\"text\/javascript\" src=\"http:\/\/static.hupso.com\/share\/js\/share_toolbar.js\"><\/script><!-- Hupso Share Buttons --><\/div>","protected":false},"excerpt":{"rendered":"<p>F\u00e1tima (Viernes, 12-04-2013, Gaudium Press) El Servicio de Prensa del Santuario de F\u00e1tima, en Portugal, inform\u00f3 que el pontificado del Papa Francisco ser\u00e1 consagrado a Nuestra Se\u00f1ora de F\u00e1tima el d\u00eda 13 de mayo, en el Santuario, en la Cova &hellip; <a href=\"http:\/\/delamanodemaria.com\/?p=809\">Continue reading <span class=\"meta-nav\">&rarr;<\/span><\/a><\/p>\n<div style=\"padding-bottom:20px; padding-top:10px;\" class=\"hupso-share-buttons\"><!-- Hupso Share Buttons - https:\/\/www.hupso.com\/share\/ --><a class=\"hupso_toolbar\" href=\"https:\/\/www.hupso.com\/share\/\"><img src=\"http:\/\/static.hupso.com\/share\/buttons\/lang\/es\/share-medium.png\" style=\"border:0px; padding-top: 5px; float:left;\" alt=\"Share Button\"\/><\/a><script type=\"text\/javascript\">var hupso_services_t=new Array(\"Twitter\",\"Facebook\",\"Google Plus\",\"Pinterest\",\"Linkedin\",\"Email\",\"Print\");var hupso_background_t=\"#EAF4FF\";var hupso_border_t=\"#66CCFF\";var hupso_toolbar_size_t=\"medium\";var hupso_image_folder_url = \"\";var hupso_twitter_via=\"hectorops\";var hupso_url_t=\"\";var hupso_title_t=\"Pontificado%20del%20Papa%20Francisco%20ser%C3%A1%20consagrado%20a%20Nuestra%20Se%C3%B1ora%20de%20F%C3%A1tima\";<\/script><script type=\"text\/javascript\" src=\"http:\/\/static.hupso.com\/share\/js\/share_toolbar.js\"><\/script><!-- Hupso Share Buttons --><\/div>","protected":false},"author":1,"featured_media":0,"comment_status":"open","ping_status":"open","sticky":false,"template":"","format":"standard","meta":{"jetpack_post_was_ever_published":false,"_jetpack_newsletter_access":"","_jetpack_newsletter_tier_id":0,"jetpack_publicize_message":"","jetpack_is_tweetstorm":false,"jetpack_publicize_feature_enabled":true,"jetpack_social_post_already_shared":true,"jetpack_social_options":{"image_generator_settings":{"template":"highway","enabled":false}}},"categories":[1],"tags":[94,35,8,6,11],"jetpack_publicize_connections":[],"jetpack_featured_media_url":"","jetpack_shortlink":"https:\/\/wp.me\/p3bBgS-d3","jetpack_sharing_enabled":true,"jetpack_likes_enabled":true,"_links":{"self":[{"href":"http:\/\/delamanodemaria.com\/index.php?rest_route=\/wp\/v2\/posts\/809"}],"collection":[{"href":"http:\/\/delamanodemaria.com\/index.php?rest_route=\/wp\/v2\/posts"}],"about":[{"href":"http:\/\/delamanodemaria.com\/index.php?rest_route=\/wp\/v2\/types\/post"}],"author":[{"embeddable":true,"href":"http:\/\/delamanodemaria.com\/index.php?rest_route=\/wp\/v2\/users\/1"}],"replies":[{"embeddable":true,"href":"http:\/\/delamanodemaria.com\/index.php?rest_route=%2Fwp%2Fv2%2Fcomments&post=809"}],"version-history":[{"count":1,"href":"http:\/\/delamanodemaria.com\/index.php?rest_route=\/wp\/v2\/posts\/809\/revisions"}],"predecessor-version":[{"id":810,"href":"http:\/\/delamanodemaria.com\/index.php?rest_route=\/wp\/v2\/posts\/809\/revisions\/810"}],"wp:attachment":[{"href":"http:\/\/delamanodemaria.com\/index.php?rest_route=%2Fwp%2Fv2%2Fmedia&parent=809"}],"wp:term":[{"taxonomy":"category","embeddable":true,"href":"http:\/\/delamanodemaria.com\/index.php?rest_route=%2Fwp%2Fv2%2Fcategories&post=809"},{"taxonomy":"post_tag","embeddable":true,"href":"http:\/\/delamanodemaria.com\/index.php?rest_route=%2Fwp%2Fv2%2Ftags&post=809"}],"curies":[{"name":"wp","href":"https:\/\/api.w.org\/{rel}","templated":true}]}}