{"id":8096,"date":"2016-12-03T20:47:41","date_gmt":"2016-12-04T00:47:41","guid":{"rendered":"http:\/\/delamanodemaria.com\/?p=8096"},"modified":"2016-12-03T20:47:41","modified_gmt":"2016-12-04T00:47:41","slug":"reflexion-para-el-segundo-domingo-de-adviento-a-04-12-16","status":"publish","type":"post","link":"http:\/\/delamanodemaria.com\/?p=8096","title":{"rendered":"REFLEXI\u00d3N PARA EL SEGUNDO DOMINGO DE ADVIENTO (A) 04-12-16"},"content":{"rendered":"<p><img decoding=\"async\" loading=\"lazy\" class=\"alignnone size-full wp-image-2484\" src=\"http:\/\/delamanodemaria.com\/wp-content\/uploads\/2013\/12\/2do-Adviento.jpg\" alt=\"2do Adviento\" width=\"576\" height=\"520\" srcset=\"http:\/\/delamanodemaria.com\/wp-content\/uploads\/2013\/12\/2do-Adviento.jpg 576w, http:\/\/delamanodemaria.com\/wp-content\/uploads\/2013\/12\/2do-Adviento-300x270.jpg 300w, http:\/\/delamanodemaria.com\/wp-content\/uploads\/2013\/12\/2do-Adviento-332x300.jpg 332w\" sizes=\"(max-width: 576px) 100vw, 576px\" \/><\/p>\n<p>La liturgia contin\u00faa su recorrido por el Adviento y nos hallamos en el segundo domingo. La liturgia para el primer domingo nos tra\u00eda como tema principal la espera de la segunda venida del Se\u00f1or, el \u201cma\u00f1ana\u201d, el sentido escatol\u00f3gico del Adviento. Por eso la liturgia nos invitaba a estar \u201cvigilantes\u201d, en espera.<\/p>\n<p>En esta segunda semana el tema de las lecturas es la venida del Se\u00f1or en el tiempo presente, el \u201choy\u201d. La liturgia de este domingo nos invita a la <strong><em>conversi\u00f3n<\/em><\/strong>, que es la nota predominante de la predicaci\u00f3n de Juan el Bautista en el Evangelio que leemos hoy (Mt 3,1-12) y se proyectar\u00e1 hasta la tercera semana de Adviento. Durante esta semana la liturgia nos exhorta a reflexionar sobre las palabras de Juan: \u201cUna voz grita en el desierto: \u2018Preparad el camino del Se\u00f1or, allanad sus senderos\u2019\u201d, porque Jes\u00fas llega. Mateo nos quiere dejar saber que la actividad de Juan es el cumplimiento de la profec\u00eda de Isa\u00edas, y para eso echa mano de un texto del profeta (40,3-5): \u201c\u00a1Preparen en el desierto el camino del Se\u00f1or, tracen en la estepa un sendero para nuestro Dios! \u00a1Que se rellenen todos los valles y se aplanen todas las monta\u00f1as y colinas; que las quebradas se conviertan en llanuras y los terrenos escarpados, en planicies! Entonces se revelar\u00e1 la gloria del Se\u00f1or y todos los hombres la ver\u00e1n juntamente, porque ha hablado la boca del Se\u00f1or\u201d.<\/p>\n<p>Y, \u00bfqu\u00e9 mejor manera de \u201cpreparar el camino\u201d que buscando reconciliarnos con el Se\u00f1or? En aqu\u00e9l entonces Juan predicaba un \u201cbautismo de conversi\u00f3n para perd\u00f3n de los pecados\u201d como preparaci\u00f3n para la llegada del Salvador. <em>Hoy, durante esta segunda semana de Adviento, la Iglesia nos invita a acudir al sacramento de la reconciliaci\u00f3n<\/em>, que nos reconcilia con Dios y nos devuelve la amistad que hab\u00edamos perdido por el pecado. De este modo, cuando llegue la Navidad, estaremos en posici\u00f3n de unirnos sacramentalmente con Jes\u00fas y nuestros hermanos en la Eucarist\u00eda, del mismo modo que los disc\u00edpulos de Juan Bautista estuvieron en disposici\u00f3n de recibir y aceptar a Jes\u00fas cuando se hizo entre ellos.<\/p>\n<p>Durante esta semana podemos buscar en los diferentes templos que tenemos cerca, los horarios de confesiones disponibles, para que cuando llegue la Navidad, estemos bien preparados interiormente, uni\u00e9ndonos a Jes\u00fas y a nuestros hermanos en la Eucarist\u00eda. No dejemos pasar esta oportunidad que se nos brinda. El momento es AHORA. \u00a1Anda, an\u00edmate!<\/p>\n<p>\u201cOh Dios y Padre nuestro: Tu Esp\u00edritu de sabidur\u00eda y poder estaba vivo y operante en Jes\u00fas, tu Hijo. Derrama sobre nosotros ese mismo Esp\u00edritu, para que demos hoy testimonio de tu fidelidad y tu amor. Y danos siempre hermanos inspirados por ti -profetas como Juan el Bautista &#8211; que nos despierten cuando nos sentimos auto-satisfechos, y nos inspiren a preparar el camino para la plena venida de Jesucristo, nuestro Se\u00f1or y Salvador, por los siglos de los siglos.\u201d (Oraci\u00f3n despu\u00e9s de la comuni\u00f3n).<\/p>\n<p>Que el Esp\u00edritu ilumine nuestro camino a la conversi\u00f3n de coraz\u00f3n, para que podamos un d\u00eda fundirnos en uno con nuestro Se\u00f1or y Salvador. \u00a1Ven Se\u00f1or Jes\u00fas!<\/p>\n<div style=\"padding-bottom:20px; padding-top:10px;\" class=\"hupso-share-buttons\"><!-- Hupso Share Buttons - https:\/\/www.hupso.com\/share\/ --><a class=\"hupso_toolbar\" href=\"https:\/\/www.hupso.com\/share\/\"><img src=\"http:\/\/static.hupso.com\/share\/buttons\/lang\/es\/share-medium.png\" style=\"border:0px; padding-top: 5px; float:left;\" alt=\"Share Button\"\/><\/a><script type=\"text\/javascript\">var hupso_services_t=new Array(\"Twitter\",\"Facebook\",\"Google Plus\",\"Pinterest\",\"Linkedin\",\"Email\",\"Print\");var hupso_background_t=\"#EAF4FF\";var hupso_border_t=\"#66CCFF\";var hupso_toolbar_size_t=\"medium\";var hupso_image_folder_url = \"\";var hupso_twitter_via=\"hectorops\";var hupso_url_t=\"\";var hupso_title_t=\"REFLEXI%C3%93N%20PARA%20EL%20SEGUNDO%20DOMINGO%20DE%20ADVIENTO%20%28A%29%2004-12-16\";<\/script><script type=\"text\/javascript\" src=\"http:\/\/static.hupso.com\/share\/js\/share_toolbar.js\"><\/script><!-- Hupso Share Buttons --><\/div>","protected":false},"excerpt":{"rendered":"<p>La liturgia contin\u00faa su recorrido por el Adviento y nos hallamos en el segundo domingo. La liturgia para el primer domingo nos tra\u00eda como tema principal la espera de la segunda venida del Se\u00f1or, el \u201cma\u00f1ana\u201d, el sentido escatol\u00f3gico del &hellip; <a href=\"http:\/\/delamanodemaria.com\/?p=8096\">Continue reading <span class=\"meta-nav\">&rarr;<\/span><\/a><\/p>\n<div style=\"padding-bottom:20px; padding-top:10px;\" class=\"hupso-share-buttons\"><!-- Hupso Share Buttons - https:\/\/www.hupso.com\/share\/ --><a class=\"hupso_toolbar\" href=\"https:\/\/www.hupso.com\/share\/\"><img src=\"http:\/\/static.hupso.com\/share\/buttons\/lang\/es\/share-medium.png\" style=\"border:0px; padding-top: 5px; float:left;\" alt=\"Share Button\"\/><\/a><script type=\"text\/javascript\">var hupso_services_t=new Array(\"Twitter\",\"Facebook\",\"Google Plus\",\"Pinterest\",\"Linkedin\",\"Email\",\"Print\");var hupso_background_t=\"#EAF4FF\";var hupso_border_t=\"#66CCFF\";var hupso_toolbar_size_t=\"medium\";var hupso_image_folder_url = \"\";var hupso_twitter_via=\"hectorops\";var hupso_url_t=\"\";var hupso_title_t=\"REFLEXI%C3%93N%20PARA%20EL%20SEGUNDO%20DOMINGO%20DE%20ADVIENTO%20%28A%29%2004-12-16\";<\/script><script type=\"text\/javascript\" src=\"http:\/\/static.hupso.com\/share\/js\/share_toolbar.js\"><\/script><!-- Hupso Share Buttons --><\/div>","protected":false},"author":1,"featured_media":0,"comment_status":"open","ping_status":"open","sticky":false,"template":"","format":"standard","meta":{"jetpack_post_was_ever_published":false,"_jetpack_newsletter_access":"","_jetpack_newsletter_tier_id":0,"jetpack_publicize_message":"","jetpack_is_tweetstorm":false,"jetpack_publicize_feature_enabled":true,"jetpack_social_post_already_shared":true,"jetpack_social_options":{"image_generator_settings":{"template":"highway","enabled":false}}},"categories":[1],"tags":[330,1644,1693,537,370,12,1287,96,371,163,372,2,82,1694],"jetpack_publicize_connections":[],"jetpack_featured_media_url":"","jetpack_shortlink":"https:\/\/wp.me\/p3bBgS-26A","jetpack_sharing_enabled":true,"jetpack_likes_enabled":true,"_links":{"self":[{"href":"http:\/\/delamanodemaria.com\/index.php?rest_route=\/wp\/v2\/posts\/8096"}],"collection":[{"href":"http:\/\/delamanodemaria.com\/index.php?rest_route=\/wp\/v2\/posts"}],"about":[{"href":"http:\/\/delamanodemaria.com\/index.php?rest_route=\/wp\/v2\/types\/post"}],"author":[{"embeddable":true,"href":"http:\/\/delamanodemaria.com\/index.php?rest_route=\/wp\/v2\/users\/1"}],"replies":[{"embeddable":true,"href":"http:\/\/delamanodemaria.com\/index.php?rest_route=%2Fwp%2Fv2%2Fcomments&post=8096"}],"version-history":[{"count":2,"href":"http:\/\/delamanodemaria.com\/index.php?rest_route=\/wp\/v2\/posts\/8096\/revisions"}],"predecessor-version":[{"id":8099,"href":"http:\/\/delamanodemaria.com\/index.php?rest_route=\/wp\/v2\/posts\/8096\/revisions\/8099"}],"wp:attachment":[{"href":"http:\/\/delamanodemaria.com\/index.php?rest_route=%2Fwp%2Fv2%2Fmedia&parent=8096"}],"wp:term":[{"taxonomy":"category","embeddable":true,"href":"http:\/\/delamanodemaria.com\/index.php?rest_route=%2Fwp%2Fv2%2Fcategories&post=8096"},{"taxonomy":"post_tag","embeddable":true,"href":"http:\/\/delamanodemaria.com\/index.php?rest_route=%2Fwp%2Fv2%2Ftags&post=8096"}],"curies":[{"name":"wp","href":"https:\/\/api.w.org\/{rel}","templated":true}]}}