{"id":8179,"date":"2016-12-17T21:14:28","date_gmt":"2016-12-18T01:14:28","guid":{"rendered":"http:\/\/delamanodemaria.com\/?p=8179"},"modified":"2016-12-17T21:14:28","modified_gmt":"2016-12-18T01:14:28","slug":"reflexion-para-el-cuarto-domingo-de-adviento-a-18-12-16","status":"publish","type":"post","link":"http:\/\/delamanodemaria.com\/?p=8179","title":{"rendered":"REFLEXI\u00d3N PARA EL CUARTO DOMINGO DE ADVIENTO (A) 18-12-16"},"content":{"rendered":"<p><img decoding=\"async\" loading=\"lazy\" class=\"alignnone size-full wp-image-2614\" src=\"http:\/\/delamanodemaria.com\/wp-content\/uploads\/2013\/12\/adviento-hogar.jpg\" alt=\"\" width=\"600\" height=\"589\" srcset=\"http:\/\/delamanodemaria.com\/wp-content\/uploads\/2013\/12\/adviento-hogar.jpg 600w, http:\/\/delamanodemaria.com\/wp-content\/uploads\/2013\/12\/adviento-hogar-300x294.jpg 300w, http:\/\/delamanodemaria.com\/wp-content\/uploads\/2013\/12\/adviento-hogar-305x300.jpg 305w\" sizes=\"(max-width: 600px) 100vw, 600px\" \/><\/p>\n<p>Hace dos d\u00edas celebramos la memoria de la <a href=\"http:\/\/delamanodemaria.com\/?p=8165\" target=\"_blank\">Expectaci\u00f3n del parto de la Sant\u00edsima Virgen Mar\u00eda<\/a>. Seg\u00fan sigue llegando a su fin el Adviento, las lecturas contin\u00faan repiti\u00e9ndose, como cuando uno sabe que algo grande est\u00e1 a punto de suceder, y se sorprende repitiendo una frase o un nombre, producto de anticipar ese momento esperado. As\u00ed la primera y segunda lecturas (Is 7,10-14; Rm 1,-1-7) y el Evangelio (Mt 1,18-24) para este cuarto domingo de Adviento nos recuerdan las profec\u00edas que hemos estado escuchando, especialmente del \u201cprofeta del Adviento\u201d.<\/p>\n<p>Con la primera lectura la liturgia nos recuerda lo que dentro de apenas seis d\u00edas estaremos celebrando: \u201cMirad: la virgen est\u00e1 encinta y da a luz un hijo, y le pondr\u00e1 por nombre Emmanuel, que significa \u201c\u2018Dios-con-nosotros\u2019\u201d.<\/p>\n<p>En el Evangelio, Mateo nos recuerda que el nacimiento de Jes\u00fas es el cumplimiento de la profec\u00eda que leemos en la primera lectura. La segunda lectura nos reitera que Jes\u00fas es el Hijo de Dios que hab\u00eda sido prometido por los profetas: \u201cEste Evangelio, prometido ya por sus profetas en las Escrituras santas, se refiere a su Hijo, nacido, seg\u00fan la carne, de la estirpe de David; constituido, seg\u00fan el Esp\u00edritu Santo, Hijo de Dios, con pleno poder por su resurrecci\u00f3n de la muerte: Jesucristo, nuestro Se\u00f1or\u201d. Nos dice adem\u00e1s que esa Buena Noticia (Evangelio) no est\u00e1 limitada al pueblo jud\u00edo, sino a todos los pueblos (nosotros): \u201cPor \u00e9l hemos recibido este don y esta misi\u00f3n: hacer que todos los gentiles respondan a la fe, para gloria de su nombre. Entre ellos est\u00e1is tambi\u00e9n vosotros, llamados por Cristo Jes\u00fas\u201d.<\/p>\n<p>Estas lecturas son un ejemplo de lo que anteriormente hemos llamado la perspectiva hist\u00f3rica, o del pasado, que nos presenta el \u201cadviento\u201d que vivi\u00f3 el pueblo de Israel durante pr\u00e1cticamente todo el Antiguo Testamento, esperando, anticipando, preparando la llegada del mes\u00edas que iba a liberar a su pueblo de la opresi\u00f3n, y c\u00f3mo en Mar\u00eda se hacen realidad todas esas expectativas mesi\u00e1nicas del pueblo jud\u00edo. Su \u201cs\u00ed\u201d, su \u201ch\u00e1gase\u201d hizo posible la \u201cplenitud de los tiempos\u201d que marc\u00f3 el momento para el nacimiento del Hijo de Dios (<em>Cfr<\/em>. G\u00e1l 4,4). Como dijera san Juan Pablo II: \u201cDesde la perspectiva de la historia humana, la plenitud de los tiempos es una fecha concreta. Es la noche en que el Hijo de Dios vino al mundo en Bel\u00e9n, seg\u00fan lo anunciado por los profetas\u201d.<\/p>\n<p>Estamos a escasos seis d\u00edas de esa noche. La liturgia nos ha llevado <em>in crescendo<\/em> hasta este momento en que nos encontramos en el umbral de la Navidad. Es el momento de hacer inventario\u2026 \u00bfHemos vivido un verdadero Adviento? \u00bfEstamos preparados para recibir al Ni\u00f1o Dios? \u00bfNos hemos reconciliado con nuestros hermanos, con nosotros mismos y con Dios? \u00bfHemos dispuesto nuestro pesebre interior para que la Virgen coloque en \u00c9l a nuestro Se\u00f1or y Salvador, como lo hizo aquella noche en Bel\u00e9n? Es la perspectiva presente, el \u201choy\u201d del Adviento.<\/p>\n<p>Todav\u00eda estamos a tiempo (\u00c9l nunca se cansa de esperarnos). En este cuarto domingo de Adviento, ac\u00e9rcate la casa del Padre y reconc\u00edliate con \u00c9l. Entonces sabr\u00e1s lo que es la verdadera Navidad.<\/p>\n<div style=\"padding-bottom:20px; padding-top:10px;\" class=\"hupso-share-buttons\"><!-- Hupso Share Buttons - https:\/\/www.hupso.com\/share\/ --><a class=\"hupso_toolbar\" href=\"https:\/\/www.hupso.com\/share\/\"><img src=\"http:\/\/static.hupso.com\/share\/buttons\/lang\/es\/share-medium.png\" style=\"border:0px; padding-top: 5px; float:left;\" alt=\"Share Button\"\/><\/a><script type=\"text\/javascript\">var hupso_services_t=new Array(\"Twitter\",\"Facebook\",\"Google Plus\",\"Pinterest\",\"Linkedin\",\"Email\",\"Print\");var hupso_background_t=\"#EAF4FF\";var hupso_border_t=\"#66CCFF\";var hupso_toolbar_size_t=\"medium\";var hupso_image_folder_url = \"\";var hupso_twitter_via=\"hectorops\";var hupso_url_t=\"\";var hupso_title_t=\"REFLEXI%C3%93N%20PARA%20EL%20CUARTO%20DOMINGO%20DE%20ADVIENTO%20%28A%29%2018-12-16\";<\/script><script type=\"text\/javascript\" src=\"http:\/\/static.hupso.com\/share\/js\/share_toolbar.js\"><\/script><!-- Hupso Share Buttons --><\/div>","protected":false},"excerpt":{"rendered":"<p>Hace dos d\u00edas celebramos la memoria de la Expectaci\u00f3n del parto de la Sant\u00edsima Virgen Mar\u00eda. Seg\u00fan sigue llegando a su fin el Adviento, las lecturas contin\u00faan repiti\u00e9ndose, como cuando uno sabe que algo grande est\u00e1 a punto de suceder, &hellip; <a href=\"http:\/\/delamanodemaria.com\/?p=8179\">Continue reading <span class=\"meta-nav\">&rarr;<\/span><\/a><\/p>\n<div style=\"padding-bottom:20px; padding-top:10px;\" class=\"hupso-share-buttons\"><!-- Hupso Share Buttons - https:\/\/www.hupso.com\/share\/ --><a class=\"hupso_toolbar\" href=\"https:\/\/www.hupso.com\/share\/\"><img src=\"http:\/\/static.hupso.com\/share\/buttons\/lang\/es\/share-medium.png\" style=\"border:0px; padding-top: 5px; float:left;\" alt=\"Share Button\"\/><\/a><script type=\"text\/javascript\">var hupso_services_t=new Array(\"Twitter\",\"Facebook\",\"Google Plus\",\"Pinterest\",\"Linkedin\",\"Email\",\"Print\");var hupso_background_t=\"#EAF4FF\";var hupso_border_t=\"#66CCFF\";var hupso_toolbar_size_t=\"medium\";var hupso_image_folder_url = \"\";var hupso_twitter_via=\"hectorops\";var hupso_url_t=\"\";var hupso_title_t=\"REFLEXI%C3%93N%20PARA%20EL%20CUARTO%20DOMINGO%20DE%20ADVIENTO%20%28A%29%2018-12-16\";<\/script><script type=\"text\/javascript\" src=\"http:\/\/static.hupso.com\/share\/js\/share_toolbar.js\"><\/script><!-- Hupso Share Buttons --><\/div>","protected":false},"author":1,"featured_media":0,"comment_status":"open","ping_status":"open","sticky":false,"template":"","format":"image","meta":{"jetpack_post_was_ever_published":false,"_jetpack_newsletter_access":"","_jetpack_newsletter_tier_id":0,"jetpack_publicize_message":"","jetpack_is_tweetstorm":false,"jetpack_publicize_feature_enabled":true,"jetpack_social_post_already_shared":true,"jetpack_social_options":{"image_generator_settings":{"template":"highway","enabled":false}}},"categories":[1],"tags":[330,105,1730,607,392,391,1252,200,96,796,490,419,371,372,1126,1731,741,725,2,456],"jetpack_publicize_connections":[],"jetpack_featured_media_url":"","jetpack_shortlink":"https:\/\/wp.me\/p3bBgS-27V","jetpack_sharing_enabled":true,"jetpack_likes_enabled":true,"_links":{"self":[{"href":"http:\/\/delamanodemaria.com\/index.php?rest_route=\/wp\/v2\/posts\/8179"}],"collection":[{"href":"http:\/\/delamanodemaria.com\/index.php?rest_route=\/wp\/v2\/posts"}],"about":[{"href":"http:\/\/delamanodemaria.com\/index.php?rest_route=\/wp\/v2\/types\/post"}],"author":[{"embeddable":true,"href":"http:\/\/delamanodemaria.com\/index.php?rest_route=\/wp\/v2\/users\/1"}],"replies":[{"embeddable":true,"href":"http:\/\/delamanodemaria.com\/index.php?rest_route=%2Fwp%2Fv2%2Fcomments&post=8179"}],"version-history":[{"count":2,"href":"http:\/\/delamanodemaria.com\/index.php?rest_route=\/wp\/v2\/posts\/8179\/revisions"}],"predecessor-version":[{"id":8181,"href":"http:\/\/delamanodemaria.com\/index.php?rest_route=\/wp\/v2\/posts\/8179\/revisions\/8181"}],"wp:attachment":[{"href":"http:\/\/delamanodemaria.com\/index.php?rest_route=%2Fwp%2Fv2%2Fmedia&parent=8179"}],"wp:term":[{"taxonomy":"category","embeddable":true,"href":"http:\/\/delamanodemaria.com\/index.php?rest_route=%2Fwp%2Fv2%2Fcategories&post=8179"},{"taxonomy":"post_tag","embeddable":true,"href":"http:\/\/delamanodemaria.com\/index.php?rest_route=%2Fwp%2Fv2%2Ftags&post=8179"}],"curies":[{"name":"wp","href":"https:\/\/api.w.org\/{rel}","templated":true}]}}