{"id":8260,"date":"2016-12-29T16:12:57","date_gmt":"2016-12-29T20:12:57","guid":{"rendered":"http:\/\/delamanodemaria.com\/?p=8260"},"modified":"2016-12-29T16:34:40","modified_gmt":"2016-12-29T20:34:40","slug":"el-ano-nuevo-en-perspectiva-cristiana","status":"publish","type":"post","link":"http:\/\/delamanodemaria.com\/?p=8260","title":{"rendered":"EL A\u00d1O NUEVO EN PERSPECTIVA CRISTIANA"},"content":{"rendered":"<p><img decoding=\"async\" loading=\"lazy\" class=\"alignnone size-full wp-image-8261\" src=\"http:\/\/delamanodemaria.com\/wp-content\/uploads\/2016\/12\/juan-pablo18mayo.jpg\" alt=\"\" width=\"640\" height=\"350\" srcset=\"http:\/\/delamanodemaria.com\/wp-content\/uploads\/2016\/12\/juan-pablo18mayo.jpg 640w, http:\/\/delamanodemaria.com\/wp-content\/uploads\/2016\/12\/juan-pablo18mayo-300x164.jpg 300w, http:\/\/delamanodemaria.com\/wp-content\/uploads\/2016\/12\/juan-pablo18mayo-500x273.jpg 500w\" sizes=\"(max-width: 640px) 100vw, 640px\" \/><\/p>\n<p>A punto de concluir este a\u00f1o que ha estado lleno de pruebas para el mundo, nuestro pa\u00eds y nuestra vida personal, comparto con ustedes esta joya que he le\u00eddo hoy, de la pluma de san Juan Pablo II; un mensaje que sigue siendo\u00a0tan v\u00e1lido y relevante como lo fue hace treinta y cuatro a\u00f1os cuando fue escrito. Espero que lo disfruten y mediten como lo hice yo.<\/p>\n<p><strong><em>Audiencia general del Papa san Juan Pablo II el 29 de diciembre de 1982\u00a0<\/em><\/strong><\/p>\n<p>Queridos hermanos y hermanas:<\/p>\n<p>1. Esta \u00faltima audiencia general del a\u00f1o est\u00e1 toda ella impregnada de la luz de la Santa Navidad que acabamos de celebrar, y nos lleva adem\u00e1s a reflexionar sobre la inminente celebraci\u00f3n, tan rica de significado humano, del paso del a\u00f1o viejo al nuevo.<\/p>\n<p>En efecto, la historia del hombre, iluminada por el misterio del Dios hecho hombre, Nuestro Se\u00f1or Jesucristo, adquiere una clara orientaci\u00f3n hacia el mundo de lo divino.\u00a0 La fiesta de Navidad da un sentido cristiano a la sucesi\u00f3n de los acontecimientos y a los sentimientos humanos, proyectos y esperanzas, y permite descubrir en este r\u00edtmico y aparentemente mec\u00e1nico correr del tiempo, no s\u00f3lo las l\u00edneas de tendencia del peregrinaje humano, sino tambi\u00e9n los signos, las pruebas y las llamadas de la Providencia y Bondad Divina.<\/p>\n<p>2. \u00bfVamos hacia lo mejor? \u00bfVamos hacia lo peor?\u00a0<em>Para el cristiano no hay duda: la Redenci\u00f3n de Cristo, que comienza en la Santa Noche de Navidad, lleva progresivamente a la humanidad redimida y que acoge esta Redenci\u00f3n, al triunfo sobre el mal y sobre la muerte.<\/em><\/p>\n<p><em>Ciertamente a medida que se va hacia Dios aumentan pruebas y dificultades. Esto vale tanto para el camino de la Iglesia como para cada uno de los cristianos<\/em>. Las fuerzas hostiles a la verdad y a la justicia -como nos explica todo el libro del Apocalipsis- aumentan, en el curso de la historia, sus tramas y su violencia contra quien quiere seguir el camino del Redentor.<strong>\u00a0<\/strong><em>Por tanto, en definitiva, a pesar de los riesgos y las derrotas parciales, la historia marcha hacia el triunfo del bien, hacia la victoria final de Cristo.\u00a0<\/em><\/p>\n<p>3. As\u00ed, pues, para el cristiano el progreso hist\u00f3rico es una realidad y una esperanza cierta; no es sin embargo el simple resultado de una especie de proceso dial\u00e9ctico que nos exima de nuestro compromiso personal por la justicia y la santidad; y el hecho de estar colocados, mediante la Redenci\u00f3n, en una corriente de gracia divina que nos lleva hacia el Reino, no quita la lamentable posibilidad, por parte de cualquiera de nosotros, de substraerse voluntariamente a la fuerza ben\u00e9fica de ese influjo divino.<\/p>\n<p>En su significado profundo el verdadero progreso hist\u00f3rico que, como dice el Concilio Vaticano II (<em>Gaudium et spes<\/em>, 39), es preparaci\u00f3n al Reino de Dios, no puede m\u00e1s que ser el efecto de los esfuerzos humanos sostenidos por la fuerza redentora de la Sangre de Cristo. El Verbo Divino, al encarnarse, redimi\u00f3 el tiempo y la historia, llev\u00e1ndoles hacia la salvaci\u00f3n del hombre y su bienaventuranza en la visi\u00f3n beat\u00edfica y d\u00e1ndoles un impulso progresivo incontenible, si bien contrastado.<\/p>\n<p>4. <em>La Sagrada Familia de Nazaret es el modelo de todas las familias cristianas.<\/em><\/p>\n<p>Vale especialmente para la familia el problema que nos hemos planteado en t\u00e9rminos generales: \u00bfLos valores de la familia est\u00e1n decayendo? \u00bfLos valores de la familia se est\u00e1n reforzando? Tambi\u00e9n aqu\u00ed nuestra respuesta de fe no puede ser m\u00e1s que una respuesta de esperanza y de sano optimismo cristiano, que no cierra los ojos a la gravedad de los fen\u00f3menos involutivos reales, sino que sabe reconocer tambi\u00e9n los fen\u00f3menos de crecimiento y saca de las dificultades que ofrecen ciertos procesos de decadencia la ocasi\u00f3n para una b\u00fasqueda m\u00e1s fervorosa de la santidad y de un valiente testimonio tambi\u00e9n en este sector fundamental de la vida, como es el de la familia.<\/p>\n<p>El a\u00f1o lit\u00fargico, con sus festividades peri\u00f3dicas que tienden a recordarnos y hacernos vivir los principales fundamentos del pensar y el actuar cristiano, es un inestimable don de Dios, presente en nuestra historia: un don, se puede decir, de la Santa Navidad. Las festividades lit\u00fargicas sostienen de este modo nuestra fidelidad al mensaje evang\u00e9lico, permiti\u00e9ndonos al mismo tiempo hacer fructificar continuamente su infinita virtualidad.<\/p>\n<p><em>La fiesta de la Sagrada Familia es uno de los principales puntos luminosos que nos ofrece la liturgia en nuestro camino terreno<\/em>; con ellos podemos comprender el significado escatol\u00f3gico del tiempo y c\u00f3mo verdaderamente Cristo, elevado en la Cruz, atrae a S\u00ed todas las cosas (cf. Jn 12, 32)<\/p>\n<p>5. La liturgia, de la que estamos viviendo en estos d\u00edas algunos momentos particularmente intensos, nos ilumina as\u00ed acerca del sentido del tiempo y de la historia, por lo cual, si surge en nosotros la impresi\u00f3n de que el mal est\u00e1 aumentando y triunfando, ella nos responde con el misterio de la Navidad, que nos introduce en el\u00a0 misterio de la Cruz.<\/p>\n<p><em>NO AUMENTA EL MAL, AUMENTAN LAS PRUEBAS. Y puesto que Dios, junto con la prueba da tambi\u00e9n la fuerza para superarla (cf. I Cor 10, 13), la abundancia del mal, que nos quiere herir y seducir, termina por transformarse en una sobreabundancia de bien y de gloria<\/em>. Por eso San Pablo pudo decir que\u00a0<em>&#8220;donde abund\u00f3 el pecado sobreabund\u00f3 la gracia&#8221;<\/em> (Rom, 5, 20).<\/p>\n<p><em>En el curso del tiempo aumentan los ataques contra el Reino de Dios y contra los que quieren seguir piadosamente a Cristo; pero aumenta tambi\u00e9n el don de fortaleza que les concede el Esp\u00edritu Santo, de modo que al final todo se resuelve en la victoria para cuantos han permanecido fieles.<\/em><\/p>\n<p><em>Esta es, queridos hermanos y hermanas, la perspectiva con la que debemos encaminarnos a afrontar y vivir el a\u00f1o nuevo que tenemos delante.<\/em><\/p>\n<p>La vida de aqu\u00ed abajo no es por s\u00ed misma, un c\u00f3modo y garantizado viaje hacia lo mejor. Desde los primeros a\u00f1os de nuestra vida nos damos cuenta de ello si tenemos los ojos abiertos. Lo mejor es ciertamente una perspectiva real; la humanidad, guiada por el Pueblo de Dios, est\u00e1 marchando en esta direcci\u00f3n; pero para cada uno de nosotros esta marcha hacia lo &#8220;mejor&#8221; no est\u00e1 privada de riesgos y de dificultades; y sobre todo est\u00e1 sometida cada d\u00eda a la prueba de nuestra responsabilidad, debe ser el objeto de una elecci\u00f3n libre.<\/p>\n<p>La luz de Bel\u00e9n y la luz del Pesebre nos indican la direcci\u00f3n hacia lo mejor, nos hablan de la victoria final del bien, nos animan a caminar con esperanza y sin miedo,\u00a0<em>&#8220;sin apartarnos ni a la derecha ni a la izquierda&#8221;<\/em>(Jos 23, 6)<\/p>\n<p><em>Joannes Paulus II<\/em><\/p>\n<div style=\"padding-bottom:20px; padding-top:10px;\" class=\"hupso-share-buttons\"><!-- Hupso Share Buttons - https:\/\/www.hupso.com\/share\/ --><a class=\"hupso_toolbar\" href=\"https:\/\/www.hupso.com\/share\/\"><img src=\"http:\/\/static.hupso.com\/share\/buttons\/lang\/es\/share-medium.png\" style=\"border:0px; padding-top: 5px; float:left;\" alt=\"Share Button\"\/><\/a><script type=\"text\/javascript\">var hupso_services_t=new Array(\"Twitter\",\"Facebook\",\"Google Plus\",\"Pinterest\",\"Linkedin\",\"Email\",\"Print\");var hupso_background_t=\"#EAF4FF\";var hupso_border_t=\"#66CCFF\";var hupso_toolbar_size_t=\"medium\";var hupso_image_folder_url = \"\";var hupso_twitter_via=\"hectorops\";var hupso_url_t=\"\";var hupso_title_t=\"EL%20A%C3%91O%20NUEVO%20EN%20PERSPECTIVA%20CRISTIANA\";<\/script><script type=\"text\/javascript\" src=\"http:\/\/static.hupso.com\/share\/js\/share_toolbar.js\"><\/script><!-- Hupso Share Buttons --><\/div>","protected":false},"excerpt":{"rendered":"<p>A punto de concluir este a\u00f1o que ha estado lleno de pruebas para el mundo, nuestro pa\u00eds y nuestra vida personal, comparto con ustedes esta joya que he le\u00eddo hoy, de la pluma de san Juan Pablo II; un mensaje &hellip; <a href=\"http:\/\/delamanodemaria.com\/?p=8260\">Continue reading <span class=\"meta-nav\">&rarr;<\/span><\/a><\/p>\n<div style=\"padding-bottom:20px; padding-top:10px;\" class=\"hupso-share-buttons\"><!-- Hupso Share Buttons - https:\/\/www.hupso.com\/share\/ --><a class=\"hupso_toolbar\" href=\"https:\/\/www.hupso.com\/share\/\"><img src=\"http:\/\/static.hupso.com\/share\/buttons\/lang\/es\/share-medium.png\" style=\"border:0px; padding-top: 5px; float:left;\" alt=\"Share Button\"\/><\/a><script type=\"text\/javascript\">var hupso_services_t=new Array(\"Twitter\",\"Facebook\",\"Google Plus\",\"Pinterest\",\"Linkedin\",\"Email\",\"Print\");var hupso_background_t=\"#EAF4FF\";var hupso_border_t=\"#66CCFF\";var hupso_toolbar_size_t=\"medium\";var hupso_image_folder_url = \"\";var hupso_twitter_via=\"hectorops\";var hupso_url_t=\"\";var hupso_title_t=\"EL%20A%C3%91O%20NUEVO%20EN%20PERSPECTIVA%20CRISTIANA\";<\/script><script type=\"text\/javascript\" src=\"http:\/\/static.hupso.com\/share\/js\/share_toolbar.js\"><\/script><!-- Hupso Share Buttons --><\/div>","protected":false},"author":1,"featured_media":0,"comment_status":"open","ping_status":"open","sticky":false,"template":"","format":"standard","meta":{"jetpack_post_was_ever_published":false,"_jetpack_newsletter_access":"","_jetpack_newsletter_tier_id":0,"jetpack_publicize_message":"","jetpack_is_tweetstorm":false,"jetpack_publicize_feature_enabled":true,"jetpack_social_post_already_shared":true,"jetpack_social_options":{"image_generator_settings":{"template":"highway","enabled":false}}},"categories":[1],"tags":[1121,409,1747,1749,155,315,56,1392,372,1748,293,491,472,401,574],"jetpack_publicize_connections":[],"jetpack_featured_media_url":"","jetpack_shortlink":"https:\/\/wp.me\/p3bBgS-29e","jetpack_sharing_enabled":true,"jetpack_likes_enabled":true,"_links":{"self":[{"href":"http:\/\/delamanodemaria.com\/index.php?rest_route=\/wp\/v2\/posts\/8260"}],"collection":[{"href":"http:\/\/delamanodemaria.com\/index.php?rest_route=\/wp\/v2\/posts"}],"about":[{"href":"http:\/\/delamanodemaria.com\/index.php?rest_route=\/wp\/v2\/types\/post"}],"author":[{"embeddable":true,"href":"http:\/\/delamanodemaria.com\/index.php?rest_route=\/wp\/v2\/users\/1"}],"replies":[{"embeddable":true,"href":"http:\/\/delamanodemaria.com\/index.php?rest_route=%2Fwp%2Fv2%2Fcomments&post=8260"}],"version-history":[{"count":3,"href":"http:\/\/delamanodemaria.com\/index.php?rest_route=\/wp\/v2\/posts\/8260\/revisions"}],"predecessor-version":[{"id":8265,"href":"http:\/\/delamanodemaria.com\/index.php?rest_route=\/wp\/v2\/posts\/8260\/revisions\/8265"}],"wp:attachment":[{"href":"http:\/\/delamanodemaria.com\/index.php?rest_route=%2Fwp%2Fv2%2Fmedia&parent=8260"}],"wp:term":[{"taxonomy":"category","embeddable":true,"href":"http:\/\/delamanodemaria.com\/index.php?rest_route=%2Fwp%2Fv2%2Fcategories&post=8260"},{"taxonomy":"post_tag","embeddable":true,"href":"http:\/\/delamanodemaria.com\/index.php?rest_route=%2Fwp%2Fv2%2Ftags&post=8260"}],"curies":[{"name":"wp","href":"https:\/\/api.w.org\/{rel}","templated":true}]}}