{"id":8266,"date":"2016-12-29T18:03:11","date_gmt":"2016-12-29T22:03:11","guid":{"rendered":"http:\/\/delamanodemaria.com\/?p=8266"},"modified":"2016-12-29T21:47:58","modified_gmt":"2016-12-30T01:47:58","slug":"reflexion-para-la-fiesta-de-la-sagrada-familia-a-30-12-16","status":"publish","type":"post","link":"http:\/\/delamanodemaria.com\/?p=8266","title":{"rendered":"REFLEXI\u00d3N PARA LA FIESTA DE LA SAGRADA FAMILIA (A) 30-12-16"},"content":{"rendered":"<p><img decoding=\"async\" loading=\"lazy\" class=\"alignnone size-full wp-image-2659\" src=\"http:\/\/delamanodemaria.com\/wp-content\/uploads\/2013\/12\/Sagrada-Familia.jpg\" alt=\"\" width=\"600\" height=\"449\" srcset=\"http:\/\/delamanodemaria.com\/wp-content\/uploads\/2013\/12\/Sagrada-Familia.jpg 600w, http:\/\/delamanodemaria.com\/wp-content\/uploads\/2013\/12\/Sagrada-Familia-300x224.jpg 300w, http:\/\/delamanodemaria.com\/wp-content\/uploads\/2013\/12\/Sagrada-Familia-400x300.jpg 400w\" sizes=\"(max-width: 600px) 100vw, 600px\" \/><\/p>\n<p>Hoy celebramos la Fiesta de la Sagrada Familia, y la liturgia nos presenta como lectura evang\u00e9lica (Mt 2,13-15.19-23) un pasaje entrelazado con el que le\u00edamos hace dos d\u00edas, <a href=\"http:\/\/delamanodemaria.com\/?p=8247\" target=\"_blank\">fiesta de los Santos Inocentes, M\u00e1rtires<\/a> (Mt 2,13-18).<\/p>\n<p>El Evangelio de hoy, le\u00eddo a la luz de la Fiesta de la Sagrada Familia que celebramos, nos presenta a Jos\u00e9 protegiendo a su familia, a Mar\u00eda y al Ni\u00f1o Dios. Pero hoy quiero hacer un par\u00e9ntesis\u00a0para resaltar el papel de Jos\u00e9 m\u00e1s all\u00e1 de estos\u00a0episodios; en el misterio de la encarnaci\u00f3n y en la historia de la salvaci\u00f3n.<\/p>\n<p>Hace poco tuve el privilegio de traducir del ingl\u00e9s al espa\u00f1ol un art\u00edculo de la autor\u00eda de una hermana Laica Dominica, <em>Ruth Anne Henderson, O.P.<\/em>, que encuentro sumamente\u00a0relevante para la fiesta que observamos hoy, en el cual\u00a0la autora muy acertadamente nos presenta la importancia de lo que ella llama la \u201canunciaci\u00f3n\u201d de Jos\u00e9 y, m\u00e1s a\u00fan, la trascendencia de su <strong><em>S\u00ed<\/em><\/strong>, que tiende a pasar desapercibida: \u201cLuego, cuando el \u00e1ngel le dice qui\u00e9n es el Padre del ni\u00f1o por nacer, presta su consentimiento de inmediato. Siempre hablamos de Mar\u00eda y de la naturaleza trascendental de su \u2018S\u00ed\u2019 en la anunciaci\u00f3n; pero Jos\u00e9 tambi\u00e9n tiene su anunciaci\u00f3n, y al igual que Mar\u00eda \u00e9l dice \u2018S\u00ed\u2019. Sin ese \u2018S\u00ed\u2019 la historia de nuestra relaci\u00f3n con Dios ser\u00eda muy distinta\u201d. <a href=\"http:\/\/www.fraternitiesop.com\/essay\/spirituality\/san-jose-un-modelo-para-los-laicos-dominicos\/#.WGV6PPkrK00\" target=\"_blank\">Los invito a leer ese art\u00edculo<\/a>, tan hermoso como provocador y profundo.<\/p>\n<p>La primera lectura, tomada del libro de Eclesi\u00e1stico (3,3-7.14-17) nos enfatiza la importancia del amor y respeto en las relaciones familiares, especialmente entre padres e hijos y madres e hijos, y c\u00f3mo ese amor y respeto son agradables a Dios: \u201cel que respeta a su padre tendr\u00e1 larga vida, al que honra a su madre el Se\u00f1or lo escucha\u201d. Jes\u00fas, a\u00fan despu\u00e9s de cobrar conciencia de su divinidad, y de manifest\u00e1rselo a sus padres, no dej\u00f3 por eso de cumplir con su obligaci\u00f3n de honrarles y obedecerles en todo. As\u00ed, en el pasaje del Ni\u00f1o perdido y hallado en el Templo, Lucas nos dice que luego que sus padres le \u201cencontraron\u201d en el Templo: \u201c\u00c9l baj\u00f3 con ellos a Nazaret y sigui\u00f3 bajo su autoridad\u201d (Lc 2,51a).<\/p>\n<p>En la Segunda lectura (Col 3,12-21) san Pablo enfatiza la armon\u00eda que debe existir en las familias, incluyendo las \u201cfamilias extendidas\u201d de nuestra comunidad, nuestra parroquia, nuestros grupos de fe: misericordia entra\u00f1able, bondad, humildad, dulzura, comprensi\u00f3n, perd\u00f3n, agradecimiento. Y que todo sea \u201cen nombre del Se\u00f1or Jes\u00fas, dando gracias a Dios Padre por medio de \u00e9l\u201d.<\/p>\n<p>La Fiesta lit\u00fargica de la Sagrada Familia nos presenta una faceta important\u00edsima del misterio de la Encarnaci\u00f3n. Dios pudo simplemente haber optado por \u201caparecer\u201d, pero opt\u00f3 por encarnarse en el seno de una familia como la tuya y la m\u00eda, la \u201cSagrada Familia\u201d, proporcion\u00e1ndonos de ese modo el modelo a seguir.<\/p>\n<p>Hoy, a un d\u00eda para despedir que a\u00f1o, es un buen momento para hacer introspecci\u00f3n sobre nuestras relaciones familiares, las relaciones con nuestros c\u00f3nyuges, con nuestros padres e hijos, con nuestros hermanos. \u00bfEst\u00e1n esas relaciones fundamentadas en el amor? \u00bfServimos de ejemplo a nuestros hijos para que nos obedezcan, no por autoritarismo, sino por amor? \u00bfHonramos y respetamos a nuestros padres y madres? \u201cEl que honra a su padre exp\u00eda sus pecados, el que respeta a su madre acumula tesoros\u201d (Eclo 3,3-4).<\/p>\n<p>En esta fiesta de la Sagrada Familia, pidamos al Se\u00f1or la gracia de permitir al Ni\u00f1o Dios hacer morada en nuestros hogares, y en nuestros corazones.<\/p>\n<div style=\"padding-bottom:20px; padding-top:10px;\" class=\"hupso-share-buttons\"><!-- Hupso Share Buttons - https:\/\/www.hupso.com\/share\/ --><a class=\"hupso_toolbar\" href=\"https:\/\/www.hupso.com\/share\/\"><img src=\"http:\/\/static.hupso.com\/share\/buttons\/lang\/es\/share-medium.png\" style=\"border:0px; padding-top: 5px; float:left;\" alt=\"Share Button\"\/><\/a><script type=\"text\/javascript\">var hupso_services_t=new Array(\"Twitter\",\"Facebook\",\"Google Plus\",\"Pinterest\",\"Linkedin\",\"Email\",\"Print\");var hupso_background_t=\"#EAF4FF\";var hupso_border_t=\"#66CCFF\";var hupso_toolbar_size_t=\"medium\";var hupso_image_folder_url = \"\";var hupso_twitter_via=\"hectorops\";var hupso_url_t=\"\";var hupso_title_t=\"REFLEXI%C3%93N%20PARA%20LA%20FIESTA%20DE%20LA%20SAGRADA%20FAMILIA%20%28A%29%2030-12-16\";<\/script><script type=\"text\/javascript\" src=\"http:\/\/static.hupso.com\/share\/js\/share_toolbar.js\"><\/script><!-- Hupso Share Buttons --><\/div>","protected":false},"excerpt":{"rendered":"<p>Hoy celebramos la Fiesta de la Sagrada Familia, y la liturgia nos presenta como lectura evang\u00e9lica (Mt 2,13-15.19-23) un pasaje entrelazado con el que le\u00edamos hace dos d\u00edas, fiesta de los Santos Inocentes, M\u00e1rtires (Mt 2,13-18). El Evangelio de hoy, &hellip; <a href=\"http:\/\/delamanodemaria.com\/?p=8266\">Continue reading <span class=\"meta-nav\">&rarr;<\/span><\/a><\/p>\n<div style=\"padding-bottom:20px; padding-top:10px;\" class=\"hupso-share-buttons\"><!-- Hupso Share Buttons - https:\/\/www.hupso.com\/share\/ --><a class=\"hupso_toolbar\" href=\"https:\/\/www.hupso.com\/share\/\"><img src=\"http:\/\/static.hupso.com\/share\/buttons\/lang\/es\/share-medium.png\" style=\"border:0px; padding-top: 5px; float:left;\" alt=\"Share Button\"\/><\/a><script type=\"text\/javascript\">var hupso_services_t=new Array(\"Twitter\",\"Facebook\",\"Google Plus\",\"Pinterest\",\"Linkedin\",\"Email\",\"Print\");var hupso_background_t=\"#EAF4FF\";var hupso_border_t=\"#66CCFF\";var hupso_toolbar_size_t=\"medium\";var hupso_image_folder_url = \"\";var hupso_twitter_via=\"hectorops\";var hupso_url_t=\"\";var hupso_title_t=\"REFLEXI%C3%93N%20PARA%20LA%20FIESTA%20DE%20LA%20SAGRADA%20FAMILIA%20%28A%29%2030-12-16\";<\/script><script type=\"text\/javascript\" src=\"http:\/\/static.hupso.com\/share\/js\/share_toolbar.js\"><\/script><!-- Hupso Share Buttons --><\/div>","protected":false},"author":1,"featured_media":0,"comment_status":"open","ping_status":"open","sticky":false,"template":"","format":"standard","meta":{"jetpack_post_was_ever_published":false,"_jetpack_newsletter_access":"","_jetpack_newsletter_tier_id":0,"jetpack_publicize_message":"","jetpack_is_tweetstorm":false,"jetpack_publicize_feature_enabled":true,"jetpack_social_post_already_shared":true,"jetpack_social_options":{"image_generator_settings":{"template":"highway","enabled":false}}},"categories":[1],"tags":[30,84,370,44,1007,85,415,1126,403,2,1751,401,119,398,456,1750],"jetpack_publicize_connections":[],"jetpack_featured_media_url":"","jetpack_shortlink":"https:\/\/wp.me\/p3bBgS-29k","jetpack_sharing_enabled":true,"jetpack_likes_enabled":true,"_links":{"self":[{"href":"http:\/\/delamanodemaria.com\/index.php?rest_route=\/wp\/v2\/posts\/8266"}],"collection":[{"href":"http:\/\/delamanodemaria.com\/index.php?rest_route=\/wp\/v2\/posts"}],"about":[{"href":"http:\/\/delamanodemaria.com\/index.php?rest_route=\/wp\/v2\/types\/post"}],"author":[{"embeddable":true,"href":"http:\/\/delamanodemaria.com\/index.php?rest_route=\/wp\/v2\/users\/1"}],"replies":[{"embeddable":true,"href":"http:\/\/delamanodemaria.com\/index.php?rest_route=%2Fwp%2Fv2%2Fcomments&post=8266"}],"version-history":[{"count":7,"href":"http:\/\/delamanodemaria.com\/index.php?rest_route=\/wp\/v2\/posts\/8266\/revisions"}],"predecessor-version":[{"id":8273,"href":"http:\/\/delamanodemaria.com\/index.php?rest_route=\/wp\/v2\/posts\/8266\/revisions\/8273"}],"wp:attachment":[{"href":"http:\/\/delamanodemaria.com\/index.php?rest_route=%2Fwp%2Fv2%2Fmedia&parent=8266"}],"wp:term":[{"taxonomy":"category","embeddable":true,"href":"http:\/\/delamanodemaria.com\/index.php?rest_route=%2Fwp%2Fv2%2Fcategories&post=8266"},{"taxonomy":"post_tag","embeddable":true,"href":"http:\/\/delamanodemaria.com\/index.php?rest_route=%2Fwp%2Fv2%2Ftags&post=8266"}],"curies":[{"name":"wp","href":"https:\/\/api.w.org\/{rel}","templated":true}]}}